{"id":449,"date":"2010-10-10T11:19:00","date_gmt":"2010-10-10T11:19:00","guid":{"rendered":"http:\/\/ricardovicentelopez.com.ar\/?p=449"},"modified":"2015-03-21T14:04:59","modified_gmt":"2015-03-21T14:04:59","slug":"no-es-sencillo-pero-es-necesario-ii","status":"publish","type":"post","link":"https:\/\/ricardovicentelopez.com.ar\/?p=449","title":{"rendered":"No es sencillo pero es necesario II"},"content":{"rendered":"<p>Entonces una explosi\u00f3n de intentos solidarios propusieron diversos modos de caminar juntos en la b\u00fasqueda de soluciones compartidas. \u00abSe realizaron charlas, acciones y debates que fueron tejiendo una red social que gest\u00f3 pr\u00e1cticas solidarias, oponi\u00e9ndose a la exclusiva l\u00f3gica de la ganancia, del ideario neoliberal\u00bb. Pero, paralelamente a ese proceso, y como consecuencia de la pr\u00e9dica a importantes medios de comunicaci\u00f3n, \u00abla mayor\u00eda silenciosa recib\u00eda de los medios un relato segmentado de los acontecimientos y el germen de la xenofobia prendi\u00f3 en el intento de la criminalizaci\u00f3n de los conflictos como discurso hegem\u00f3nico. Y as\u00ed se fue desvaneciendo el eje \u201cpiquetes, cacerolas, la lucha es una sola\u201d, que expresaba el maravilloso pero precario v\u00ednculo entre los sectores medios y los excluidos. Los peri\u00f3dicos ponderaron el peligro de la implosi\u00f3n social como eje de la agenda pol\u00edtica. Y la tendencia de la \u201cgente decente\u201d hacia los piqueteros fue de un creciente rechazo\u00bb. <br \/>Los conflictos dieron lugar a reacciones represivas, las consecuencias fueron lamentables, con p\u00e9rdidas de vidas, el interinato de un gobierno de transici\u00f3n vio sus planes alterados lo que provoc\u00f3 la necesidad de un llamado apresurado a elecciones generales. El profesor Muracciole nos dice: \u00abAs\u00ed fue como en el oto\u00f1o de 2003, los ecos de la insubordinaci\u00f3n de masas del 19 y 20 de diciembre de 2001 hizo posible que un gobierno que asumi\u00f3 con tan s\u00f3lo el 23% de los votos, incursionara en territorios impensados antes de la crisis de 2001. Y se pudo dar por tierra con la infamia del Punto Final y la Obediencia Debida. En lo econ\u00f3mico se avanz\u00f3 en un proyecto que prioriz\u00f3 la producci\u00f3n y la creaci\u00f3n de empleo. Este cambio de paradigma rompi\u00f3 con la l\u00f3gica de los ajustes sin fin, que privilegiaban la disminuci\u00f3n del d\u00e9ficit fiscal sobre las necesidades de los jubilados y el poder adquisitivo de los trabajadores, entrando en la historia como el primer gobierno de la  democracia que fue capaz de voltear la Ley de Medios de la dictadura y confront\u00f3 por la democratizaci\u00f3n de la producci\u00f3n y distribuci\u00f3n del papel de diario como pilar b\u00e1sico para garantizar la libertad de expresi\u00f3n\u00bb.<br \/>Creo que s\u00f3lo una mirada retrospectiva puede dar marco de comprensi\u00f3n al cuadro socio-pol\u00edtico actual. El an\u00e1lisis da lugar a diversas evaluaciones que, en tanto tales, son todas discutibles. Una parte de la gente privilegia lo que falta por sobre lo conseguido, otra pone su dedo sobre lo que consideras excesos y desbordes, los sectores que se sienten cuestionados en sus modos de proceder y en sus intereses de clase atacan ferozmente. Todo ello es muy valioso porque ha rescatado y colocado en el centro de la escena el debate pol\u00edtico. Haberlo recuperado es el logro m\u00e1s importante que nos proporcion\u00f3 lo que podr\u00edamos definir, sin pudor, el \u201cmodo argentino de superar la crisis\u201d. Hoy ese \u201cmodo\u201d est\u00e1 siendo estudiado en Europa por dirigentes pol\u00edticos que no se conforman con las viejas recetas liberales y varios estudiosos e investigadores nuestros han sido consultados. <br \/>La democracia que se crey\u00f3 recuperada en 1983 fue s\u00f3lo una c\u00e1scara que se asent\u00f3 en las formalidades electorales, que subray\u00f3 la importancia de la \u201cigualdad jur\u00eddica\u201d que remiti\u00f3 a tanta cita de la Constituci\u00f3n, pero no alter\u00f3 el esquema de poder del capital concentrado internacional y de la l\u00f3gica financiera especulativa. Las sucesivas crisis pol\u00edticas, econ\u00f3micas y sociales fueron la expresi\u00f3n de la endeblez institucional de una democracia escu\u00e1lida.<br \/>La recuperaci\u00f3n de esa democracia hacia una mayor solidez institucional presenta como requisito una mayor distribuci\u00f3n de la riqueza producida, una mayor transparencia del juego institucional que no perdone a ninguna de las que conforman el entramado de la Naci\u00f3n. Un mayor control de las diversas formas de evasi\u00f3n impositiva que atentan contra los dineros p\u00fablicos, el sinceramiento de los beneficios obtenidos no siempre por caminos legales de los grandes capitales, un crecimiento en madurez del horizonte directivo de todo orden: sindical, empresario, pol\u00edtico, militar, religioso, judicial, etc.<\/p>\n","protected":false},"excerpt":{"rendered":"<p>Entonces una explosi\u00f3n de intentos solidarios propusieron diversos modos de caminar juntos en la b\u00fasqueda de soluciones compartidas. \u00abSe realizaron charlas, acciones y debates que fueron tejiendo una red social que gest\u00f3 pr\u00e1cticas solidarias, oponi\u00e9ndose a la exclusiva l\u00f3gica de la ganancia, del ideario neoliberal\u00bb. Pero, paralelamente a ese proceso, y como consecuencia de la [&hellip;]<\/p>\n","protected":false},"author":1,"featured_media":0,"comment_status":"open","ping_status":"open","sticky":false,"template":"","format":"standard","meta":{"footnotes":""},"categories":[1],"tags":[],"class_list":["post-449","post","type-post","status-publish","format-standard","hentry","category-sin-categoria"],"_links":{"self":[{"href":"https:\/\/ricardovicentelopez.com.ar\/index.php?rest_route=\/wp\/v2\/posts\/449","targetHints":{"allow":["GET"]}}],"collection":[{"href":"https:\/\/ricardovicentelopez.com.ar\/index.php?rest_route=\/wp\/v2\/posts"}],"about":[{"href":"https:\/\/ricardovicentelopez.com.ar\/index.php?rest_route=\/wp\/v2\/types\/post"}],"author":[{"embeddable":true,"href":"https:\/\/ricardovicentelopez.com.ar\/index.php?rest_route=\/wp\/v2\/users\/1"}],"replies":[{"embeddable":true,"href":"https:\/\/ricardovicentelopez.com.ar\/index.php?rest_route=%2Fwp%2Fv2%2Fcomments&post=449"}],"version-history":[{"count":0,"href":"https:\/\/ricardovicentelopez.com.ar\/index.php?rest_route=\/wp\/v2\/posts\/449\/revisions"}],"wp:attachment":[{"href":"https:\/\/ricardovicentelopez.com.ar\/index.php?rest_route=%2Fwp%2Fv2%2Fmedia&parent=449"}],"wp:term":[{"taxonomy":"category","embeddable":true,"href":"https:\/\/ricardovicentelopez.com.ar\/index.php?rest_route=%2Fwp%2Fv2%2Fcategories&post=449"},{"taxonomy":"post_tag","embeddable":true,"href":"https:\/\/ricardovicentelopez.com.ar\/index.php?rest_route=%2Fwp%2Fv2%2Ftags&post=449"}],"curies":[{"name":"wp","href":"https:\/\/api.w.org\/{rel}","templated":true}]}}