{"id":448,"date":"2010-10-13T12:15:00","date_gmt":"2010-10-13T12:15:00","guid":{"rendered":"http:\/\/ricardovicentelopez.com.ar\/?p=448"},"modified":"2015-03-21T14:04:59","modified_gmt":"2015-03-21T14:04:59","slug":"no-es-sencillo-pero-es-necesario-iii","status":"publish","type":"post","link":"https:\/\/ricardovicentelopez.com.ar\/?p=448","title":{"rendered":"No es sencillo pero es necesario III"},"content":{"rendered":"<p>Estamos hoy ante una decisiva encrucijada que, creo, no es interpretada por una parte de la gente, en toda su gravedad. El recorrido que hemos venido haciendo deber\u00eda llevarnos hacia el siguiente ejercicio: tratar de recordar s\u00f3lo o en debate con amigos y familiares, qu\u00e9 se pensaba acera de futuros posibles en aquellos a\u00f1os en que la \u201csalida se encontraba en Ezeiza\u201d. La contraposici\u00f3n entre las im\u00e1genes de futuros posibles y el estado socio-pol\u00edtico de hoy algo debiera decirnos. \u00bfEso significa que est\u00e1 todo hecho? De ning\u00fan modo, hasta se podr\u00eda decir que es m\u00e1s lo que falta que lo que se ha realizado. Pero ello no debe nublarnos el camino hacia adelante. Salida la Argentina del pozo en que hab\u00edamos ca\u00eddo los argentinos vamos descubriendo que \u00e9ramos mucho m\u00e1s capaces de construir, con nuestras voluntades, futuros deseables. Hab\u00edamos archivado en el cofre de los recuerdos las pr\u00e1cticas del debate pol\u00edtico en todas partes y con la participaci\u00f3n de muchos. Hoy podemos tambi\u00e9n ver que nuestros m\u00e1s oscuros pron\u00f3sticos acerca de una \u201cjuventud perdida\u201d comienza a encontrar una desmentida en grupos juveniles que hacen o\u00edr sus voces. <br \/>El polit\u00f3logo y profesor de la Universidad de Buenos Aires, Edgardo Mocca, se pregunta \u201c\u00bfQu\u00e9 discute la pol\u00edtica argentina?\u201d, tratando de ver por d\u00f3nde pasan hoy los ejes m\u00e1s importantes: \u00abGran parte de la puja pol\u00edtica en la Argentina de estos d\u00edas est\u00e1 atravesada por la discusi\u00f3n sobre las relaciones entre el Estado y el mercado o, desde otra perspectiva, entre los derechos sociales y la propiedad privada. Es un tema cl\u00e1sico de la teor\u00eda pol\u00edtica, particularmente desde la revoluci\u00f3n industrial hasta aqu\u00ed. Si algo puede decirse a modo de esquem\u00e1tico balance de esta hist\u00f3rica discusi\u00f3n es que las soluciones simples y extremas han fracasado: ni el estatismo autoritario y burocr\u00e1tico ni la utop\u00eda tecnocr\u00e1tica del neoliberalismo han podido resolver la cuesti\u00f3n. Al contrario de la pr\u00e9dica del fin de la historia, en cualquiera de sus versiones, cada situaci\u00f3n hist\u00f3rica pone esta relaci\u00f3n bajo una nueva perspectiva\u00bb. Yo agrego que este debate ha adquirido en la Argentina una temperatura importante como para dar lugar a conclusiones necesarias y novedosas.<br \/>Sigue diciendo: \u00ab\u00bfDesde qu\u00e9 perspectiva afrontamos el debate en la Argentina? Nadie puede negar la influencia central de la cat\u00e1strofe socioecon\u00f3mica e institucional de fines de 2001 en la forma que adquiere la controversia. Para algunos, la crisis fue una crisis de mala administraci\u00f3n, de d\u00e9ficit de aptitud t\u00e9cnica para manejar los tiempos de la salida de la convertibilidad. En la misma clave pero con otro fraseo, se dice tambi\u00e9n que el gasto p\u00fablico incontrolado provoc\u00f3 la crisis fiscal y que con gobiernos m\u00e1s austeros y menos corruptos hubiera podido evitarse. Lo que envuelve esta manera de mirar las cosas es su com\u00fan denominador antipol\u00edtico y tecnocr\u00e1tico, la creencia de que la pol\u00edtica no es racionalizaci\u00f3n de conflictos de intereses sino pura gesti\u00f3n. La verdad es que no le ha ido bien en estos tiempos a esta interpretaci\u00f3n: el derrumbe argentino no fue el \u00faltimo y desde 2008 asistimos a un tramo particularmente inestable y cr\u00edtico de la econom\u00eda mundial, con epicentro en Estados Unidos y con episodios turbulentos en varios pa\u00edses de la Uni\u00f3n Europea, hasta ayer  presentados como ejemplo exitoso de la globalizaci\u00f3n hegemonizada por el capital financiero. El debate te\u00f3rico-pol\u00edtico sobre la crisis est\u00e1 mostrando cada vez m\u00e1s sus ra\u00edces en el agotamiento de un modelo de desarrollo centrado en la especulaci\u00f3n financiera, crecientemente desvinculada de la producci\u00f3n y ajena a todo patr\u00f3n distributivo medianamente viable\u00bb.<br \/>Por lo que fue quedando afirmado en notas anteriores, podemos partir de la tesis de que estamos frente a un proceso en curso en el cual las fisuras del sistema capitalista en su fase de la concentraci\u00f3n financiera se ven muy profundas. Y que, pese a los denodados esfuerzos de la prensa internacional por disimular su gravedad, los datos son cada vez m\u00e1s elocuentes de lo subterr\u00e1neo de sus remezones. Es de tal seriedad que muy pocos de los analistas serios se atreven a pronosticar alg\u00fan futuro mejor. Los vaticinios se van postergando,  aceptando que pasar\u00e1 todav\u00eda un tiempo largo antes de que asome en el horizonte alg\u00fan signo de mejor\u00eda. Para mal de males, como qued\u00f3 dicho anteriormente, se aplican para salir de la crisis las mismas ideas que nos metieron en ella. Einstein advert\u00eda: \u00abSi buscas resultados distintos, no hagas siempre lo mismo\u00bb.<\/p>\n","protected":false},"excerpt":{"rendered":"<p>Estamos hoy ante una decisiva encrucijada que, creo, no es interpretada por una parte de la gente, en toda su gravedad. El recorrido que hemos venido haciendo deber\u00eda llevarnos hacia el siguiente ejercicio: tratar de recordar s\u00f3lo o en debate con amigos y familiares, qu\u00e9 se pensaba acera de futuros posibles en aquellos a\u00f1os en [&hellip;]<\/p>\n","protected":false},"author":1,"featured_media":0,"comment_status":"open","ping_status":"open","sticky":false,"template":"","format":"standard","meta":{"footnotes":""},"categories":[1],"tags":[],"class_list":["post-448","post","type-post","status-publish","format-standard","hentry","category-sin-categoria"],"_links":{"self":[{"href":"https:\/\/ricardovicentelopez.com.ar\/index.php?rest_route=\/wp\/v2\/posts\/448","targetHints":{"allow":["GET"]}}],"collection":[{"href":"https:\/\/ricardovicentelopez.com.ar\/index.php?rest_route=\/wp\/v2\/posts"}],"about":[{"href":"https:\/\/ricardovicentelopez.com.ar\/index.php?rest_route=\/wp\/v2\/types\/post"}],"author":[{"embeddable":true,"href":"https:\/\/ricardovicentelopez.com.ar\/index.php?rest_route=\/wp\/v2\/users\/1"}],"replies":[{"embeddable":true,"href":"https:\/\/ricardovicentelopez.com.ar\/index.php?rest_route=%2Fwp%2Fv2%2Fcomments&post=448"}],"version-history":[{"count":0,"href":"https:\/\/ricardovicentelopez.com.ar\/index.php?rest_route=\/wp\/v2\/posts\/448\/revisions"}],"wp:attachment":[{"href":"https:\/\/ricardovicentelopez.com.ar\/index.php?rest_route=%2Fwp%2Fv2%2Fmedia&parent=448"}],"wp:term":[{"taxonomy":"category","embeddable":true,"href":"https:\/\/ricardovicentelopez.com.ar\/index.php?rest_route=%2Fwp%2Fv2%2Fcategories&post=448"},{"taxonomy":"post_tag","embeddable":true,"href":"https:\/\/ricardovicentelopez.com.ar\/index.php?rest_route=%2Fwp%2Fv2%2Ftags&post=448"}],"curies":[{"name":"wp","href":"https:\/\/api.w.org\/{rel}","templated":true}]}}