{"id":447,"date":"2010-10-17T10:34:00","date_gmt":"2010-10-17T10:34:00","guid":{"rendered":"http:\/\/ricardovicentelopez.com.ar\/?p=447"},"modified":"2015-03-21T14:04:59","modified_gmt":"2015-03-21T14:04:59","slug":"no-es-sencillo-pero-es-necesario-iv","status":"publish","type":"post","link":"https:\/\/ricardovicentelopez.com.ar\/?p=447","title":{"rendered":"No es sencillo pero es necesario IV"},"content":{"rendered":"<p>Entonces, emerge el dato de que la crisis que hemos capeado con bastante eficacia ha sido una crisis importada que no se origin\u00f3 entre nosotros. Es lo que afirma Edgardo Mocca: \u00abCada vez est\u00e1 m\u00e1s claro que nuestra crisis fue un jal\u00f3n del proceso cr\u00edtico del capitalismo globalizado. Que no fue un desperfecto t\u00e9cnico ni una tormenta pasajera\u00bb. Por lo tanto debemos estar muy atentos a la advertencia de Einstein, puesto que eso es lo que est\u00e1 pasando en Europa. Y la advertencia tiene validez dado que podemos leer, escuchar o ver a \u201cimportantes\u201d se\u00f1ores pensantes que nos repiten constantemente el mismo libreto, aunque se lo disfrace con terminolog\u00edas enga\u00f1osas. \u00abEn estos tiempos, no es f\u00e1cil, como era en la d\u00e9cada del noventa, presentar como novedosa panacea el retiro del Estado, la plena libertad de los mercados y sostener que la p\u00e9rdida masiva de empleos y la precarizaci\u00f3n del trabajo son pasajes dolorosos pero necesarios hacia el mundo feliz del neoliberalismo. La derecha, que de ella estamos hablando, se empe\u00f1a en desplazar los t\u00e9rminos de la discusi\u00f3n. No hay \u2013dice\u2013 derechas e izquierdas. Hay gobiernos buenos y gobiernos malos. Gobiernos corruptos y gobiernos virtuosos. Buena y mala administraci\u00f3n\u00bb.<br \/>Nuestra atenci\u00f3n se debe centrar en los conceptos fundamentales y c\u00f3mo se los utilizan: \u00abSin embargo, se puede, sin mucho esfuerzo, apreciar que las cuestiones del Estado y el mercado, de la  propiedad y sus l\u00edmites est\u00e1n impl\u00edcitas en cada una de las batallas pol\u00edticas centrales del \u00faltimo per\u00edodo. Cuando se trataba la ley de pasaje de los fondos jubilatorios al Estado, escondidos detr\u00e1s de la griter\u00eda sobre la \u201ccaja\u201d y el \u201csaqueo\u201d, no era dif\u00edcil encontrar los mismos argumentos que acompa\u00f1aron el programa de los a\u00f1os noventa. Con la misma argumentaci\u00f3n acerca del supuesto uso oscuro que har\u00eda el Gobierno de esos fondos, se hubiera podido sostener la negaci\u00f3n al pago de impuestos, lo que de hecho sugiri\u00f3 el notable escritor Marcos Aguinis. De   hecho, de la dificultad para defender a las fraudulentas AFJP se lleg\u00f3 al intento de movilizar a sus empleados en defensa de la fuente de trabajo. Biolcati lo dir\u00eda sin eufemismos en uno de los encuentros anuales de la Sociedad Rural: el Estado es un depredador insaciable. Lo dijo con elogiable sinceridad, no se escud\u00f3 en ning\u00fan gobierno circunstancial, dijo \u201cel Estado\u201d\u00bb. Es que la falta de pulimento del dirigente ruralista no da para sutilezas.<br \/>Otro tanto puede decirse de la cantidad de debates que se dieron en torno a las retensiones m\u00f3viles. \u00abAll\u00ed se sostuvo que hab\u00eda que liberar el \u201ccampo\u201d de las retenciones para que creciera exponencialmente la \u201ctorta\u201d de la riqueza nacional. Despu\u00e9s habr\u00eda llegado el momento del reparto entre quienes no se hubieran llenado los bolsillos de plata y siguieran siendo pobres. Con la discusi\u00f3n de la ley de medios, el debate alcanz\u00f3 mayor sofisticaci\u00f3n. La cuesti\u00f3n de los l\u00edmites a la apropiaci\u00f3n monop\u00f3lica de los medios fue prolijamente desplazada por la de la libertad de prensa. Se utiliz\u00f3 a la audiencia de reh\u00e9n en la puja, sobre la base de sembrar el miedo a la desaparici\u00f3n de determinados programas o canales. No es una casualidad que esta ley \u2013aprobada pero sistem\u00e1ticamente estorbada en su aplicaci\u00f3n por jueces sol\u00edcitos a los intereses de las grandes empresas del sector\u2013 provoque las tensiones que provoca\u00bb. <br \/>La necesidad de aguzar nuestros o\u00eddos y nuestras miradas en la b\u00fasqueda de una comprensi\u00f3n m\u00e1s profunda de los discursos que cruzan el escenario social y pol\u00edtico se torna un imperativo de la hora. En esos discursos el uso mal intencionado de algunos conceptos tiene como objetivo crear grandes dudas y enturbiar el entendimiento. \u00abLa regulaci\u00f3n de los medios es un punto de cruce entre la esfera del mercado y la del uso de la palabra, ambas vitales para la democracia. El monopolio de la palabra no es solamente una situaci\u00f3n inicua en t\u00e9rminos econ\u00f3micos, es adem\u00e1s una amenaza para la vigencia de la democracia, cualquiera de cuyas definiciones, hasta las m\u00e1s liberales, sit\u00faa en un primer plano la pluralidad de la informaci\u00f3n. Algunos entusiastas de la etimolog\u00eda recusan el uso de la palabra monopolio porque, sostienen, monopolio significa uno solo. Entonces, para que haya monopolio no debe haber ning\u00fan otro proveedor de la mercanc\u00eda en cuesti\u00f3n. Con esa definici\u00f3n no habr\u00eda monopolios en el mundo, ni se justificar\u00edan las leyes antitrust que rigen en muchos pa\u00edses. La etimolog\u00eda, dec\u00eda Borges, sirve para saber lo que las palabras ya no significan\u00bb.<br \/>Estamos en camino de adoptar grades decisiones que definir\u00e1n la Argentina que queremos. Lo importante es abordar tales decisiones con criterios claros, largamente reflexionados, acudiendo a la mayor cantidad de fuentes posibles para escapar a los discursos \u00fanicos.<\/p>\n","protected":false},"excerpt":{"rendered":"<p>Entonces, emerge el dato de que la crisis que hemos capeado con bastante eficacia ha sido una crisis importada que no se origin\u00f3 entre nosotros. Es lo que afirma Edgardo Mocca: \u00abCada vez est\u00e1 m\u00e1s claro que nuestra crisis fue un jal\u00f3n del proceso cr\u00edtico del capitalismo globalizado. Que no fue un desperfecto t\u00e9cnico ni [&hellip;]<\/p>\n","protected":false},"author":1,"featured_media":0,"comment_status":"open","ping_status":"open","sticky":false,"template":"","format":"standard","meta":{"footnotes":""},"categories":[1],"tags":[],"class_list":["post-447","post","type-post","status-publish","format-standard","hentry","category-sin-categoria"],"_links":{"self":[{"href":"https:\/\/ricardovicentelopez.com.ar\/index.php?rest_route=\/wp\/v2\/posts\/447","targetHints":{"allow":["GET"]}}],"collection":[{"href":"https:\/\/ricardovicentelopez.com.ar\/index.php?rest_route=\/wp\/v2\/posts"}],"about":[{"href":"https:\/\/ricardovicentelopez.com.ar\/index.php?rest_route=\/wp\/v2\/types\/post"}],"author":[{"embeddable":true,"href":"https:\/\/ricardovicentelopez.com.ar\/index.php?rest_route=\/wp\/v2\/users\/1"}],"replies":[{"embeddable":true,"href":"https:\/\/ricardovicentelopez.com.ar\/index.php?rest_route=%2Fwp%2Fv2%2Fcomments&post=447"}],"version-history":[{"count":0,"href":"https:\/\/ricardovicentelopez.com.ar\/index.php?rest_route=\/wp\/v2\/posts\/447\/revisions"}],"wp:attachment":[{"href":"https:\/\/ricardovicentelopez.com.ar\/index.php?rest_route=%2Fwp%2Fv2%2Fmedia&parent=447"}],"wp:term":[{"taxonomy":"category","embeddable":true,"href":"https:\/\/ricardovicentelopez.com.ar\/index.php?rest_route=%2Fwp%2Fv2%2Fcategories&post=447"},{"taxonomy":"post_tag","embeddable":true,"href":"https:\/\/ricardovicentelopez.com.ar\/index.php?rest_route=%2Fwp%2Fv2%2Ftags&post=447"}],"curies":[{"name":"wp","href":"https:\/\/api.w.org\/{rel}","templated":true}]}}