{"id":444,"date":"2010-10-27T12:14:00","date_gmt":"2010-10-27T12:14:00","guid":{"rendered":"http:\/\/ricardovicentelopez.com.ar\/?p=444"},"modified":"2015-03-21T14:04:59","modified_gmt":"2015-03-21T14:04:59","slug":"riqueza-concentrada-y-pobreza-generalizada-iii","status":"publish","type":"post","link":"https:\/\/ricardovicentelopez.com.ar\/?p=444","title":{"rendered":"Riqueza concentrada y pobreza generalizada III"},"content":{"rendered":"<p>Siguiendo la misma l\u00ednea de reflexi\u00f3n acudo ahora a Daniel Ravent\u00f3s, Doctor en Ciencias Econ\u00f3micas, profesor titular del Departamento de Teor\u00eda Sociol\u00f3gica, Filosof\u00eda del Derecho y Metodolog\u00eda de las Ciencias Sociales de la Facultad de Econom\u00eda y Empresa de la Universidad de Barcelona. Su larga trayectoria en an\u00e1lisis de los temas que venimos tratando avala sus afirmaciones. Comencemos con sus iron\u00edas acerca de c\u00f3mo se investiga: \u00abLos estudios sobre la pobreza y los pobres son muy abundantes. Los estudios sobre la riqueza y los ricos no son tan profusos. Departamentos de sociolog\u00eda, de filosof\u00eda pol\u00edtica o de econom\u00eda de cualquier facultad del mundo, revistas acad\u00e9micas de ciencias sociales, multitud de gobiernos, institutos estad\u00edsticos, muchos ayuntamientos, peri\u00f3dicos, organismos internacionales\u2026 producen cantidades formidables de informes, estudios, tesis doctorales, estad\u00edsticas y art\u00edculos sobre los m\u00e1s incre\u00edbles aspectos de la pobreza. Algunos incluso son buenos y \u00fatiles. La conocida publicista y activista de ATTAC Susan George describe la situaci\u00f3n con no poca sorna: \u00bflos pobres? \u00a1qu\u00e9 coman investigaciones!\u00bb.<br \/>El debate dentro de las Ciencias de la Comunicaci\u00f3n han acu\u00f1ado un concepto muy vigente en estos tiempos: la invisibilizaci\u00f3n de la informaci\u00f3n. Se contrapone y, al mismo tiempo, complementa la t\u00e9cnica de la \u201ccatarata informativa\u201d con que nos atosigan cotidianamente. Entra ambas se logra el efecto \u201cdesinformaci\u00f3n\u201d, t\u00e9cnica mediante la cual se nos hace creer que estamos informados de todo y  objetivamente, m\u00e9todo de los Servicios de Inteligencia. Si este \u201ctema\u201d, el de la riqueza y los estudios sobre ella, se nos presenta como pregunta lo convertimos en \u201cproblema\u201d, es decir lo visibilizamos. Lo m\u00e1s grave de lo que nos estamos enterando no es que los medios lo ocultan sino que las academias y las universidades no lo tocan. Entonces nos preguntamos \u00bfpor qu\u00e9? Y la respuesta nos introduce en una problem\u00e1tica poco mostrada: la relaci\u00f3n entre los centros acad\u00e9micos y el poder internacional.  <br \/>Contin\u00faa nuestro profesor: \u00abLos ricos est\u00e1n m\u00e1s a cubierto de inoportunas investigaciones que expongan de forma bien documentada las cada vez mayores desigualdades actualmente existentes en el mundo posibilitadas y fomentadas por el dise\u00f1o pol\u00edtico y econ\u00f3mico de nuestras sociedades. Desigualdades que se est\u00e1n incrementando como consecuencia de la tremenda ofensiva lanzada a lo largo de los \u00faltimos meses contra las condiciones sociales de las clases trabajadoras; una guerra de clases implacable. Ya se disfracen de imposibilidad de hacer otras pol\u00edticas diferentes, ya de realismo econ\u00f3mico (sic), o incluso de pol\u00edtica de izquierdas (en el colmo del delirio), lo cierto es que las pol\u00edticas econ\u00f3micas dise\u00f1adas en estas \u00faltimas  semanas son para beneficio de los ricos y, como l\u00f3gica contraparte, para expolio y desgracia de los pobres y las clases trabajadoras\u00bb.<br \/>Y, como pudiera pensarse que los datos son muy dificultosos de conseguir, nos informa: \u00abAs\u00ed que, ante los pocos datos sobre los ricos, los documentos como los que publican anualmente Merryll-Lynch y Capgemini sobre la riqueza y sus detentadores tienen un indiscutible inter\u00e9s para conocer c\u00f3mo van evolucionando las cosas en ese punto. Merryll-Lynch es una empresa muy conocida que hace dos a\u00f1os fue adquirida por el Bank of America por 44.000 millones de d\u00f3lares; Capgemini, no tan afamada como la anterior, es una empresa con m\u00e1s de 90.000 empleados en el mundo y con unos ingresos globales manifiestos de 8.400 millones de euros en el 2009 que se dedica, seg\u00fan declara ella misma, a la provisi\u00f3n de servicios de consultor\u00eda, tecnolog\u00eda y outsourcing. Merryll-Lynch y Capgemini trabajan para los ricos. No puede extra\u00f1ar que quieran conocer bien el objeto principal de sus negocios. Y para ello realizan unos informes anuales sobre el estado de los ricos y de sus riquezas que aportan datos de indisputable inter\u00e9s. El \u00faltimo informe disponible es el recientemente publicado del a\u00f1o 2010 que aporta datos del 2009 y a\u00f1os anteriores. Tambi\u00e9n se ha editado un informe dedicado exclusivamente a los ricos de la \u201cregi\u00f3n Asia-Pac\u00edfico\u201d\u00bb. <br \/>Estamos, entonces, ante la comprobaci\u00f3n de que se ha producido una \u201cinvisibilizaci\u00f3n\u201d acordada por los grandes medios y por el inter\u00e9s investigativo de los Centros de Estudio del mundo capitalista: \u201cde esto no se habla\u201d. \u00bfPuede pensarse que esto se debe a la financiaci\u00f3n del banco Mundial que reciben no pocas universidades? \u00bfPodr\u00e1 pensarse tambi\u00e9n en la relaci\u00f3n entre las Fundaciones que otorgan becas y que, en los pa\u00edses centrales, sostienen a los Centros e Estudio de primera l\u00ednea? Luego que este tipo de investigaciones no lleguen a las agencia informativas y que ellas, por su cuenta, no las inicien se puede comprender.<\/p>\n","protected":false},"excerpt":{"rendered":"<p>Siguiendo la misma l\u00ednea de reflexi\u00f3n acudo ahora a Daniel Ravent\u00f3s, Doctor en Ciencias Econ\u00f3micas, profesor titular del Departamento de Teor\u00eda Sociol\u00f3gica, Filosof\u00eda del Derecho y Metodolog\u00eda de las Ciencias Sociales de la Facultad de Econom\u00eda y Empresa de la Universidad de Barcelona. Su larga trayectoria en an\u00e1lisis de los temas que venimos tratando avala [&hellip;]<\/p>\n","protected":false},"author":1,"featured_media":0,"comment_status":"open","ping_status":"open","sticky":false,"template":"","format":"standard","meta":{"footnotes":""},"categories":[1],"tags":[],"class_list":["post-444","post","type-post","status-publish","format-standard","hentry","category-sin-categoria"],"_links":{"self":[{"href":"https:\/\/ricardovicentelopez.com.ar\/index.php?rest_route=\/wp\/v2\/posts\/444","targetHints":{"allow":["GET"]}}],"collection":[{"href":"https:\/\/ricardovicentelopez.com.ar\/index.php?rest_route=\/wp\/v2\/posts"}],"about":[{"href":"https:\/\/ricardovicentelopez.com.ar\/index.php?rest_route=\/wp\/v2\/types\/post"}],"author":[{"embeddable":true,"href":"https:\/\/ricardovicentelopez.com.ar\/index.php?rest_route=\/wp\/v2\/users\/1"}],"replies":[{"embeddable":true,"href":"https:\/\/ricardovicentelopez.com.ar\/index.php?rest_route=%2Fwp%2Fv2%2Fcomments&post=444"}],"version-history":[{"count":0,"href":"https:\/\/ricardovicentelopez.com.ar\/index.php?rest_route=\/wp\/v2\/posts\/444\/revisions"}],"wp:attachment":[{"href":"https:\/\/ricardovicentelopez.com.ar\/index.php?rest_route=%2Fwp%2Fv2%2Fmedia&parent=444"}],"wp:term":[{"taxonomy":"category","embeddable":true,"href":"https:\/\/ricardovicentelopez.com.ar\/index.php?rest_route=%2Fwp%2Fv2%2Fcategories&post=444"},{"taxonomy":"post_tag","embeddable":true,"href":"https:\/\/ricardovicentelopez.com.ar\/index.php?rest_route=%2Fwp%2Fv2%2Ftags&post=444"}],"curies":[{"name":"wp","href":"https:\/\/api.w.org\/{rel}","templated":true}]}}