{"id":415,"date":"2011-02-13T11:40:00","date_gmt":"2011-02-13T11:40:00","guid":{"rendered":"http:\/\/ricardovicentelopez.com.ar\/?p=415"},"modified":"2015-03-21T14:04:58","modified_gmt":"2015-03-21T14:04:58","slug":"v-la-base-cientifica-de-la-publicidad","status":"publish","type":"post","link":"https:\/\/ricardovicentelopez.com.ar\/?p=415","title":{"rendered":"V.- La base cient\u00edfica de la publicidad"},"content":{"rendered":"<p>Comencemos pregunt\u00e1ndonos por qu\u00e9 detenernos en el an\u00e1lisis de los medios. Respuesta: porque se han convertido en el veh\u00edculo privilegiado del \u201cadoctrinamiento de la masa\u201d. Creo que esta afirmaci\u00f3n asusta o puede parecer alocada. Es como pensar que la sociedad globalizada es la Alemania de Hitler. No, por supuesto, pero tampoco que nada tiene de aquella. Primero decir que las t\u00e9cnicas propagand\u00edsticas que se le adjudicaron a Paul Joseph Goebbels (1897\u20131945), pol\u00edtico alem\u00e1n, que fue el ministro de propaganda de la Alemania Nacional Socialista, fueron extra\u00eddas de las investigaciones realizadas por especialistas estadounidenses y llevadas a ese pa\u00eds en la d\u00e9cada del treinta. En aquella \u00e9poca las universidades del norte eran las que ten\u00edan los estudios m\u00e1s avanzados en materia de comunicaci\u00f3n de masas. Por ello, un agudo intelectual como Goebbels, poseedor de una inteligencia superior orientada a las comunicaciones y a la psicolog\u00eda de masas, comprendi\u00f3 la capacidad de esas universidades y entr\u00f3 en contacto con varios de esos investigadores, siendo uno de sus representantes m\u00e1s importantes Walter Lippmann  (1889-1974), egresado de Harvard, periodista, comentarista pol\u00edtico, cr\u00edtico de medios y fil\u00f3sofo.<br \/>La plasmaci\u00f3n de esas doctrinas en el ideario publicista del r\u00e9gimen nazi adquiri\u00f3 una fama extraordinaria que hizo olvidar su verdadero origen. La lectura de algunos de sus principios nos permiten ver c\u00f3mo siguen vigentes en las comunicaciones actuales: 1.- \u00abLa propaganda debe limitarse a un n\u00famero peque\u00f1o de ideas y repetirlas incansablemente, presentarlas una y otra vez desde diferentes perspectivas, pero siempre convergiendo sobre el mismo concepto. Sin fisuras ni dudas\u00bb; 2. \u00abToda propaganda debe ser popular, adaptando su nivel al menos inteligente de los individuos a los que va dirigida. Cuanto m\u00e1s grande sea la masa a convencer, m\u00e1s peque\u00f1o ha de ser el esfuerzo mental a realizar. La capacidad receptiva de las masas es limitada y su comprensi\u00f3n escasa; adem\u00e1s, tienen gran facilidad para olvidar\u00bb; 3.- \u00abHay que emitir constantemente informaciones y argumentos nuevos a un ritmo tal que, cuando el adversario responda, el p\u00fablico est\u00e9 ya interesado en otra cosa\u00bb; 4.- \u00abAcallar las cuestiones sobre las que no se tienen argumentos y disimular las noticias que favorecen el adversario, tambi\u00e9n contraprogramando con la ayuda de medios de comunicaci\u00f3n afines\u00bb. Un superficial an\u00e1lisis de las comunicaciones actuales muestra la fidelidad a estas premisas.<br \/>Este proceso de concentraci\u00f3n de la propiedad en pocas manos se intensific\u00f3 en la d\u00e9cada de los ochenta, aunque algunos atisbos de lo que se estaba produciendo ya se tuvieron en la d\u00e9cada del cuarenta. La pel\u00edcula Ciudadano Kane, dirigida, escrita, producida y protagonizada por el estadounidense Orson Welles, considerada como una de las obras maestras de la historia del cine, se bas\u00f3 en la vida de William Randolph Hearst (1863-1951) quien fue un periodista, magnate de la prensa estadounidense y adem\u00e1s inventor y promotor de la llamada \u201cprensa amarilla\u201d o \u201csensacionalista\u201d. Si bien para aquella \u00e9poca aparec\u00eda como un due\u00f1o importante de medios comparado con la concentraci\u00f3n actual pasar\u00eda desapercibido. Un aspecto importante para seguir en la comparaci\u00f3n que propongo es lo que se llam\u00f3 en aquella \u00e9poca la \u201cprensa amarilla\u201d. Se trataba de un periodismo de investigaci\u00f3n mezclado con titulares impactantes, alejados en muchos casos del paradigma imperante respecto de la neutralidad y del rigor period\u00edstico. El objetivo primero de Hearst era vender la mayor tirada posible sin tener en cuenta la veracidad ni la objetividad de los datos. <br \/>La d\u00e9cada de los ochenta, d\u00e9cada de la mayor concentraci\u00f3n privada de medios, fue tambi\u00e9n el momento en que la prensa se aline\u00f3 con los intereses del capital concentrado de lo cual la cobertura de las guerras de Kuwait, Irak y las que siguieron mostraron una actitud mucho m\u00e1s propagand\u00edstica que informativa. Se puede colocar en primera l\u00ednea a CNN y a las empresas del grupo de Keith Rupert Murdoch, magnate australiano, director y principal accionista de News Corporation (que engloba por ejemplo los peri\u00f3dicos The Sun y The Times o los conglomerados de cadenas v\u00eda sat\u00e9lite Fox y Sky), la corporaci\u00f3n de medios de comunicaci\u00f3n m\u00e1s grande e influyente del mundo. Ha comprado el Wall Street Journal y el Financial Times. Estas corporaciones de medios est\u00e1n comprometidas con la derecha norteamericana y brit\u00e1nica y son dos puntos de difusi\u00f3n de las ideas del neoliberalismo.<br \/>Llegados a este punto creo que comienza a percibirse como se cierra el c\u00edrculo de intereses del capitalismo financiero y sus socios pol\u00edticos del mundo.<\/p>\n","protected":false},"excerpt":{"rendered":"<p>Comencemos pregunt\u00e1ndonos por qu\u00e9 detenernos en el an\u00e1lisis de los medios. Respuesta: porque se han convertido en el veh\u00edculo privilegiado del \u201cadoctrinamiento de la masa\u201d. Creo que esta afirmaci\u00f3n asusta o puede parecer alocada. Es como pensar que la sociedad globalizada es la Alemania de Hitler. No, por supuesto, pero tampoco que nada tiene de [&hellip;]<\/p>\n","protected":false},"author":1,"featured_media":0,"comment_status":"open","ping_status":"open","sticky":false,"template":"","format":"standard","meta":{"footnotes":""},"categories":[1],"tags":[],"class_list":["post-415","post","type-post","status-publish","format-standard","hentry","category-sin-categoria"],"_links":{"self":[{"href":"https:\/\/ricardovicentelopez.com.ar\/index.php?rest_route=\/wp\/v2\/posts\/415","targetHints":{"allow":["GET"]}}],"collection":[{"href":"https:\/\/ricardovicentelopez.com.ar\/index.php?rest_route=\/wp\/v2\/posts"}],"about":[{"href":"https:\/\/ricardovicentelopez.com.ar\/index.php?rest_route=\/wp\/v2\/types\/post"}],"author":[{"embeddable":true,"href":"https:\/\/ricardovicentelopez.com.ar\/index.php?rest_route=\/wp\/v2\/users\/1"}],"replies":[{"embeddable":true,"href":"https:\/\/ricardovicentelopez.com.ar\/index.php?rest_route=%2Fwp%2Fv2%2Fcomments&post=415"}],"version-history":[{"count":0,"href":"https:\/\/ricardovicentelopez.com.ar\/index.php?rest_route=\/wp\/v2\/posts\/415\/revisions"}],"wp:attachment":[{"href":"https:\/\/ricardovicentelopez.com.ar\/index.php?rest_route=%2Fwp%2Fv2%2Fmedia&parent=415"}],"wp:term":[{"taxonomy":"category","embeddable":true,"href":"https:\/\/ricardovicentelopez.com.ar\/index.php?rest_route=%2Fwp%2Fv2%2Fcategories&post=415"},{"taxonomy":"post_tag","embeddable":true,"href":"https:\/\/ricardovicentelopez.com.ar\/index.php?rest_route=%2Fwp%2Fv2%2Ftags&post=415"}],"curies":[{"name":"wp","href":"https:\/\/api.w.org\/{rel}","templated":true}]}}