{"id":396,"date":"2011-04-20T13:39:00","date_gmt":"2011-04-20T13:39:00","guid":{"rendered":"http:\/\/ricardovicentelopez.com.ar\/?p=396"},"modified":"2015-03-21T14:04:57","modified_gmt":"2015-03-21T14:04:57","slug":"el-marco-historico-de-la-globalizacion-i","status":"publish","type":"post","link":"https:\/\/ricardovicentelopez.com.ar\/?p=396","title":{"rendered":"El marco hist\u00f3rico de la globalizaci\u00f3n I"},"content":{"rendered":"<p>Con esta nota voy a iniciar la publicaci\u00f3n de series de art\u00edculos con un tema com\u00fan, como indica el t\u00edtulo. Voy a centrarme en una descripci\u00f3n y an\u00e1lisis de esta etapa del mundo global, dada la cantidad de informaci\u00f3n que circula sobre la cuesti\u00f3n que da lugar a interpretaciones lavadas, superficiales, lineales. Voy a seguir para ello un estudio del Dr. James Polk  en el que aborda este tema con observaciones muy interesantes que superan sobradamente el tratamiento habitual de los medios de comunicaci\u00f3n. Como t\u00e9cnica explicativa subrayar\u00e9 los aspectos que pretendo resaltar para una mejor comprensi\u00f3n. Comienza afirmando: \u00abNuestra era se define en gran parte por dos conceptos muy interrelacionados: la globalizaci\u00f3n y la denominada \u201cguerra contra el terrorismo\u201d. En su calidad de operadores geopol\u00edticos-econ\u00f3micos, ambos conceptos se complementan como medios significativos para fines espec\u00edficos; ambos conforman aspectos importantes de nuestras vidas de todos los d\u00edas y determinan la forma y el contenido de gran parte de lo que pasa por discurso p\u00fablico. Particularmente en Europa y en EE.UU. se mantiene a las poblaciones vigilantes ante \u201cpeligros claros y presentes\u201d planteados ostensiblemente por el \u201cterrorismo internacional\u201d por medio de iconos que impactan nuestra memoria de movimientos de tropas en Asia Central y\/o conspiraciones estrat\u00e9gicamente desplegadas para atentados que supuestamente son frustrados \u201cjusto a tiempo\u201d por nuestros servicios de inteligencia\u00bb.<br \/>La globalizaci\u00f3n no es, entonces, un mero despliegue de la comunicaci\u00f3n que nos interrelaciona con el resto del mundo. Su implementaci\u00f3n aparece como un proyecto de dominio universal al servicio de los intereses del capital concentrado, aunque esta afirmaci\u00f3n todav\u00eda no haya aparecido. Contin\u00faa: \u00abLa globalizaci\u00f3n ha procedido mediante tres interpretaciones y representaciones del mundo en su conjunto, diferentes pero claramente interrelacionadas: como el \u201cmomento cosmopolita\u201d sociopol\u00edtico del globo como encarnaci\u00f3n de nuestro mundo cotidiano; como la escena de operaciones de los intereses corporativos\/financieros multinacionales; y como el campo de  batalla en el cual se considera que los conflictos incitados requieren soluciones exhaustivas, globales, que deben lograrse mediante un Nuevo Orden Mundial. En su estado actual, la construcci\u00f3n de un mundo unificado es en gran parte sin\u00f3nimo del gobierno mundial ideal tal como fue conceptualizado por el fil\u00f3sofo franc\u00e9s Auguste Comte en el Siglo XIX, en el cual los banqueros internacionales y los think tanks elitistas determinan y ejecutan las pol\u00edticas p\u00fablicas\u00bb.<br \/>Esta parte de su an\u00e1lisis apunta a la denuncia de los prop\u00f3sitos inconfesables del proyecto de la globalizaci\u00f3n, como etapa \u00faltima de un proceso imperial que comenz\u00f3 con el descubrimiento y la conquista de las Nuevas Tierras en el siglo XVI, por parte del Reino de Castilla y Arag\u00f3n. El proyecto imperial fue continuado en el siglo XIX por el Imperio Brit\u00e1nico, para dejar ese puesto de comando a los Estados Unidos al terminar la Segunda Guerra. El per\u00edodo que analiza el Dr. Polk se centra en esta \u00faltima etapa. Se impone ahora la pregunta sobre cu\u00e1les son las caracter\u00edsticas propias de este tiempo global. Nos dice al respecto: \u00abIncluida en este ideal global est\u00e1, por supuesto, la disoluci\u00f3n completa de la naci\u00f3n-Estado como tal a trav\u00e9s de la gradual, pero de facto irreversible, integraci\u00f3n de naciones individuales en el marco totalitario de entidades pol\u00edticas, econ\u00f3micas y de las principales judiciales\/jur\u00eddicas que operan a escala global (las m\u00e1s importantes: las Naciones Unidas, el Fondo Monetario Internacional, el Banco Mundial, el Banco de Pagos Internacionales y la Organizaci\u00f3n Mundial de Comercio)\u00bb.<br \/>En este aspecto espec\u00edfico cabe diferenciar la necesaria integraci\u00f3n de Naciones-Estado, en conglomerados regionales que fortalezcan su posici\u00f3n internacional, de los intentos de someter a esos Estados al dominio de organismos internacionales, como los se\u00f1alados, que imponen pol\u00edticas que privilegian los intereses del capital concentrado internacional. Y, en las \u00faltimas d\u00e9cadas, de las finanzas internacionales que llevaron a la crisis 2007-8, de la cual todav\u00eda no hay signos de recuperaci\u00f3n, a pesar de lo que comunique la prensa internacional.<\/p>\n","protected":false},"excerpt":{"rendered":"<p>Con esta nota voy a iniciar la publicaci\u00f3n de series de art\u00edculos con un tema com\u00fan, como indica el t\u00edtulo. Voy a centrarme en una descripci\u00f3n y an\u00e1lisis de esta etapa del mundo global, dada la cantidad de informaci\u00f3n que circula sobre la cuesti\u00f3n que da lugar a interpretaciones lavadas, superficiales, lineales. Voy a seguir [&hellip;]<\/p>\n","protected":false},"author":1,"featured_media":0,"comment_status":"open","ping_status":"open","sticky":false,"template":"","format":"standard","meta":{"footnotes":""},"categories":[1],"tags":[],"class_list":["post-396","post","type-post","status-publish","format-standard","hentry","category-sin-categoria"],"_links":{"self":[{"href":"https:\/\/ricardovicentelopez.com.ar\/index.php?rest_route=\/wp\/v2\/posts\/396","targetHints":{"allow":["GET"]}}],"collection":[{"href":"https:\/\/ricardovicentelopez.com.ar\/index.php?rest_route=\/wp\/v2\/posts"}],"about":[{"href":"https:\/\/ricardovicentelopez.com.ar\/index.php?rest_route=\/wp\/v2\/types\/post"}],"author":[{"embeddable":true,"href":"https:\/\/ricardovicentelopez.com.ar\/index.php?rest_route=\/wp\/v2\/users\/1"}],"replies":[{"embeddable":true,"href":"https:\/\/ricardovicentelopez.com.ar\/index.php?rest_route=%2Fwp%2Fv2%2Fcomments&post=396"}],"version-history":[{"count":0,"href":"https:\/\/ricardovicentelopez.com.ar\/index.php?rest_route=\/wp\/v2\/posts\/396\/revisions"}],"wp:attachment":[{"href":"https:\/\/ricardovicentelopez.com.ar\/index.php?rest_route=%2Fwp%2Fv2%2Fmedia&parent=396"}],"wp:term":[{"taxonomy":"category","embeddable":true,"href":"https:\/\/ricardovicentelopez.com.ar\/index.php?rest_route=%2Fwp%2Fv2%2Fcategories&post=396"},{"taxonomy":"post_tag","embeddable":true,"href":"https:\/\/ricardovicentelopez.com.ar\/index.php?rest_route=%2Fwp%2Fv2%2Ftags&post=396"}],"curies":[{"name":"wp","href":"https:\/\/api.w.org\/{rel}","templated":true}]}}