{"id":385,"date":"2011-06-01T11:53:00","date_gmt":"2011-06-01T11:53:00","guid":{"rendered":"http:\/\/ricardovicentelopez.com.ar\/?p=385"},"modified":"2015-03-21T14:04:56","modified_gmt":"2015-03-21T14:04:56","slug":"el-marco-historico-de-la-globalizacion-xii","status":"publish","type":"post","link":"https:\/\/ricardovicentelopez.com.ar\/?p=385","title":{"rendered":"El marco hist\u00f3rico de la globalizaci\u00f3n XII"},"content":{"rendered":"<p>Voy a convocar al profesor Noam Chomsky  citando algunos textos de una conferencia dictada en Amsterdam en marzo de 2011. En ella desarroll\u00f3 un largo an\u00e1lisis sobre la situaci\u00f3n pol\u00edtica y militar del mundo actual, partiendo de la comparaci\u00f3n de los levantamientos en el norte de \u00c1frica y las convulsiones sociales que est\u00e1n comenzando en los EEUU. \u00abUno y otro caso son un microcosmos de tendencias presentes en la sociedad global que siguen una variedad de cursos. La cosa no ofrece duda: tendr\u00e1n consecuencias de largo alcance. Tanto lo que ahora mismo est\u00e1 aconteciendo en el decadente coraz\u00f3n industrial del pa\u00eds m\u00e1s rico y poderoso de la historia humana, como lo que est\u00e1 pasando en lo que el presidente Dwight Eisenhower llam\u00f3 \u00abel \u00e1rea estrat\u00e9gicamente m\u00e1s importante del mundo\u00bb (\u00abuna estupenda fuente de poder estrat\u00e9gico\u00bb y \u00abprobablemente el mayor premio econ\u00f3mico del mundo en el campo de la inversi\u00f3n extranjera\u00bb, en palabras del Departamento de Estado de los a\u00f1os 40, un premio que los EEUU trataron de reservarse en exclusiva, para s\u00ed propios y para sus aliados, en el incipiente Nuevo Orden Mundial de la \u00e9poca)\u00bb.<br \/>Es muy interesante para pensar todo el proceso del siglo XX la relaci\u00f3n que establece entre la situaci\u00f3n actual y las decisiones que se tomaban en la d\u00e9cada del cuarenta: \u00abA despecho de todos los cambios habidos desde entonces, se puede suponer razonablemente que los actuales decisores pol\u00edticos mantienen b\u00e1sicamente su adhesi\u00f3n al juicio del influyente asesor del presidente Franklin Delano Roosevelt, A.A. Berle, seg\u00fan el cual el control sobre las incomparables reservas energ\u00e9ticas del Oriente Pr\u00f3ximo traer\u00eda consigo \u00abun control substancial del mundo\u00bb. Y an\u00e1logamente y por contraste, que la p\u00e9rdida de ese control amenazar\u00eda el proyecto de dominaci\u00f3n global claramente articulado durante la II Guerra Mundial y persistentemente mantenido aun frente a los decisivos cambios experimentados por el mundo desde entonces\u00bb. Esto debe ser contrastado con lo que se ha publicitado como comienzo de la globalizaci\u00f3n los \u00faltimos a\u00f1os de la d\u00e9cada del setenta, pero cuyo comienzo hay que buscarlo a comienzos de ese siglo, como ya hemos visto.<br \/>\u00abDesde que comenz\u00f3 la Guerra en 1939, Washington anticip\u00f3 que \u00e9sta terminar\u00eda con los EEUU en una posici\u00f3n de supremac\u00eda. Funcionarios de alto nivel del Departamento de Estado y especialistas en pol\u00edtica exterior se reunieron repetidamente durante la Guerra a fin de dise\u00f1ar planes para el mundo de postguerra. Perfilaron una \u00abGran \u00c1rea\u00bb que los EEUU ten\u00edan que dominar, y que inclu\u00eda el Hemisferio Occidental, el Extremo Oriente y el antiguo Imperio Brit\u00e1nico, con sus recursos energ\u00e9ticos del Oriente Pr\u00f3ximo. Cuando Rusia comenz\u00f3 a demoler los ej\u00e9rcitos nazis luego de la batalla de Stalingrado, los objetivos de la Gran \u00c1rea comenzaron a extenderse hasta abarcar la mayor zona posible de Eurasia, y al menos su n\u00facleo econ\u00f3mico en Europa Occidental. Dentro de la Gran \u00c1rea, los EEUU mantendr\u00edan un \u00abpoder indiscutible\u00bb, con \u00absupremac\u00eda militar y econ\u00f3mica\u00bb, al tiempo que se asegurar\u00edan de \u00ablimitar el ejercicio de la soberan\u00eda\u00bb de los estados capaces de interferir en los prop\u00f3sitos globales estadounidenses. Los circunstanciados planes del tiempo de guerra no tardaron en ponerse por obra\u00bb.<br \/>Empieza a quedar m\u00e1s claro que el apoyo a la democracia, que tanto se ha pregonado desde Washington, no ha sido m\u00e1s que el mascar\u00f3n de proa de un proyecto imperial. El modo un tanto brutal con que lo afirma el profesor no le quita verdad: \u00abEn el mundo real, el asco que por la democracia siente la elite es la norma. Son abrumadoras las pruebas de que la democracia s\u00f3lo es apoyada mientras pueda contribuir a objetivos sociales y econ\u00f3micos, una conclusi\u00f3n a la que reluctantemente llegan los acad\u00e9micos m\u00e1s serios. El desprecio de la elite por la democracia se revel\u00f3 espectacularmente en la reacci\u00f3n a las filtraciones de WikiLeaks. Las que mayor atenci\u00f3n recibieron, con comentarios rayanos en la euforia, fueron los cables en los que se informaba del apoyo de los \u00e1rabes a la posici\u00f3n de los EEUU frente a Ir\u00e1n. La referencia, claro, era a los dictadores \u00e1rabes. Las actitudes de la opini\u00f3n p\u00fablica ni siquiera recib\u00edan menci\u00f3n\u00bb.<\/p>\n","protected":false},"excerpt":{"rendered":"<p>Voy a convocar al profesor Noam Chomsky citando algunos textos de una conferencia dictada en Amsterdam en marzo de 2011. En ella desarroll\u00f3 un largo an\u00e1lisis sobre la situaci\u00f3n pol\u00edtica y militar del mundo actual, partiendo de la comparaci\u00f3n de los levantamientos en el norte de \u00c1frica y las convulsiones sociales que est\u00e1n comenzando en [&hellip;]<\/p>\n","protected":false},"author":1,"featured_media":0,"comment_status":"open","ping_status":"open","sticky":false,"template":"","format":"standard","meta":{"footnotes":""},"categories":[1],"tags":[],"class_list":["post-385","post","type-post","status-publish","format-standard","hentry","category-sin-categoria"],"_links":{"self":[{"href":"https:\/\/ricardovicentelopez.com.ar\/index.php?rest_route=\/wp\/v2\/posts\/385","targetHints":{"allow":["GET"]}}],"collection":[{"href":"https:\/\/ricardovicentelopez.com.ar\/index.php?rest_route=\/wp\/v2\/posts"}],"about":[{"href":"https:\/\/ricardovicentelopez.com.ar\/index.php?rest_route=\/wp\/v2\/types\/post"}],"author":[{"embeddable":true,"href":"https:\/\/ricardovicentelopez.com.ar\/index.php?rest_route=\/wp\/v2\/users\/1"}],"replies":[{"embeddable":true,"href":"https:\/\/ricardovicentelopez.com.ar\/index.php?rest_route=%2Fwp%2Fv2%2Fcomments&post=385"}],"version-history":[{"count":0,"href":"https:\/\/ricardovicentelopez.com.ar\/index.php?rest_route=\/wp\/v2\/posts\/385\/revisions"}],"wp:attachment":[{"href":"https:\/\/ricardovicentelopez.com.ar\/index.php?rest_route=%2Fwp%2Fv2%2Fmedia&parent=385"}],"wp:term":[{"taxonomy":"category","embeddable":true,"href":"https:\/\/ricardovicentelopez.com.ar\/index.php?rest_route=%2Fwp%2Fv2%2Fcategories&post=385"},{"taxonomy":"post_tag","embeddable":true,"href":"https:\/\/ricardovicentelopez.com.ar\/index.php?rest_route=%2Fwp%2Fv2%2Ftags&post=385"}],"curies":[{"name":"wp","href":"https:\/\/api.w.org\/{rel}","templated":true}]}}