{"id":371,"date":"2011-07-20T19:25:00","date_gmt":"2011-07-20T19:25:00","guid":{"rendered":"http:\/\/ricardovicentelopez.com.ar\/?p=371"},"modified":"2015-03-21T14:04:56","modified_gmt":"2015-03-21T14:04:56","slug":"en-torno-a-la-libertad","status":"publish","type":"post","link":"https:\/\/ricardovicentelopez.com.ar\/?p=371","title":{"rendered":"En torno a la libertad"},"content":{"rendered":"<p>El siglo XX mostr\u00f3 una novedad respecto de presentarse como un mundo dividido en dos campos. A partir de la finalizaci\u00f3n de la Primera Guerra Mundial (1914-18), la Rusia zarista comenzaba un proceso de transformaci\u00f3n que la colocaba frente a una experiencia desconocida hasta entonces, como era la construcci\u00f3n de una sociedad socialista. Los avatares del resultado del Tratado de Versalles, con el cual se cerr\u00f3 la contienda, presagiaban que los problemas no resueltos volver\u00edan a encender la chispa guerrera, como efectivamente sucedi\u00f3. El per\u00edodo de pre-guerra y el posterior, de conflicto armado, (1939-45) enturbiaron esta problem\u00e1tica. Desde los a\u00f1os treinta, la aparici\u00f3n del nazismo, que se hab\u00eda agregado a la existencia de la Uni\u00f3n Sovi\u00e9tica en el escenario internacional, se presentaban como modelos que cuestionaban, con su sola presencia, el modelo pol\u00edtico de la democracia liberal. <br \/>La posguerra mostr\u00f3 vencedores a los aliados (los Estados Unidos, Gran Breta\u00f1a, Francia y la Uni\u00f3n Sovi\u00e9tica); sin embargo, estos aliados circunstanciales durar\u00edan poco. Las diferencias irreconciliables de las democracias occidentales con el socialismo sovi\u00e9tico dividieron el escenario al configurar dos bandos antag\u00f3nicos, hasta la implosi\u00f3n y ca\u00edda de la Uni\u00f3n Sovi\u00e9tica, a fines de los ochenta. Estas m\u00e1s de cuatro d\u00e9cadas fueron de tal tensi\u00f3n pol\u00edtica, aunque no lleg\u00f3 a un nuevo enfrentamiento por la posesi\u00f3n de armas nucleares en los dos bandos y cuya utilizaci\u00f3n hubiera sido catastr\u00f3fica. Pero ello no impidi\u00f3 que esas tensiones fueran de tal magnitud que se hablara de \u201cGuerra Fr\u00eda\u201d.<br \/>Estos dos modelos enfrentados parec\u00edan poner en juego el concepto de libertad, alrededor del cual se fue desarrollando una larga controversia ideol\u00f3gica. Digo \u201cparec\u00eda\u201d, porque el problema giraba en torno a qu\u00e9 se entend\u00eda como tal. No voy a entrar en el an\u00e1lisis de ese debate, sino a tratar de describir y analizar las transformaciones que se fueron produciendo con respecto a la libertad y a un concepto correlativo: la \u201clibertad de prensa\u201d.<br \/>El per\u00edodo que se abre a partir del final de la Segunda Guerra fue presentado como el \u201ctriunfo de la libertad y de la democracia\u201d en el \u00e1rea del \u201cmundo libre\u201d, es decir, la que no pertenec\u00eda al campo socialista. Esto se reflej\u00f3 en algunos cambios en los medios de comunicaci\u00f3n masiva, prensa escrita fundamentalmente, dado que todav\u00eda la televisi\u00f3n no se hab\u00eda desarrollado como lo hizo a partir de los sesenta. All\u00ed se puede observar una diferencia entre lo que se publica entre los Estados Unidos y Europa. En \u00e9sta, se mantienen con mucho \u00e9nfasis los medios como voceros de las distintas corrientes pol\u00edticas que son f\u00e1cilmente identificables. En cambio, en el Gran Pa\u00eds del Norte comienza a imponerse el concepto de \u201cinformaci\u00f3n objetiva\u201d, al diferenciar, de este modo, la \u201cinformaci\u00f3n\u201d como dato objetivo de la \u201copini\u00f3n editorial\u201d, en la que se expresa la posici\u00f3n de la direcci\u00f3n del medio. El predomino de los Estados Unidos en el mundo occidental convierte este modo del periodismo en el dominante, el que se fue adoptando en nuestro pa\u00eds. <br \/>Esto gener\u00f3 la convicci\u00f3n de que la lectura de los peri\u00f3dicos informaba con \u201cobjetividad\u201d, por lo que se impuso como \u201cverdad\u201d todo lo que se publicara, lo cual hizo que el \u201cciudadano de a pie\u201d no dudara de lo que se publicara. De all\u00ed fue que este convencimiento cal\u00f3 tan hondo en la \u201copini\u00f3n p\u00fablica\u201d, que la informaci\u00f3n publicada funcion\u00f3 como \u201ccriterio de verdad\u201d para el saber del ciudadano. El periodismo result\u00f3 entonces el centro generador de noticias que pasaban a conformar la verdad que el p\u00fablico consum\u00eda y de las cuales no se dudaba. Esta informaci\u00f3n pas\u00f3 a estructurar la \u201crealidad\u201d como dos bandos (al estilo hollywoodense): los \u201cbuenos\u201d y los \u201cmalos\u201d. Tal vez, cueste trabajo comprender y aceptar que se haya logrado esto con tanta facilidad, al mirar desde este hoy c\u00f3mo ha ido cayendo la credibilidad de los medios en amplios sectores de la opini\u00f3n informada.<\/p>\n","protected":false},"excerpt":{"rendered":"<p>El siglo XX mostr\u00f3 una novedad respecto de presentarse como un mundo dividido en dos campos. A partir de la finalizaci\u00f3n de la Primera Guerra Mundial (1914-18), la Rusia zarista comenzaba un proceso de transformaci\u00f3n que la colocaba frente a una experiencia desconocida hasta entonces, como era la construcci\u00f3n de una sociedad socialista. Los avatares [&hellip;]<\/p>\n","protected":false},"author":1,"featured_media":0,"comment_status":"open","ping_status":"open","sticky":false,"template":"","format":"standard","meta":{"footnotes":""},"categories":[1],"tags":[],"class_list":["post-371","post","type-post","status-publish","format-standard","hentry","category-sin-categoria"],"_links":{"self":[{"href":"https:\/\/ricardovicentelopez.com.ar\/index.php?rest_route=\/wp\/v2\/posts\/371","targetHints":{"allow":["GET"]}}],"collection":[{"href":"https:\/\/ricardovicentelopez.com.ar\/index.php?rest_route=\/wp\/v2\/posts"}],"about":[{"href":"https:\/\/ricardovicentelopez.com.ar\/index.php?rest_route=\/wp\/v2\/types\/post"}],"author":[{"embeddable":true,"href":"https:\/\/ricardovicentelopez.com.ar\/index.php?rest_route=\/wp\/v2\/users\/1"}],"replies":[{"embeddable":true,"href":"https:\/\/ricardovicentelopez.com.ar\/index.php?rest_route=%2Fwp%2Fv2%2Fcomments&post=371"}],"version-history":[{"count":0,"href":"https:\/\/ricardovicentelopez.com.ar\/index.php?rest_route=\/wp\/v2\/posts\/371\/revisions"}],"wp:attachment":[{"href":"https:\/\/ricardovicentelopez.com.ar\/index.php?rest_route=%2Fwp%2Fv2%2Fmedia&parent=371"}],"wp:term":[{"taxonomy":"category","embeddable":true,"href":"https:\/\/ricardovicentelopez.com.ar\/index.php?rest_route=%2Fwp%2Fv2%2Fcategories&post=371"},{"taxonomy":"post_tag","embeddable":true,"href":"https:\/\/ricardovicentelopez.com.ar\/index.php?rest_route=%2Fwp%2Fv2%2Ftags&post=371"}],"curies":[{"name":"wp","href":"https:\/\/api.w.org\/{rel}","templated":true}]}}