{"id":368,"date":"2011-07-31T11:39:00","date_gmt":"2011-07-31T11:39:00","guid":{"rendered":"http:\/\/ricardovicentelopez.com.ar\/?p=368"},"modified":"2015-03-21T14:04:54","modified_gmt":"2015-03-21T14:04:54","slug":"la-concentracion-de-medios-2","status":"publish","type":"post","link":"https:\/\/ricardovicentelopez.com.ar\/?p=368","title":{"rendered":"La concentraci\u00f3n de medios"},"content":{"rendered":"<p>El complejo proceso que se fue desplegando, sobre todo a partir de fines de la d\u00e9cada de los setenta, fue combinando diversas decisiones de lo que podr\u00edamos llamar el \u201cpoder internacional concentrado\u201d  respecto de c\u00f3mo ir avanzando sobre la titularidad de los medios de comunicaci\u00f3n. Hace unos pocos a\u00f1os, una autoridad en la materia, el director del peri\u00f3dico Le Monde Diplomatique, Ignacio Ramonet , analizaba la situaci\u00f3n de las publicaciones period\u00edsticas en Europa y dec\u00eda: \u00abLa disminuci\u00f3n de la difusi\u00f3n de peri\u00f3dicos, su cada vez mayor concentraci\u00f3n en un pu\u00f1ado de grupos industriales y su mayor dependencia de los intereses econ\u00f3micos de esos grupos caracterizan a la prensa escrita actual [esto es extensible a todos los medios &#8211; RVL]. Un fabuloso desarrollo tecnol\u00f3gico pone a la informaci\u00f3n al alcance de un p\u00fablico cada vez m\u00e1s extenso y con mayor rapidez. Pero simult\u00e1neamente se incrementa un periodismo complaciente en menoscabo de un periodismo cr\u00edtico, lo que pone el riesgo la noci\u00f3n misma de prensa libre y perjudica y degrada a la democracia\u00bb.<br \/>De este p\u00e1rrafo se pueden sacar varias conclusiones. Yo lo voy a intentar desde la l\u00ednea de esta serie de notas.  Los medios de comunicaci\u00f3n, deber\u00edamos decir de informaci\u00f3n, o tal vez de desinformaci\u00f3n, han sido acaparados por un \u201cpu\u00f1ado de grupos empresarios\u201d (otro tanto ocurre en nuestro pa\u00eds), con capitales que hasta no hace m\u00e1s de 25 a\u00f1os no se ocupaban de este negocio. La consolidaci\u00f3n de los grandes conglomerados econ\u00f3micos permiti\u00f3 que dieran un paso hacia el control de la opini\u00f3n p\u00fablica, ahora desarrollada dentro del marco de las reglas de la democracia. Pero como \u201cdemocracia\u201d es hoy el \u201creino del mercado\u201d la v\u00eda utilizada fue la compra de esos medios y su concentraci\u00f3n. Por tal raz\u00f3n se puede comprender, aunque no justificar, que por razones de conservaci\u00f3n de sus puestos de trabajo haya proliferado \u201cun periodismo complaciente\u201d, como puede verse hoy en nuestro pa\u00eds. Paralelamente se fue disolviendo el \u201cperiodismo cr\u00edtico\u201d. <br \/>Esto nos coloca en la pista del proceso que se ha ido dando dentro de esos medios. La censura estatal expl\u00edcita en el mundo occidental ha casi desaparecido, pero ha sido reemplazada por la censura interna que se verifica en las redacciones. Y la censura interna es m\u00e1s f\u00e1cil de aplicar cuando los periodistas han asumido los valores que los medios exhiben: todos ellos marcados por el claro eje de la mayor rentabilidad. Agreguemos a esto que la rentabilidad se obtiene por la venta de espacios publicitarios y que estos son definidos por las empresas y las agencias de publicidad. Ambas est\u00e1n regidas por objetivos comunes: llegar a la conciencia del mayor n\u00famero posible de consumidores por los caminos m\u00e1s efectivos. Esta mercantilizaci\u00f3n penetra en los medios que apelan a todo tipo de trucos para vender (CD, DVD, revistas, juegos con premios). No debe perderse de vista que los empresarios que avanzaron sobre los medios tienen una diversidad de empresas que deben ser protegidas y apoyadas por la informaci\u00f3n de esos medios.<br \/>Ramonet nos advierte: \u00abLo cual refuerza la confusi\u00f3n entre informaci\u00f3n y mercanc\u00eda, con el riesgo de que los lectores ya no sepan qu\u00e9 es lo que compran. As\u00ed es como los diarios enturbian m\u00e1s su identidad, desvalorizan el t\u00edtulo y ponen en marcha un engranaje diab\u00f3lico que nadie sabe en que acabar\u00e1\u00bb. Entonces la  pretensi\u00f3n de recuperar para los medios el papel de difusores de cultura es rid\u00edcula, inocente, irrealista o infantil. Creo que hoy todo ello la describe, hasta tanto no seamos capaces de convertirnos en, por lo menos, consumidores cr\u00edticos y selectivos que hagamos sentir las preferencias de un p\u00fablico que demanda bienes culturales y no camuflaje de mercado. Me parece impactante la figura del \u201cengranaje diab\u00f3lico\u201d utilizada por quien sabe mucho de ello porque se encuentra en el coraz\u00f3n mismo de este proyecto devastador.<\/p>\n","protected":false},"excerpt":{"rendered":"<p>El complejo proceso que se fue desplegando, sobre todo a partir de fines de la d\u00e9cada de los setenta, fue combinando diversas decisiones de lo que podr\u00edamos llamar el \u201cpoder internacional concentrado\u201d respecto de c\u00f3mo ir avanzando sobre la titularidad de los medios de comunicaci\u00f3n. Hace unos pocos a\u00f1os, una autoridad en la materia, el [&hellip;]<\/p>\n","protected":false},"author":1,"featured_media":0,"comment_status":"open","ping_status":"open","sticky":false,"template":"","format":"standard","meta":{"footnotes":""},"categories":[1],"tags":[],"class_list":["post-368","post","type-post","status-publish","format-standard","hentry","category-sin-categoria"],"_links":{"self":[{"href":"https:\/\/ricardovicentelopez.com.ar\/index.php?rest_route=\/wp\/v2\/posts\/368","targetHints":{"allow":["GET"]}}],"collection":[{"href":"https:\/\/ricardovicentelopez.com.ar\/index.php?rest_route=\/wp\/v2\/posts"}],"about":[{"href":"https:\/\/ricardovicentelopez.com.ar\/index.php?rest_route=\/wp\/v2\/types\/post"}],"author":[{"embeddable":true,"href":"https:\/\/ricardovicentelopez.com.ar\/index.php?rest_route=\/wp\/v2\/users\/1"}],"replies":[{"embeddable":true,"href":"https:\/\/ricardovicentelopez.com.ar\/index.php?rest_route=%2Fwp%2Fv2%2Fcomments&post=368"}],"version-history":[{"count":0,"href":"https:\/\/ricardovicentelopez.com.ar\/index.php?rest_route=\/wp\/v2\/posts\/368\/revisions"}],"wp:attachment":[{"href":"https:\/\/ricardovicentelopez.com.ar\/index.php?rest_route=%2Fwp%2Fv2%2Fmedia&parent=368"}],"wp:term":[{"taxonomy":"category","embeddable":true,"href":"https:\/\/ricardovicentelopez.com.ar\/index.php?rest_route=%2Fwp%2Fv2%2Fcategories&post=368"},{"taxonomy":"post_tag","embeddable":true,"href":"https:\/\/ricardovicentelopez.com.ar\/index.php?rest_route=%2Fwp%2Fv2%2Ftags&post=368"}],"curies":[{"name":"wp","href":"https:\/\/api.w.org\/{rel}","templated":true}]}}