{"id":367,"date":"2011-08-03T11:20:00","date_gmt":"2011-08-03T11:20:00","guid":{"rendered":"http:\/\/ricardovicentelopez.com.ar\/?p=367"},"modified":"2015-03-21T14:04:54","modified_gmt":"2015-03-21T14:04:54","slug":"medios-de-comunicacion-al-servicio-de-quienes","status":"publish","type":"post","link":"https:\/\/ricardovicentelopez.com.ar\/?p=367","title":{"rendered":"Medios de comunicaci\u00f3n, \u00bfal servicio de qui\u00e9nes?"},"content":{"rendered":"<p>Como en \u201ctodas partes se cuecen habas\u201d, seg\u00fan reza el refr\u00e1n, voy a proponer la b\u00fasqueda de la opini\u00f3n de aquellos periodistas que por serlo, pueden hablar desde el coraz\u00f3n mismo del sistema informacional. En este caso se trata del espa\u00f1ol Jos\u00e9 Mar\u00eda Otero que nos cuenta algo de su tierra. Hace referencia a una afirmaci\u00f3n de la escritora y directora de la Biblioteca Nacional de Espa\u00f1a, Rosa Reg\u00e1s, que \u00abpuso el dedo en la llaga al escribir un art\u00edculo en El Peri\u00f3dico de Catalunya, en el que juzga duramente al periodismo actual de este pa\u00eds. En \u00e9l se jacta de llevar dos meses sin o\u00edr la radio ni ver televisi\u00f3n, y se felicita de que cada vez se vendan menos peri\u00f3dicos\u00bb. Dice: \u00abLos grandes logros sociales de este Gobierno se venden mal, porque la prensa no es del Gobierno. Todos van a favor de la oposici\u00f3n\u00bb. Inmediatamente saltaron se hicieron o\u00edr los periodistas, con su consabida dosis de corporativismo, y las asociaciones profesionales que defienden a ultranza la libertad de expresi\u00f3n y no soportan las cr\u00edticas a su trabajo, en ocasiones, \u201crayano en lo delictivo\u201d (nosotros tenemos una larga lista de estos ejemplares). Uno podr\u00eda preguntarse: Pero \u00bfa qu\u00e9 se debe tal cosa? El se\u00f1or Otero nos responde:<br \/>Lo cierto es que la concentraci\u00f3n de los medios de informaci\u00f3n en oligopolios incontrolables y poderos\u00edsimos, pervierte la funci\u00f3n del periodismo y los grupos medi\u00e1ticos obtienen una cuota de poder mayor que la que originalmente ten\u00edan destinado y devienen en una suerte de poder paralelo que les permite interferir decisivamente en la percepci\u00f3n de los ciudadanos o en las decisiones gubernamentales por medio de presiones, chantajes o persecuciones deleznables, en aras de la libertad de expresi\u00f3n. Y no se trata de Espa\u00f1a \u00fanicamente. Silvio Berlusconi es pol\u00edticamente quien es, por haber llegado a controlar numerosos medios privados de su pa\u00eds y adecuado las leyes a sus negocios particulares, sin reparar en medios \u00e9ticos. El australiano Robert Murdoch ha comprado el The Wall Street Journal, agreg\u00e1ndolo a su cadena de ocho peri\u00f3dicos en Australia, Reino Unido y los Estados Unidos. Tambi\u00e9n se hizo con la Twentieth Century Fox, y ya sabemos lo importante que es el mensaje pol\u00edtico a trav\u00e9s del cine y la TV. Y mont\u00f3 Fox News y New World Communications o Sky Italia. No debemos olvidar la importancia que tuvo la Fox en el recuento de votos dudosos en Florida, cuando Bush le gan\u00f3 la presidencia a Gore, gracias a esa trampa. Adem\u00e1s, apoy\u00f3 la guerra de Irak y demoniz\u00f3 a los pol\u00edticos que se opon\u00edan a ella con una campa\u00f1a encarnizada. Claro que ello tuvo su premio, y el gobierno de Bush flexibiliz\u00f3 a su medida las leyes antimonopolio y los permisos a los oligopolios de la informaci\u00f3n.<br \/>Los due\u00f1os de \u201cla libertad de expresi\u00f3n\u201d est\u00e1n en todas partes, seg\u00fan parece, y apelan a los mismos argumentos para alabar o desprestigiar a alguien, todo ello por una \u201cm\u00f3dica recompensa\u201d que est\u00e1 debidamente tarifada. De este modo, el disenso que aclara y enriquece ha desaparecido y numerosos \u00abcomentaristas\u00bb y \u00abopinadores\u00bb, servidores profesionales, llevan la camiseta puesta del equipo que les paga por sus servicios, o sea del sector pol\u00edtico-empresarial que compra esa opini\u00f3n. Ya el novelista franc\u00e9s Honor\u00e9 de Balzac (1799-1850) dec\u00eda: \u00abEl peri\u00f3dico es una tienda en que se venden al p\u00fablico las palabras del mismo color que las quiere\u00bb.<br \/>Apelo a otro periodista de larga carrera y prestigio, colaborador del diario La Jornada, de M\u00e9jico. Jos\u00e9 Steinsleger quien escribi\u00f3 una nota cuyo t\u00edtulo es m\u00e1s que sugestivo: \u201cDe la libertad de expresi\u00f3n y otros cuentos\u201d. En ella sostiene: \u00abEl negocio de los grandes medios de difusi\u00f3n (llamarlos \u00abde comunicaci\u00f3n\u00bb ser\u00eda exceso) consiste en tergiversar y silenciar a quienes disienten en un determinado orden de cosas. Pero a la claudicaci\u00f3n, amoralidad y desd\u00e9n por los principios debemos remitir el actual y confuso orden de las cosas\u00bb.<\/p>\n<p><strong><\/strong><\/p>\n","protected":false},"excerpt":{"rendered":"<p>Como en \u201ctodas partes se cuecen habas\u201d, seg\u00fan reza el refr\u00e1n, voy a proponer la b\u00fasqueda de la opini\u00f3n de aquellos periodistas que por serlo, pueden hablar desde el coraz\u00f3n mismo del sistema informacional. En este caso se trata del espa\u00f1ol Jos\u00e9 Mar\u00eda Otero que nos cuenta algo de su tierra. Hace referencia a una [&hellip;]<\/p>\n","protected":false},"author":1,"featured_media":0,"comment_status":"open","ping_status":"open","sticky":false,"template":"","format":"standard","meta":{"footnotes":""},"categories":[1],"tags":[],"class_list":["post-367","post","type-post","status-publish","format-standard","hentry","category-sin-categoria"],"_links":{"self":[{"href":"https:\/\/ricardovicentelopez.com.ar\/index.php?rest_route=\/wp\/v2\/posts\/367","targetHints":{"allow":["GET"]}}],"collection":[{"href":"https:\/\/ricardovicentelopez.com.ar\/index.php?rest_route=\/wp\/v2\/posts"}],"about":[{"href":"https:\/\/ricardovicentelopez.com.ar\/index.php?rest_route=\/wp\/v2\/types\/post"}],"author":[{"embeddable":true,"href":"https:\/\/ricardovicentelopez.com.ar\/index.php?rest_route=\/wp\/v2\/users\/1"}],"replies":[{"embeddable":true,"href":"https:\/\/ricardovicentelopez.com.ar\/index.php?rest_route=%2Fwp%2Fv2%2Fcomments&post=367"}],"version-history":[{"count":0,"href":"https:\/\/ricardovicentelopez.com.ar\/index.php?rest_route=\/wp\/v2\/posts\/367\/revisions"}],"wp:attachment":[{"href":"https:\/\/ricardovicentelopez.com.ar\/index.php?rest_route=%2Fwp%2Fv2%2Fmedia&parent=367"}],"wp:term":[{"taxonomy":"category","embeddable":true,"href":"https:\/\/ricardovicentelopez.com.ar\/index.php?rest_route=%2Fwp%2Fv2%2Fcategories&post=367"},{"taxonomy":"post_tag","embeddable":true,"href":"https:\/\/ricardovicentelopez.com.ar\/index.php?rest_route=%2Fwp%2Fv2%2Ftags&post=367"}],"curies":[{"name":"wp","href":"https:\/\/api.w.org\/{rel}","templated":true}]}}