{"id":347,"date":"2011-10-16T11:39:00","date_gmt":"2011-10-16T11:39:00","guid":{"rendered":"http:\/\/ricardovicentelopez.com.ar\/?p=347"},"modified":"2015-03-21T14:04:53","modified_gmt":"2015-03-21T14:04:53","slug":"la-guerra-como-instrumento-de-los-derechos-humanos","status":"publish","type":"post","link":"https:\/\/ricardovicentelopez.com.ar\/?p=347","title":{"rendered":"La guerra como instrumento de los derechos humanos"},"content":{"rendered":"<p>Si el tema que nos ha convocado es la reflexi\u00f3n sobre el tema de la libertad, no hemos podido evitar la investigaci\u00f3n sobre los or\u00edgenes de este modo de entenderla que nos ha propuesto el liberalismo cl\u00e1sico, de los siglos XVI y XVII, para hurgar en esas ra\u00edces todos los significados que conten\u00eda que, con el correr de la historia se pusieron de manifiesto, y que hoy lo estamos padeciendo. Ese retorno al pasado nos permiti\u00f3 encontrar all\u00ed una duplicidad, como hemos visto, de una libertad pensada s\u00f3lo para cierta clase de personas y que, como consecuencia, exclu\u00eda expl\u00edcitamente al resto de los pueblos de la periferia. Se puede encontrar en un hecho que demostr\u00f3 la vigencia de esa misma duplicidad en la guerra de Kosovo y Serbia (1999) en la que la OTAN particip\u00f3 para restablecer la vigencia de la libertad y los derechos humanos. Sus resultados calamitosos, todo un pa\u00eds fue destruido. <br \/>Hinkelammert dice: \u00abLa Organizaci\u00f3n del Tratado del Atl\u00e1ntico Norte (OTAN) puso en marcha una gran f\u00e1brica de muerte, que llev\u00f3 a cabo una acci\u00f3n de aniquilamiento. No hab\u00eda defensas posibles y la OTAN no tuvo muertes; todos los muertos fueron kosovares y serbios, y la mayor\u00eda de ellos civiles. Los pilotos actuaron como verdugos que ejecutan culpables, que no ten\u00edan defensa. Cuando volv\u00edan, dec\u00edan que hab\u00edan hecho un \u201cbuen trabajo\u201d, era el \u201cbuen trabajo\u201d del verdugo. La OTAN se jacta de producido un m\u00ednimo de muertos. Lo que se destruy\u00f3 fue la base real de la vida de la poblaci\u00f3n. Se destruyeron la infraestructura econ\u00f3mica con todas las f\u00e1bricas importantes, las comunicaciones con todos los puentes significativos, la infraestructura de electricidad y de agua potable, escuelas, hospitales y muchas viviendas. Todo ello son objetivos civiles, que en jerga militar implican da\u00f1os colaterales al poder militar\u00bb. La descripci\u00f3n es terrible y se produjo en el coraz\u00f3n de Europa, no en \u00c1frica o Asia donde se ha podido hablar del \u201csalvajismo de los enemigos\u201d.<br \/>La OTAN no asumi\u00f3 ninguna responsabilidad por sus actos. El presidente de entonces de los Estados Unidos, Bill Clinton, declar\u00f3: \u00abLa responsabilidad por el aniquilamiento de Serbia es de los propios serbios, por la violaciones de los derechos humanos que ellos cometieron en Kosovo\u00bb. Las violaciones que se mostraban, como justificaci\u00f3n de la guerra desatada, constituyeron el argumento con el cual \u00abse sent\u00edan con el derecho, y hasta la obligaci\u00f3n moral, que les impuso esa participaci\u00f3n\u00bb. De all\u00ed que la explicaciones posteriores hablaron de la \u201cintervenci\u00f3n humanitaria\u201d. El argumento no dicho, pero que se desprende de lo que se mostr\u00f3, es que la violaci\u00f3n de los derechos humanos para evitar las violaciones a los derechos humanos quedan justificadas de hecho y jur\u00eddicamente. Los ecos de los argumentos de Locke quedan a la vista. As\u00ed como el \u201cagresor\u201d de la \u201csociedad natural\u201d imped\u00eda que el conquistador se apropiara de sus tierras, \u00e9ste se ve\u00eda obligado a emprender una \u201cguerra justa\u201d para contrarrestar la \u201cguerra injusta\u201d. Es \u00e9ste, el que agrede \u201cinjustamente\u201d el culpable de las acciones que se desatan y de las v\u00edctimas que resultan de ello.<br \/>Como ya qued\u00f3 dicho, todas las guerras \u201cjustas\u201d que se emprendieron desde principios de los noventa en el Medio Oriente, Guerra del Golfo (1990-91), Invasi\u00f3n a Afganist\u00e1n (2001 hasta hoy) Invasi\u00f3n a Irak (2003-hasta hoy) se han presentado bajo las mismas explicaciones. Ello exige disponer de un aparato publicitario que convenza a la poblaci\u00f3n de Occidente de la \u201cjusticia\u201d de estas acciones. Las dos armas indispensables para estas guerras de \u201cliberaci\u00f3n\u201d que posibilitar\u00e1n la \u201cdemocratizaci\u00f3n\u201d de esos pueblos act\u00faan coordinadamente: El poder militar y el poder de los medios. La propaganda nos va explicar la necesidad de violar los derechos humanos de esas poblaciones, aunque esto no sea expresado en esos t\u00e9rminos, para ofrecerle el disfrute posterior de esos derechos. Un juego de palabras perverso. <br \/>Hinkelammert cierra sus reflexiones con estas palabras: \u00abTodo lo que se le antoje al poderoso lo puede hacer, y todo eso ser\u00e1 imposici\u00f3n leg\u00edtima de los derechos humanos\u00bb. Esos pa\u00edses que llevaron la destrucci\u00f3n, la miseria, la muerte, por sus planes colonizadores, no asumen ninguna responsabilidad por esos hechos ya que se produjeron por la \u201cacci\u00f3n humanitaria\u201d realizada. Podr\u00edamos concluir diciendo: es el precio de la libertad que nos ofrecen y que se ha ido pagando con la in mensa deuda externa que se ha contra\u00eddo para reconstruir tanta destrucci\u00f3n.<\/p>\n","protected":false},"excerpt":{"rendered":"<p>Si el tema que nos ha convocado es la reflexi\u00f3n sobre el tema de la libertad, no hemos podido evitar la investigaci\u00f3n sobre los or\u00edgenes de este modo de entenderla que nos ha propuesto el liberalismo cl\u00e1sico, de los siglos XVI y XVII, para hurgar en esas ra\u00edces todos los significados que conten\u00eda que, con [&hellip;]<\/p>\n","protected":false},"author":1,"featured_media":0,"comment_status":"open","ping_status":"open","sticky":false,"template":"","format":"standard","meta":{"footnotes":""},"categories":[1],"tags":[],"class_list":["post-347","post","type-post","status-publish","format-standard","hentry","category-sin-categoria"],"_links":{"self":[{"href":"https:\/\/ricardovicentelopez.com.ar\/index.php?rest_route=\/wp\/v2\/posts\/347","targetHints":{"allow":["GET"]}}],"collection":[{"href":"https:\/\/ricardovicentelopez.com.ar\/index.php?rest_route=\/wp\/v2\/posts"}],"about":[{"href":"https:\/\/ricardovicentelopez.com.ar\/index.php?rest_route=\/wp\/v2\/types\/post"}],"author":[{"embeddable":true,"href":"https:\/\/ricardovicentelopez.com.ar\/index.php?rest_route=\/wp\/v2\/users\/1"}],"replies":[{"embeddable":true,"href":"https:\/\/ricardovicentelopez.com.ar\/index.php?rest_route=%2Fwp%2Fv2%2Fcomments&post=347"}],"version-history":[{"count":0,"href":"https:\/\/ricardovicentelopez.com.ar\/index.php?rest_route=\/wp\/v2\/posts\/347\/revisions"}],"wp:attachment":[{"href":"https:\/\/ricardovicentelopez.com.ar\/index.php?rest_route=%2Fwp%2Fv2%2Fmedia&parent=347"}],"wp:term":[{"taxonomy":"category","embeddable":true,"href":"https:\/\/ricardovicentelopez.com.ar\/index.php?rest_route=%2Fwp%2Fv2%2Fcategories&post=347"},{"taxonomy":"post_tag","embeddable":true,"href":"https:\/\/ricardovicentelopez.com.ar\/index.php?rest_route=%2Fwp%2Fv2%2Ftags&post=347"}],"curies":[{"name":"wp","href":"https:\/\/api.w.org\/{rel}","templated":true}]}}