{"id":341,"date":"2011-11-06T12:59:00","date_gmt":"2011-11-06T12:59:00","guid":{"rendered":"http:\/\/ricardovicentelopez.com.ar\/?p=341"},"modified":"2015-03-21T14:04:53","modified_gmt":"2015-03-21T14:04:53","slug":"se-replantea-el-liberalismo-el-liberalismo-economico","status":"publish","type":"post","link":"https:\/\/ricardovicentelopez.com.ar\/?p=341","title":{"rendered":"Se replantea el liberalismo: el liberalismo econ\u00f3mico"},"content":{"rendered":"<p>Un breve relato nos colocar\u00e1 en la perspectiva hist\u00f3rica dentro de la cual aparece con fuerza lo que se conoci\u00f3 m\u00e1s tarde como neoliberalismo. El prefijo \u201cneo\u201d est\u00e1 dando a entender que alguna diferencia tiene con el liberalismo cl\u00e1sico, sobre el que algo ya qued\u00f3 dicho. Es, precisamente, el car\u00e1cter de \u201cneo\u201d lo que reclama un an\u00e1lisis de sus diferencias. <br \/>El economista chileno Marco Antonio Moreno, en noviembre de 2007, cuando se cumpl\u00edan sesenta a\u00f1os de un acontecimiento casi fundante de esta corriente de pensamiento, nos cuenta: \u00abEn abril de 1947, a las faldas del Mont P\u00e8lerin, en los Alpes Suizos, Friedrich von Hayek  [1899-1992] y Milton Friedman  [1912-2006] reunieron a un nutrido grupo de intelectuales de derecha para expresar su repudio al New Deal  y al keynesianismo  que, en ese momento, dominaba el mundo econ\u00f3mico. El objetivo de Hayek, Friedman y la treintena de empresarios y pol\u00edticos convocados, entre los que se contaba Karl Popper  [1902-1994] -quien acababa de publicar La Sociedad Abierta y sus Enemigos-, era sentar las bases ideol\u00f3gicas para una reducci\u00f3n del aparato estatal que, con la revoluci\u00f3n del economista brit\u00e1nico John Maynard Keynes  [1883-1946] hab\u00eda cobrado un nuevo \u00edmpetu en el liderazgo del desempe\u00f1o econ\u00f3mico. A Hayek le molestaba la presencia del keynesianismo por su posibilidad de llegar a establecer y legitimar el  socialismo, lo que constituir\u00eda un verdadero \u201ccamino de servidumbre\u201d. Ello dio origen al neoliberalismo, movimiento ideol\u00f3gico que crea y desarrolla  \u2013a trav\u00e9s de los think tanks &#8211; modelos de ataque contra toda limitaci\u00f3n impuesta por el Estado a los mecanismos del mercado\u00bb.<br \/>Ubiquemos el encuentro en los a\u00f1os inmediatos al final de la Segunda Guerra Mundial,  momento en que el Premier brit\u00e1nico Winston Churchill  (1874-1965) levanta \u201cla Cortina de Hierro\u201d para dividir en dos a Europa: la llamada  \u201cLibre\u201d, al oeste de la frontera ocupada por la Uni\u00f3n Sovi\u00e9tica, y la otra, tras esa frontera hacia el este. Hayek intuye, y por ello sostiene, que el decisivo protagonismo del Estado \u2014que permiti\u00f3 la recuperaci\u00f3n de los Estados Unidos de la Depresi\u00f3n de los a\u00f1os treinta\u2014 pod\u00eda convertirse en un modelo. El riesgo que tem\u00edan los liberales era la validaci\u00f3n de las ideas de Keynes, por el miedo de que arrastrara a los pa\u00edses que lo practicaran al mismo desastre en el que se precipit\u00f3 el nazismo germano. Por tal raz\u00f3n, titula su libro \u2014que actu\u00f3 de all\u00ed en m\u00e1s como carta fundacional del neoliberalismo\u2014 Camino de servidumbre (1944), que se convertir\u00eda en la \u201cbiblia\u201d de los procesos instaurados en Gran Breta\u00f1a por Margaret Thatcher (1979) y, en los Estados Unidos, por Ronald Reagan (1981).<br \/>Richard Cockett , en su libro Pensando lo imposible, documenta en detalle c\u00f3mo y por qui\u00e9nes fue ideada la denominada \u00abcontrarrevoluci\u00f3n econ\u00f3mica para contrarrestar el impacto de las ideas keynesianas\u00bb. Se refiere a ese grupo de intelectuales como una secta creada en 1941 con el objetivo de derribar los argumentos de Keynes. Para financiar las operaciones de \u201cla secta\u201d, recurrieron al apoyo de industriales, banqueros y a la famosa Fundaci\u00f3n Rockefeller , cuyo fin era convertir a una importante generaci\u00f3n de intelectuales al credo del liberalismo pregonado por Adam Smith, ahora repensado sesgadamente desde la situaci\u00f3n del mundo capitalista del siglo XX, cuyo objetivo fundamental era la pr\u00e9dica de un anticomunismo cerrado. Nuestro autor escribe con entusiasmo: \u00abHayek y la Sociedad del Monte Peregrino fueron al siglo XX lo que Karl Marx y la Primera Internacional fueron al siglo XIX\u00bb.<br \/>Otro economista, Mark Hartwell, miembro de \u201cla secta\u201d se\u00f1al\u00f3 que \u00e9sta \u00abprodujo en todo el mundo instituciones que propagaron el liberalismo econ\u00f3mico contribuyendo al cambio de pol\u00edticas en los gobiernos mediante el papel de sus miembros como asesores directos o creadores de pol\u00edticas internas\u00bb. Quedaba as\u00ed fundada una instituci\u00f3n que declaraba su \u201cguerra\u201d a toda posibilidad de intervenci\u00f3n del Estado como instrumento de correcci\u00f3n de las desviaciones que produc\u00eda el libre juego del mercado. Afirma Marco Antonio Moreno que \u00abeste grupo de fundamentalistas ideol\u00f3gicos se consagr\u00f3 a las divulgaci\u00f3n de las tesis neoliberales para combatir el keynesianismo y toda forma de Estado Social y a preparar las bases te\u00f3ricas de un capitalismo duro y un libre mercado exento de toda regla \u00e9tica y social\u00bb.<\/p>\n","protected":false},"excerpt":{"rendered":"<p>Un breve relato nos colocar\u00e1 en la perspectiva hist\u00f3rica dentro de la cual aparece con fuerza lo que se conoci\u00f3 m\u00e1s tarde como neoliberalismo. El prefijo \u201cneo\u201d est\u00e1 dando a entender que alguna diferencia tiene con el liberalismo cl\u00e1sico, sobre el que algo ya qued\u00f3 dicho. Es, precisamente, el car\u00e1cter de \u201cneo\u201d lo que reclama [&hellip;]<\/p>\n","protected":false},"author":1,"featured_media":0,"comment_status":"open","ping_status":"open","sticky":false,"template":"","format":"standard","meta":{"footnotes":""},"categories":[1],"tags":[],"class_list":["post-341","post","type-post","status-publish","format-standard","hentry","category-sin-categoria"],"_links":{"self":[{"href":"https:\/\/ricardovicentelopez.com.ar\/index.php?rest_route=\/wp\/v2\/posts\/341","targetHints":{"allow":["GET"]}}],"collection":[{"href":"https:\/\/ricardovicentelopez.com.ar\/index.php?rest_route=\/wp\/v2\/posts"}],"about":[{"href":"https:\/\/ricardovicentelopez.com.ar\/index.php?rest_route=\/wp\/v2\/types\/post"}],"author":[{"embeddable":true,"href":"https:\/\/ricardovicentelopez.com.ar\/index.php?rest_route=\/wp\/v2\/users\/1"}],"replies":[{"embeddable":true,"href":"https:\/\/ricardovicentelopez.com.ar\/index.php?rest_route=%2Fwp%2Fv2%2Fcomments&post=341"}],"version-history":[{"count":0,"href":"https:\/\/ricardovicentelopez.com.ar\/index.php?rest_route=\/wp\/v2\/posts\/341\/revisions"}],"wp:attachment":[{"href":"https:\/\/ricardovicentelopez.com.ar\/index.php?rest_route=%2Fwp%2Fv2%2Fmedia&parent=341"}],"wp:term":[{"taxonomy":"category","embeddable":true,"href":"https:\/\/ricardovicentelopez.com.ar\/index.php?rest_route=%2Fwp%2Fv2%2Fcategories&post=341"},{"taxonomy":"post_tag","embeddable":true,"href":"https:\/\/ricardovicentelopez.com.ar\/index.php?rest_route=%2Fwp%2Fv2%2Ftags&post=341"}],"curies":[{"name":"wp","href":"https:\/\/api.w.org\/{rel}","templated":true}]}}