{"id":338,"date":"2011-11-16T12:27:00","date_gmt":"2011-11-16T12:27:00","guid":{"rendered":"http:\/\/ricardovicentelopez.com.ar\/?p=338"},"modified":"2015-03-21T14:04:53","modified_gmt":"2015-03-21T14:04:53","slug":"la-libertad-de-comprar","status":"publish","type":"post","link":"https:\/\/ricardovicentelopez.com.ar\/?p=338","title":{"rendered":"La libertad de comprar"},"content":{"rendered":"<p>El tema que estamos analizando se presenta forzosamente con perfiles un tanto acad\u00e9micos, tal vez   demasiado profesional. Pido disculpas por ello, pero debo decir que no se puede eludir la necesidad de mirar por debajo de todo palabrer\u00edo con que se encubre el debate de la econom\u00eda capitalista. Y ello, porque, avalada por el significativo concepto de \u201clibertad de mercados\u201d tiende al rechazo de toda cr\u00edtica como atentatoria de la libertad de los ciudadanos. Tras el espejismo de la libertad del consumidor de elegir lo que desea, sin que nada se lo impida (salvo el dinero necesario), se esconde la verdad de que no elige; tan solo opta por las alternativas que se le presentan y que, en el supuesto \u201clibre juego de la oferta y la demanda\u201d, \u00e9ste se da en medio de una disparidad de fuerzas evidente entre \u201coferentes\u201d poderosos y concentrados y \u201cdemandantes\u201d indefensos ante lo que la oferta propone. Sin tener en cuenta, adem\u00e1s, el eficaz influjo de una publicidad que condiciona las preferencias del consumidor.<br \/>Este supuesto \u201clibre juego\u201d, como ya vimos, precipit\u00f3 en crisis de diferentes profundidades, pero todas ellas con costos importantes, sobre todo para los menos favorecidos por la injusta distribuci\u00f3n de la riqueza. Esta injusticia qued\u00f3 legitimada al ser entendida como la consecuencia de los menos capaces para moverse en un escenario de libertad, que exige una \u201ccompetencia\u201d y \u201cmadurez\u201d entre los concurrentes. Los mejores preparados han sido los exitosos de la confrontaci\u00f3n econ\u00f3mica. Esta es otra de las \u201cverdades\u201d que se han clavado muy hondo en la conciencia de tantas personas. Sobre todo, cuando deben juzgar al desempleado, al carente de recursos, a quienes acusan de ser vagos o ineptos para \u201cabrirse camino en la vida\u201d. La mirada individualista, desprovista de una investigaci\u00f3n consistente sobre los procesos sociales, es la base que sostiene ese modo de \u201cver y juzgar\u201d, puesto que es incapaz de \u201cver y analizar\u201d los condicionantes estructurales de una sociedad que coloca a cada nuevo componente en un punto de partida diferente, muchas veces muy lejanos unos de otro.<br \/>El profesor e investigador, Juan Francisco Mart\u00edn Seco, se ve obligado a subrayar que esa argumentaci\u00f3n se encuentra en la base de gran parte de la cr\u00edtica a Keynes y que se debe a que sus tesis \u00abson planteamientos que hacen saltar por los aires el castillo construido en forma de excusa para defender la  acumulaci\u00f3n capitalista. De ah\u00ed que las fuerzas pol\u00edticas y econ\u00f3micas recurran a las pol\u00edticas keynesianas cuando no tienen m\u00e1s remedio, porque la crisis los ha colocado al borde del abismo, pero huyen de ellas como de la peste tan pronto como pasa el peligro, y vuelven a enarbolar el discurso de la austeridad: reformas y ajustes, sangre, sudor y l\u00e1grimas\u2026 para los de siempre, claro\u00bb. <br \/>La crisis financiera de 2007 mostr\u00f3 un escenario casi olvidado para el Primer Mundo defensor del \u201clibre mercado\u201d. Los Estados de los pa\u00edses centrales debieron socorrer a grandes empresas, introduciendo miles de millones de d\u00f3lares para salvarlas de la quiebra. Para ello, no hubo cr\u00edticas contra la intervenci\u00f3n estatal ni contra la estatizaci\u00f3n de grandes financieras y Bancos internacionales. Como dice Seco, \u00abestaban al borde del abismo\u00bb y, en ese momento, a la doctrina de la libertad se la dej\u00f3 de lado.<br \/>Se entiende as\u00ed el rechazo y el menosprecio por uno de los m\u00e1s grandes economistas del siglo XX, seg\u00fan el profesor brit\u00e1nico Will Hutton, veterano e influyente periodista econ\u00f3mico del peri\u00f3dico londinense The Guardian. El prolongado debate sobre teor\u00eda econ\u00f3mica hab\u00eda colocado a Keynes como un gran opositor al juego de un mercado libre, sin controles, por los riesgos que ese libre juego permit\u00eda suponer, como la historia volvi\u00f3 a demostrar. Hutton sostiene que Keynes: \u00abHab\u00eda querido destruir la teor\u00eda propagada por economistas y pol\u00edticos que predicaban equilibrios presupuestarios, austeridad p\u00fablica, primac\u00eda de la soberan\u00eda nacional y libertades para las finanzas en casa y en el exterior. En cambio, \u00e9l quer\u00eda reglas que reconocieran la interdependencia entre pa\u00edses y crear instituciones globales y una moneda mundial que dejara espacio a los gobiernos para maniobrar actuando con inteligencia y creatividad a fin de estimular el empleo, el comercio y el crecimiento. Consigui\u00f3 algo de lo que deseaba, pero no, lo bastante; y no es descabellado escuchar los ecos de su discurso de despedida, en el que avisaba de sus temores de que volvieran los dragones\u00bb. Y los dragones (la derecha republicana) volvieron, m\u00e1s de una vez, pero los que los padecieron no aprendieron la lecci\u00f3n.<\/p>\n","protected":false},"excerpt":{"rendered":"<p>El tema que estamos analizando se presenta forzosamente con perfiles un tanto acad\u00e9micos, tal vez demasiado profesional. Pido disculpas por ello, pero debo decir que no se puede eludir la necesidad de mirar por debajo de todo palabrer\u00edo con que se encubre el debate de la econom\u00eda capitalista. Y ello, porque, avalada por el significativo [&hellip;]<\/p>\n","protected":false},"author":1,"featured_media":0,"comment_status":"open","ping_status":"open","sticky":false,"template":"","format":"standard","meta":{"footnotes":""},"categories":[1],"tags":[],"class_list":["post-338","post","type-post","status-publish","format-standard","hentry","category-sin-categoria"],"_links":{"self":[{"href":"https:\/\/ricardovicentelopez.com.ar\/index.php?rest_route=\/wp\/v2\/posts\/338","targetHints":{"allow":["GET"]}}],"collection":[{"href":"https:\/\/ricardovicentelopez.com.ar\/index.php?rest_route=\/wp\/v2\/posts"}],"about":[{"href":"https:\/\/ricardovicentelopez.com.ar\/index.php?rest_route=\/wp\/v2\/types\/post"}],"author":[{"embeddable":true,"href":"https:\/\/ricardovicentelopez.com.ar\/index.php?rest_route=\/wp\/v2\/users\/1"}],"replies":[{"embeddable":true,"href":"https:\/\/ricardovicentelopez.com.ar\/index.php?rest_route=%2Fwp%2Fv2%2Fcomments&post=338"}],"version-history":[{"count":0,"href":"https:\/\/ricardovicentelopez.com.ar\/index.php?rest_route=\/wp\/v2\/posts\/338\/revisions"}],"wp:attachment":[{"href":"https:\/\/ricardovicentelopez.com.ar\/index.php?rest_route=%2Fwp%2Fv2%2Fmedia&parent=338"}],"wp:term":[{"taxonomy":"category","embeddable":true,"href":"https:\/\/ricardovicentelopez.com.ar\/index.php?rest_route=%2Fwp%2Fv2%2Fcategories&post=338"},{"taxonomy":"post_tag","embeddable":true,"href":"https:\/\/ricardovicentelopez.com.ar\/index.php?rest_route=%2Fwp%2Fv2%2Ftags&post=338"}],"curies":[{"name":"wp","href":"https:\/\/api.w.org\/{rel}","templated":true}]}}