{"id":331,"date":"2011-12-11T13:03:00","date_gmt":"2011-12-11T13:03:00","guid":{"rendered":"http:\/\/ricardovicentelopez.com.ar\/?p=331"},"modified":"2015-03-21T14:04:53","modified_gmt":"2015-03-21T14:04:53","slug":"la-concentracion-de-medios","status":"publish","type":"post","link":"https:\/\/ricardovicentelopez.com.ar\/?p=331","title":{"rendered":"La concentraci\u00f3n de medios"},"content":{"rendered":"<p>Hemos le\u00eddo las opiniones de algunos investigadores; pasemos ahora a analizar qu\u00e9 dice alguien que est\u00e1 dedicado al periodismo, pero no deja de dar clases en la Universidad La Sorbona de Par\u00eds, me refiero al director del peri\u00f3dico Le Monde Diplomatique, Ignacio Ramonet. \u00c9l nos permite entrar al mismo problema, pero desde otro \u00e1ngulo que completa la informaci\u00f3n. Centra su an\u00e1lisis en lo que considera un problema en crecimiento: la concentraci\u00f3n de la propiedad de los grandes medios en unas pocas manos de empresarios: \u00abLa disminuci\u00f3n de la difusi\u00f3n de peri\u00f3dicos tiene como contrapartida su cada vez mayor concentraci\u00f3n en un pu\u00f1ado de grupos industriales. Su mayor dependencia de los intereses econ\u00f3micos de esos grupos caracteriza a la prensa escrita actual \u2014problema extensivo a todos los medios\u2014. Un fabuloso desarrollo tecnol\u00f3gico pone a la informaci\u00f3n al alcance de un p\u00fablico cada vez m\u00e1s extenso y con mayor rapidez. Pero simult\u00e1neamente se incrementa un periodismo complaciente en menoscabo de un periodismo cr\u00edtico, lo que pone en riesgo la noci\u00f3n misma de prensa libre y perjudica y degrada a la democracia\u00bb.<br \/>De este p\u00e1rrafo se pueden sacar varias conclusiones que intentar\u00e9 presentar desde la l\u00ednea de esta serie de notas.  Los medios de comunicaci\u00f3n en gran parte del mundo, que deber\u00edamos llamar de informaci\u00f3n o, tal vez de desinformaci\u00f3n, por lo que ya hemos visto, han sido comprados por un \u201cpu\u00f1ado de grupos empresariales\u201d (otro tanto ocurre en nuestro pa\u00eds). Estos capitales, que hasta no hace m\u00e1s de 25 a\u00f1os no se ocupaban de este negocio, han ingresado a \u00e9l. La consolidaci\u00f3n de los grandes conglomerados econ\u00f3micos permiti\u00f3 que dieran un paso hacia el control de la opini\u00f3n p\u00fablica, ahora planteado supuestamente dentro del marco de las reglas de la democracia. <br \/>Pero la democracia ha sido reducida hoy al reino del mercado que le ha franqueado la v\u00eda de acceso: la compra de acciones de esos medios y la posibilidad de su concentraci\u00f3n. Por tal raz\u00f3n, se puede comprender, aunque no justificar, que muchos de los trabajadores de esos medios, por la necesidad de conservar sus puestos de trabajo hayan aceptado el cambio de las condiciones en la relaci\u00f3n trabajador-empresario. La  proliferaci\u00f3n de situaciones similares ha dado lugar a la aparici\u00f3n de \u201cun periodismo complaciente\u201d. Paralelamente, como se desprende  de esta situaci\u00f3n, se fue disolviendo el \u201cperiodismo cr\u00edtico\u201d. <br \/>Esto nos coloca en la pista del proceso que se ha ido dando dentro de esos medios. La censura estatal en el mundo occidental ha pr\u00e1cticamente desaparecido. Ha sido reemplazada por la censura empresarial interna que campea hoy por las redacciones. Esta censura interna es m\u00e1s f\u00e1cil de aplicar y, adem\u00e1s, es invisible a los ojos del consumidor de esos medios. Cuando los periodistas han asumen, por una diversidad de situaciones comprensibles, los valores que los medios exhiben, nos encontramos con la famosa \u201cprensa independiente\u201d, lo que no se aclara independiente de qui\u00e9nes, puesto que todos ellos quedan enmarcados dentro del claro objetivo de la mayor rentabilidad. <br \/>Agreguemos ahora, entonces, la pregunta acerca de c\u00f3mo y d\u00f3nde se obtiene esa rentabilidad. La respuesta es sencilla: del mercado, por la venta de espacios publicitarios. Estos son definidos por las empresas y las agencias de publicidad, ambas regidas por objetivos comunes: llegar a la conciencia del mayor n\u00famero posible de consumidores por los caminos m\u00e1s efectivos. Esta mercantilizaci\u00f3n penetra en los medios, que apelan a todo tipo de trucos para vender (CD, DVD, revistas, juegos con premios). Ramonet nos advierte: \u00abLo cual refuerza la confusi\u00f3n entre informaci\u00f3n y mercanc\u00eda, con el riesgo de que los lectores ya no sepan qu\u00e9 es lo que compran. As\u00ed es como los diarios enturbian m\u00e1s su identidad, desvalorizan el t\u00edtulo y ponen en marcha un engranaje diab\u00f3lico que nadie sabe en qu\u00e9 acabar\u00e1\u00bb. <br \/>Una propuesta para los medios concentrados, dentro del esquema internacional actual, de convertirlos en difusores de cultura es rid\u00edcula, inocente, irrealista o infantil. Debemos aceptar hoy su imposibilidad, hasta tanto no seamos capaces de convertirnos, al menos, en consumidores cr\u00edticos y selectivos, que hagamos sentir las preferencias de un p\u00fablico que demanda bienes culturales y no camuflaje de mercado. Me pareci\u00f3 impactante la figura del \u201cengranaje diab\u00f3lico\u201d utilizada por quien sabe mucho de ello, porque se encuentra en el coraz\u00f3n mismo de este proyecto devastador.<\/p>\n","protected":false},"excerpt":{"rendered":"<p>Hemos le\u00eddo las opiniones de algunos investigadores; pasemos ahora a analizar qu\u00e9 dice alguien que est\u00e1 dedicado al periodismo, pero no deja de dar clases en la Universidad La Sorbona de Par\u00eds, me refiero al director del peri\u00f3dico Le Monde Diplomatique, Ignacio Ramonet. \u00c9l nos permite entrar al mismo problema, pero desde otro \u00e1ngulo que [&hellip;]<\/p>\n","protected":false},"author":1,"featured_media":0,"comment_status":"open","ping_status":"open","sticky":false,"template":"","format":"standard","meta":{"footnotes":""},"categories":[1],"tags":[],"class_list":["post-331","post","type-post","status-publish","format-standard","hentry","category-sin-categoria"],"_links":{"self":[{"href":"https:\/\/ricardovicentelopez.com.ar\/index.php?rest_route=\/wp\/v2\/posts\/331","targetHints":{"allow":["GET"]}}],"collection":[{"href":"https:\/\/ricardovicentelopez.com.ar\/index.php?rest_route=\/wp\/v2\/posts"}],"about":[{"href":"https:\/\/ricardovicentelopez.com.ar\/index.php?rest_route=\/wp\/v2\/types\/post"}],"author":[{"embeddable":true,"href":"https:\/\/ricardovicentelopez.com.ar\/index.php?rest_route=\/wp\/v2\/users\/1"}],"replies":[{"embeddable":true,"href":"https:\/\/ricardovicentelopez.com.ar\/index.php?rest_route=%2Fwp%2Fv2%2Fcomments&post=331"}],"version-history":[{"count":0,"href":"https:\/\/ricardovicentelopez.com.ar\/index.php?rest_route=\/wp\/v2\/posts\/331\/revisions"}],"wp:attachment":[{"href":"https:\/\/ricardovicentelopez.com.ar\/index.php?rest_route=%2Fwp%2Fv2%2Fmedia&parent=331"}],"wp:term":[{"taxonomy":"category","embeddable":true,"href":"https:\/\/ricardovicentelopez.com.ar\/index.php?rest_route=%2Fwp%2Fv2%2Fcategories&post=331"},{"taxonomy":"post_tag","embeddable":true,"href":"https:\/\/ricardovicentelopez.com.ar\/index.php?rest_route=%2Fwp%2Fv2%2Ftags&post=331"}],"curies":[{"name":"wp","href":"https:\/\/api.w.org\/{rel}","templated":true}]}}