{"id":328,"date":"2011-12-21T13:19:00","date_gmt":"2011-12-21T13:19:00","guid":{"rendered":"http:\/\/ricardovicentelopez.com.ar\/?p=328"},"modified":"2015-03-21T14:04:52","modified_gmt":"2015-03-21T14:04:52","slug":"la-realidad-y-la-version-periodistica","status":"publish","type":"post","link":"https:\/\/ricardovicentelopez.com.ar\/?p=328","title":{"rendered":"La realidad y la versi\u00f3n period\u00edstica"},"content":{"rendered":"<p>Espero que los an\u00e1lisis realizados hasta ahora hayan arrojado una luz suficiente sobre un tema altamente complejo. Sin embargo, creo que todav\u00eda persisten algunas oscuridades. Despu\u00e9s de este avance de la conciencia colectiva, el periodismo ha comenzado a adaptarse al nuevo escenario y, como consecuencia de ello, la palabra \u201cobjetividad\u201d no aparece con tanta frecuencia, ha sido reducida al \u00e1mbito de lo que se ha dado en llamar \u201cla cr\u00f3nica de los hechos\u201d.<br \/> Cr\u00f3nica es el tipo de texto que deber\u00eda utilizar un periodista para trasmitir lo que ha sucedido, ubic\u00e1ndolo dentro de un desarrollo ordenado de los hechos, respetando el tiempo y el espacio adecuado sobre lo que se est\u00e1 narrando. Se supone que ha dejado de lado las conjeturas o an\u00e1lisis y sus opiniones al respecto. Esto podr\u00eda entenderse como informaci\u00f3n. <br \/>Una mirada atenta a lo que se nos ofrece como cr\u00f3nica nos permite detectar que se est\u00e1 encubriendo todo lo que se niega bajo la apariencia inocente de la cr\u00f3nica, aun aceptando la hip\u00f3tesis de que el cronista crea que est\u00e1 prescindiendo de todo sesgo en la informaci\u00f3n. La palabra \u201ccr\u00f3nica\u201d tuvo un uso especial en la antig\u00fcedad, para referirse a los relatos que respetaban el orden temporal de los hechos, a pesar de que en ellas no faltaban las exageraciones y las fantas\u00edas. Parece que nuestros periodistas quedaron impresionados por la posibilidad que esto brindaba. Debe se\u00f1alarse en este sentido, como para descargar del cronista parte de las culpas, que sus jefes piensan m\u00e1s en vender que en informar. De all\u00ed la importancia de la \u201cprimicia\u201d, como si esto le otorgara mayor valor a la informaci\u00f3n, cuando s\u00f3lo es la demostraci\u00f3n de la competencia en el mercado entre empresas preocupadas por facturar.<br \/>La falsa importancia de la \u201cprimicia\u201d ha empujado al cronista a informar sin revisar la fuente de sus datos ni contraponerlas con otras fuentes. De este modo, se ha perdido confiabilidad en la veracidad de lo que se informa. El ritmo de la informaci\u00f3n por la \u201cnecesidad\u201d de ser el primero, agregado al v\u00e9rtigo de la cascada de datos trasmitidos, han acostumbrado al consumidor, en muchos casos \u2014aunque cada vez son menos\u2014 a no dar importancia a la \u201cverdad de lo informado\u201d, y a aceptar que lo que hoy es \u201curgente e importante\u201d, horas despu\u00e9s ha desaparecido del escenario sin la menor explicaci\u00f3n, tapado por lo pr\u00f3ximo \u201curgente e importante\u201d. La evanescencia de las cosas significativas ha banalizado de tal modo el valor de la informaci\u00f3n que \u00e9sta va cayendo en un lento descr\u00e9dito. Esto no ha provocado todav\u00eda la cr\u00edtica y el rechazo p\u00fablico, pero alguna forma de incredulidad se va posesionando de la conciencia p\u00fablica.<br \/>Por la complejidad de la realidad actual, todo este juego se torna intrincado y de dif\u00edcil acceso. La impronta mercantil de las empresas de informaci\u00f3n subordina el relato sobre los hechos a la necesidad de ser el que los muestra del modo m\u00e1s impactante posible. Tanto la prensa escrita como la radio y la televisi\u00f3n recurren a artilugios que atraigan la mirada del consumidor hacia aquello que impresiona en el momento, aunque poco despu\u00e9s quede desvirtuado por otros datos que desmientan lo que se ha dicho. Tiene poca importancia ese resultado, porque se parte de la convicci\u00f3n de que ese p\u00fablico seguir\u00e1 consumiendo lo que se ha convertido de informaci\u00f3n en entretenimiento. El mundo estadounidense ha creado una palabra para denominar a esta actividad: infoentertainment, ya aparecida en el l\u00e9xico de los analistas en su traducci\u00f3n  castellana, \u201cinfoentretenimiento\u201d.<br \/>Como se\u00f1ala el profesor Javier del Rey, doctor en Ciencias de la Informaci\u00f3n por la Universidad Complutense de Madrid.: \u00abEl entretenimiento como recurso medi\u00e1tico est\u00e1 caracterizado por una progresiva banalidad, cada vez m\u00e1s ca\u00f3tica en contenidos y formas, no se promueven los contenidos informativos sino la apariencia informativa, buscando s\u00f3lo una recreaci\u00f3n de la realidad, con un fin espectacular y lucrativo, ajeno al inter\u00e9s general. Asimismo, el af\u00e1n de entretenimiento y de captaci\u00f3n de audiencia de ciertos periodistas estrella puede provocar el abuso de fuentes an\u00f3nimas (o insuficientemente identificadas) con informaciones basadas a veces en documentos inventados; en vez de verificar y contrastar y, por el contrario, fiarse de fuentes parciales, insuficientes o meramente manipuladoras\u00bb.<\/p>\n","protected":false},"excerpt":{"rendered":"<p>Espero que los an\u00e1lisis realizados hasta ahora hayan arrojado una luz suficiente sobre un tema altamente complejo. Sin embargo, creo que todav\u00eda persisten algunas oscuridades. Despu\u00e9s de este avance de la conciencia colectiva, el periodismo ha comenzado a adaptarse al nuevo escenario y, como consecuencia de ello, la palabra \u201cobjetividad\u201d no aparece con tanta frecuencia, [&hellip;]<\/p>\n","protected":false},"author":1,"featured_media":0,"comment_status":"open","ping_status":"open","sticky":false,"template":"","format":"standard","meta":{"footnotes":""},"categories":[1],"tags":[],"class_list":["post-328","post","type-post","status-publish","format-standard","hentry","category-sin-categoria"],"_links":{"self":[{"href":"https:\/\/ricardovicentelopez.com.ar\/index.php?rest_route=\/wp\/v2\/posts\/328","targetHints":{"allow":["GET"]}}],"collection":[{"href":"https:\/\/ricardovicentelopez.com.ar\/index.php?rest_route=\/wp\/v2\/posts"}],"about":[{"href":"https:\/\/ricardovicentelopez.com.ar\/index.php?rest_route=\/wp\/v2\/types\/post"}],"author":[{"embeddable":true,"href":"https:\/\/ricardovicentelopez.com.ar\/index.php?rest_route=\/wp\/v2\/users\/1"}],"replies":[{"embeddable":true,"href":"https:\/\/ricardovicentelopez.com.ar\/index.php?rest_route=%2Fwp%2Fv2%2Fcomments&post=328"}],"version-history":[{"count":0,"href":"https:\/\/ricardovicentelopez.com.ar\/index.php?rest_route=\/wp\/v2\/posts\/328\/revisions"}],"wp:attachment":[{"href":"https:\/\/ricardovicentelopez.com.ar\/index.php?rest_route=%2Fwp%2Fv2%2Fmedia&parent=328"}],"wp:term":[{"taxonomy":"category","embeddable":true,"href":"https:\/\/ricardovicentelopez.com.ar\/index.php?rest_route=%2Fwp%2Fv2%2Fcategories&post=328"},{"taxonomy":"post_tag","embeddable":true,"href":"https:\/\/ricardovicentelopez.com.ar\/index.php?rest_route=%2Fwp%2Fv2%2Ftags&post=328"}],"curies":[{"name":"wp","href":"https:\/\/api.w.org\/{rel}","templated":true}]}}