{"id":315,"date":"2012-02-08T11:31:00","date_gmt":"2012-02-08T11:31:00","guid":{"rendered":"http:\/\/ricardovicentelopez.com.ar\/?p=315"},"modified":"2015-03-21T14:04:52","modified_gmt":"2015-03-21T14:04:52","slug":"solo-gobierno-contra-clarin-ii","status":"publish","type":"post","link":"https:\/\/ricardovicentelopez.com.ar\/?p=315","title":{"rendered":"\u00bfS\u00f3lo Gobierno contra Clar\u00edn?  II"},"content":{"rendered":"<p>El argumento de la \u201cobjetividad\u201d est\u00e1 estrechamente ligado a la formaci\u00f3n de una \u201copini\u00f3n p\u00fablica acondicionada\u201d, en el sentido que la Real Academia Espa\u00f1ola le da a este vocablo: \u00abAtm\u00f3sfera de un lugar o espacio cerrado, sometida artificialmente a determinadas condiciones de temperatura, humedad y presi\u00f3n, seg\u00fan sea deseado\u00bb. Este acondicionamiento es el resultado de una larga tarea de d\u00e9cadas, que comenz\u00f3 a dar frutos de los noventa en adelante. Entre los objetivos de este proceso estuvo el convertir lo informado por los medios en \u201cverdad\u201d. Esto se tradujo, durante a\u00f1os, en la expresi\u00f3n muy repetida de poner la fuente informativa como criterio de la veracidad: \u201cLo dijo la radio\u2026 o la TV\u2026 etc.\u201d<br \/>Los finales del siglo XX y comienzos del XXI mostraron en esta materia un abuso exagerado de la falacia, la mentira, la tergiversaci\u00f3n, la verdad a medias, cuyo punto culminante puede ubicarse, aunque esto sea controvertible, en el derrumbe de las Torres Gemelas, de Nueva York. Una especie de sospecha comenz\u00f3 a ganar espacio en la conciencia de mucha gente, que fue acompa\u00f1ada de las mentiras sobre las armas (inexistentes) de destrucci\u00f3n masiva en Irak, los resultados de la Guerra en Afganist\u00e1n, etc. Este estilo de comunicar, basado en una manipulaci\u00f3n descarada de la informaci\u00f3n, tuvo resultados no previstos por sus mismos autores.<br \/>Un veterano columnista del diario La Vanguardia de Barcelona, Gregorio Mor\u00e1n, se pregunta sorprendido: \u00ab\u00bfHasta d\u00f3nde llega la credulidad de la ciudadan\u00eda? \u00bfD\u00f3nde est\u00e1 el l\u00edmite de las tragaderas de un lector? Es como una maldici\u00f3n que se repite con matem\u00e1tica regularidad\u00bb. Pone como ejemplo de este abuso el siguiente comentario: \u00abLa prensa amarilla brit\u00e1nica impresiona. No porque venda mucho, sino porque est\u00e1 muy bien hecha. Es verdad que parece basura, pero los reportajes est\u00e1n muy trabajados, hay mucha investigaci\u00f3n detr\u00e1s y adem\u00e1s van muy bien escritos. El ex primer ministro Gordon Brown, que ha sufrido en carne propia los efectos de los tabloides ingleses, defini\u00f3 a esa parte notable del gremio period\u00edstico con muy pocas palabras, casi como un titular: \u201cUnos delincuentes sin escr\u00fapulos\u201d\u00bb. La prensa amarilla, o el amarillismo en la prensa, dice, es un tema recurrente en el gremio period\u00edstico, aunque tratado siempre de una manera peculiar: \u00abLos \u201camarillos\u201d siempre son los otros\u00bb.<br \/>Cuando busca una explicaci\u00f3n de lo que sucede con la prensa, Mor\u00e1n dice algo que puede resultar sorprendente, pero entra en las consecuencias se\u00f1aladas, el p\u00fablico masificado lee poco: \u00abAlgo que lleve letra impresa es dif\u00edcil que sea de masas. Incluso los semanarios m\u00e1s le\u00eddos, lo son porque se componen de fotograf\u00edas, y los textos se limitan a ilustrar las im\u00e1genes. Por eso triunf\u00f3 la radio en su momento y por eso ahora arrasa la televisi\u00f3n. No exige ni el m\u00e1s m\u00ednimo esfuerzo; hasta el telecomando funciona con un dedo y sin moverse del sitio. En otras palabras, la prensa amarilla plantea algunos interrogantes que no pueden despacharse con frases hechas, y uno de ellos, fundamental, es el de la opini\u00f3n p\u00fablica\u00bb.<br \/>Formula una pregunta ret\u00f3rica: \u00ab\u00bfSe puede manipular a la opini\u00f3n p\u00fablica de la misma manera, es decir, con la misma facilidad, desde una prensa amarilla que a trav\u00e9s de una cadena televisiva?\u00bb La respuesta, seg\u00fan \u00e9l, es \u201cno\u201d, por las especificidades de cada medio. Por eso dice: \u00abYo creo que el impacto de la pantalla es muy superior, y apenas si hay distancia entre lo que se ve y el impacto que produce. Si bien puede no haber ning\u00fan problema con la prensa basura de masas, s\u00ed lo hay con la televisi\u00f3n basura, y aqu\u00ed es cuando entramos en el meollo del asunto. Si existe una prueba contundente de la fragilidad \u2014por no decir inexistencia de opini\u00f3n p\u00fablica cr\u00edtica\u2014 es la existencia de la televisi\u00f3n basura y las falsedades manifiestas en las informaciones, que luego se extienden a la prensa en general\u00bb.<br \/>Sin embargo, en Gran Breta\u00f1a se dio un caso esperanzador, claro que al precio de haber traspasado con holgura los l\u00edmites de tolerancia del p\u00fablico: el empresario internacional Rupert Murdoch, magnate de los medios de comunicaci\u00f3n, se vio obligado a cerrar el diario londinense News of The World por maniobras delictivas en el manejo de la informaci\u00f3n. La denuncia del diario The Guardian provoc\u00f3 un cambio de la opini\u00f3n p\u00fablica a partir de demostrar que los Murdoch hab\u00edan traspasado los l\u00edmites de la legalidad en la mayor de las impunidades, y todo se vino abajo. \u00abEl laborista Tom Watson, una de las v\u00edctimas favoritas de  los medios de comunicaci\u00f3n brit\u00e1nicos de Murdoch, lo expres\u00f3 de manera contundente: \u201cLa repulsa de la ciudadan\u00eda es la que ha logrado el cierre del dominical. Una victoria para la gente decente\u201d\u00bb.<\/p>\n","protected":false},"excerpt":{"rendered":"<p>El argumento de la \u201cobjetividad\u201d est\u00e1 estrechamente ligado a la formaci\u00f3n de una \u201copini\u00f3n p\u00fablica acondicionada\u201d, en el sentido que la Real Academia Espa\u00f1ola le da a este vocablo: \u00abAtm\u00f3sfera de un lugar o espacio cerrado, sometida artificialmente a determinadas condiciones de temperatura, humedad y presi\u00f3n, seg\u00fan sea deseado\u00bb. Este acondicionamiento es el resultado de [&hellip;]<\/p>\n","protected":false},"author":1,"featured_media":0,"comment_status":"open","ping_status":"open","sticky":false,"template":"","format":"standard","meta":{"footnotes":""},"categories":[1],"tags":[],"class_list":["post-315","post","type-post","status-publish","format-standard","hentry","category-sin-categoria"],"_links":{"self":[{"href":"https:\/\/ricardovicentelopez.com.ar\/index.php?rest_route=\/wp\/v2\/posts\/315","targetHints":{"allow":["GET"]}}],"collection":[{"href":"https:\/\/ricardovicentelopez.com.ar\/index.php?rest_route=\/wp\/v2\/posts"}],"about":[{"href":"https:\/\/ricardovicentelopez.com.ar\/index.php?rest_route=\/wp\/v2\/types\/post"}],"author":[{"embeddable":true,"href":"https:\/\/ricardovicentelopez.com.ar\/index.php?rest_route=\/wp\/v2\/users\/1"}],"replies":[{"embeddable":true,"href":"https:\/\/ricardovicentelopez.com.ar\/index.php?rest_route=%2Fwp%2Fv2%2Fcomments&post=315"}],"version-history":[{"count":0,"href":"https:\/\/ricardovicentelopez.com.ar\/index.php?rest_route=\/wp\/v2\/posts\/315\/revisions"}],"wp:attachment":[{"href":"https:\/\/ricardovicentelopez.com.ar\/index.php?rest_route=%2Fwp%2Fv2%2Fmedia&parent=315"}],"wp:term":[{"taxonomy":"category","embeddable":true,"href":"https:\/\/ricardovicentelopez.com.ar\/index.php?rest_route=%2Fwp%2Fv2%2Fcategories&post=315"},{"taxonomy":"post_tag","embeddable":true,"href":"https:\/\/ricardovicentelopez.com.ar\/index.php?rest_route=%2Fwp%2Fv2%2Ftags&post=315"}],"curies":[{"name":"wp","href":"https:\/\/api.w.org\/{rel}","templated":true}]}}