{"id":310,"date":"2012-02-29T11:05:00","date_gmt":"2012-02-29T11:05:00","guid":{"rendered":"http:\/\/ricardovicentelopez.com.ar\/?p=310"},"modified":"2015-03-21T14:04:52","modified_gmt":"2015-03-21T14:04:52","slug":"solo-el-gobierno-contra-clarin-vii","status":"publish","type":"post","link":"https:\/\/ricardovicentelopez.com.ar\/?p=310","title":{"rendered":"\u00bfS\u00f3lo el Gobierno contra Clar\u00edn?  VII"},"content":{"rendered":"<p>Voy a cerrar esta serie de notas proponiendo una respuesta a la pregunta que las encabeza. Aun a riesgo de ser un poco repetitivo,  creo necesario aclarar algunos aspectos que est\u00e1n a la vista de muchos, varios de ellos, ya tratados en estas notas, aunque no aparezcan en los medios de comunicaci\u00f3n concentrados. Denominar\u00e9 a la propuesta de estas notas como una especie de des-infantilizaci\u00f3n de la conciencia pol\u00edtica del \u201cciudadano de a pie\u201d. Es probable que les resulte hasta insultante a algunos, pero pido una tolerancia mayor para poder explicarme. <br \/>Tomar\u00e9 un ejemplo cl\u00e1sico: la palabra \u201cpoder\u201d est\u00e1 asociada en el imaginario p\u00fablico a la existencia del Estado, por ello se habla de los tres poderes. La Revoluci\u00f3n francesa mostr\u00f3 la existencia de un cuarto poder, que enfrentaba a esos tres: el poder de la prensa. Esto qued\u00f3 establecido como una verdad inconmovible a lo largo del siglo XX. El tratamiento de estos conceptos encontr\u00f3 el aval de muchos intelectuales y de gran parte de los medios internacionales.<br \/>En el libro El imperialismo, fase superior del capitalismo, publicado en 1916, su autor Vladimir Lenin (1870-1924) denunciaba la presencia de un poder extra-nacional que funcionaba internacionalmente por encima de los Estados nacionales, para lo cual aport\u00f3 una gran cantidad de informaci\u00f3n. Esto fue corroborado por muchos investigadores de las m\u00e1s diversas corrientes de pensamiento, y hace tiempo que se habla de la  existencia de multinacionales sin que asombre a nadie. Lo llamativo es que, al separar la esfera de lo econ\u00f3mico de la de lo pol\u00edtico, se sigue hablando como si se tratara de dos poderes diferentes  que no interfieren entre s\u00ed ni entorpecen el accionar de los Estados. A esto llamo \u201cconciencia ingenua o infantil\u201d porque no sospecha de esta existencia.<br \/>Despu\u00e9s de las dos Grandes Guerras, este estado de cosas se profundiz\u00f3, y hoy un grupo de grandes empresarios, que se re\u00fanen todos los a\u00f1os en Davos, Suiza, deciden las grandes l\u00edneas del curso de los acontecimientos. Sobre ello, se puede consultar, en la p\u00e1gina www.ricardovicentelopez.com.ar , mi trabajo \u201cLas brujas no existen, pero\u2026\u201d. <br \/>Es ese el verdadero poder mundial que ning\u00fan medio menciona, y el de Davos aparece como un simple encuentro de amigos. Es ese poder el que controla la comunicaci\u00f3n mundial y el que decide qu\u00e9 debe saberse y qu\u00e9 no. Este ocultamiento o \u201cinvisibilizaci\u00f3n\u201d, t\u00e9rmino que se utiliza t\u00e9cnicamente, impide que el \u201cgran p\u00fablico\u201d, bombardeado por el show business y el info-entertainment \u2014pido perd\u00f3n por el uso de ingl\u00e9s, pero es la denominaci\u00f3n t\u00e9cnica sin traducci\u00f3n al castellano todav\u00eda\u2014 acceda a estos problemas, cubri\u00e9ndolos con cataratas de supuesta \u201cinformaci\u00f3n\u201d. Este entramado informativo fomenta la ingenuidad y el infantilismo. <br \/>Por estas razones, las verdaderas consecuencias de la profunda crisis internacional aparecen s\u00f3lo como un traspi\u00e9 del sistema que va camino a ser superado. Sin embargo, se puede leer en la prensa alternativa: \u00abLo que hoy sucede no es m\u00e1s que el resultado del triunfo absoluto de la liberalizaci\u00f3n de las finanzas, que permite a la banca privada generar \u201cproductos\u201d que ganan terreno sobre las monedas. Las multinacionales no son s\u00f3lo el resultado de la s\u00faper-concentraci\u00f3n de unas pocas compa\u00f1\u00edas, sino que su \u00e9xito depende, en primer lugar, de ingenier\u00edas de fusiones y adquisiciones en base a los manejos financieros\u00bb.<br \/>Esas multinacionales despliegan sus tent\u00e1culos sobre todo el planeta, con diversos resultados que dependen de la oposici\u00f3n que encuentren. Puede ser mayor o menor el poder, pero son omnipresentes y cuentan con la complicidad de sus socios vern\u00e1culos y del periodismo mercenario que oculta todo ello, informando, en el mejor de los casos, sesgadamente sobre la realidad de este mundo. <br \/>Llegamos entonces al grupo Clar\u00edn, que no es s\u00f3lo un diario. Si se consulta wikipedia.org, se puede leer: \u00abEs el multimedios m\u00e1s grande de Argentina. Conformado oficialmente en el a\u00f1o 1999, engloba al Diario Clar\u00edn, la empresa Artear (que produce y comercializa canal Trece, de Buenos Aires, y las se\u00f1ales de cable Todo Noticias, TyC Sports, Volver y Magazine, entre otras), junto con decenas de empresas como editoriales, emisoras de radio, televisi\u00f3n, productoras de televisi\u00f3n, proveedores de Internet, telecomunicaciones, imprentas gr\u00e1ficas, correo tradicional y servicios de tercerizaci\u00f3n\u00bb. Y el dato fundamental para comprender todo lo que he publicado en estas notas es que tiene un socio estadounidense, de primera magnitud en el mundo de los oscuros negocios internacionales: el grupo inversor Goldman Sachs. Este \u00abes uno de los grupos de banca de inversi\u00f3n y valores m\u00e1s grandes del mundo\u00bb.<br \/>Entonces no estamos hablando de un diario m\u00e1s, sino de uno de los tent\u00e1culos de Goldman Sachs. Para perder la ingenuidad podr\u00edamos preguntarnos \u00bfpor qu\u00e9 esta organizaci\u00f3n internacional de inversiones compr\u00f3 parte del paquete accionario del Grupo Clar\u00edn? \u00bfEs s\u00f3lo para ganar dinero? \u00bfEs tan lucrativa esa inversi\u00f3n? \u00bfNo hay alguna relaci\u00f3n con el control informativo mundial? La respuesta que yo propongo es: no debe ser s\u00f3lo el Gobierno, m\u00e1s all\u00e1 de simpat\u00edas o antipat\u00edas pol\u00edticas, el que se enfrente a las multinacionales, sino la mayor parte del pueblo argentino, que se define por la construcci\u00f3n de una naci\u00f3n independiente y soberana.<\/p>\n","protected":false},"excerpt":{"rendered":"<p>Voy a cerrar esta serie de notas proponiendo una respuesta a la pregunta que las encabeza. Aun a riesgo de ser un poco repetitivo, creo necesario aclarar algunos aspectos que est\u00e1n a la vista de muchos, varios de ellos, ya tratados en estas notas, aunque no aparezcan en los medios de comunicaci\u00f3n concentrados. Denominar\u00e9 a [&hellip;]<\/p>\n","protected":false},"author":1,"featured_media":0,"comment_status":"open","ping_status":"open","sticky":false,"template":"","format":"standard","meta":{"footnotes":""},"categories":[1],"tags":[],"class_list":["post-310","post","type-post","status-publish","format-standard","hentry","category-sin-categoria"],"_links":{"self":[{"href":"https:\/\/ricardovicentelopez.com.ar\/index.php?rest_route=\/wp\/v2\/posts\/310","targetHints":{"allow":["GET"]}}],"collection":[{"href":"https:\/\/ricardovicentelopez.com.ar\/index.php?rest_route=\/wp\/v2\/posts"}],"about":[{"href":"https:\/\/ricardovicentelopez.com.ar\/index.php?rest_route=\/wp\/v2\/types\/post"}],"author":[{"embeddable":true,"href":"https:\/\/ricardovicentelopez.com.ar\/index.php?rest_route=\/wp\/v2\/users\/1"}],"replies":[{"embeddable":true,"href":"https:\/\/ricardovicentelopez.com.ar\/index.php?rest_route=%2Fwp%2Fv2%2Fcomments&post=310"}],"version-history":[{"count":0,"href":"https:\/\/ricardovicentelopez.com.ar\/index.php?rest_route=\/wp\/v2\/posts\/310\/revisions"}],"wp:attachment":[{"href":"https:\/\/ricardovicentelopez.com.ar\/index.php?rest_route=%2Fwp%2Fv2%2Fmedia&parent=310"}],"wp:term":[{"taxonomy":"category","embeddable":true,"href":"https:\/\/ricardovicentelopez.com.ar\/index.php?rest_route=%2Fwp%2Fv2%2Fcategories&post=310"},{"taxonomy":"post_tag","embeddable":true,"href":"https:\/\/ricardovicentelopez.com.ar\/index.php?rest_route=%2Fwp%2Fv2%2Ftags&post=310"}],"curies":[{"name":"wp","href":"https:\/\/api.w.org\/{rel}","templated":true}]}}