{"id":308,"date":"2012-03-07T13:30:00","date_gmt":"2012-03-07T13:30:00","guid":{"rendered":"http:\/\/ricardovicentelopez.com.ar\/?p=308"},"modified":"2015-03-21T14:04:51","modified_gmt":"2015-03-21T14:04:51","slug":"solo-el-gobierno-contra-clarin-ix","status":"publish","type":"post","link":"https:\/\/ricardovicentelopez.com.ar\/?p=308","title":{"rendered":"\u00bfS\u00f3lo el Gobierno contra Clar\u00edn?  IX"},"content":{"rendered":"<p>Para una parte del p\u00fablico de nuestro pa\u00eds, parte muy dif\u00edcil de cuantificar puesto que no tenemos un instrumento que mida la \u201copini\u00f3n p\u00fablica\u201d con precisi\u00f3n y claridad, la serie de notas que publiqu\u00e9 con anterioridad puede no ser del todo aceptables. Y esto es comprensible dado que, a pesar del inconveniente se\u00f1alado, la intuici\u00f3n nos dice que la incidencia de la presi\u00f3n de esos medios concentrados es importante todav\u00eda. No s\u00f3lo por lo que publican sino, y esto est\u00e1 largamente estudiado, por c\u00f3mo se presenta la informaci\u00f3n.<br \/>Por tal raz\u00f3n voy a presentar el siguiente comentario y an\u00e1lisis de la investigaci\u00f3n realizada por Federico Corbi\u00e9re, Licenciado en Ciencias de la Comunicaci\u00f3n (UBA), Especialista en Gesti\u00f3n y Planificaci\u00f3n del Periodismo (UBA), cuya dedicaci\u00f3n al tema lo habilita a escribir, con seriedad y responsabilidad:<br \/>\u00abUna d\u00e9cada atr\u00e1s, Argentina conoci\u00f3 la peor crisis institucional que arras\u00f3 con las ilusiones de no pocos j\u00f3venes nacidos en democracia. Tambi\u00e9n dej\u00f3 38 muertos s\u00f3lo en las jornadas del 19 y 20 de diciembre de 2001. Por entonces, los poderes f\u00e1cticos [empresas multinacionales, p. ej.] no eran los cuestionados sino las instituciones y los pol\u00edticos ajenos a sus intereses. El caso de los sobornos por el Proyecto DNI y las cuentas, tambi\u00e9n suizas, no ocuparon la tapa de los principales matutinos de circulaci\u00f3n nacional. Reci\u00e9n ahora \u2013a instancias de una investigaci\u00f3n de la SEC norteamericana y el FBI\u2013 aquellos  millonarios sobornos silenciados, llegaron a las portadas de Clar\u00edn y La Naci\u00f3n\u00bb.<br \/>Esto nos coloca en la pista de qu\u00e9 se publica y qu\u00e9 se calla, y c\u00f3mo cada una de estas decisiones  encubre compromisos, relaciones, e intereses espec\u00edficos. Sin olvidar que lo que est\u00e1 en la tapa de un peri\u00f3dico, dice por las palabras utilizadas, pero m\u00e1s dice por el tama\u00f1o de \u00e9stas y por como est\u00e1n colocadas. Un ejemplo paradigm\u00e1tico extremo fueron siempre las tapas del diario Cr\u00f3nica. Contin\u00faa Corbi\u00e9re: \u00abTales omisiones son la s\u00edntesis de una pr\u00e1ctica com\u00fan de presiones y contubernios de las corporaciones medi\u00e1ticas. El miedo a los medios, por su capacidad de influenciar a la opini\u00f3n p\u00fablica, fue signo de una \u00e9poca que con la iniciativa parlamentaria que declara Papel Prensa un \u201cservicio de inter\u00e9s p\u00fablico\u201d est\u00e1 llegando a su fin. La \u00fanica empresa productora de papel nacional (utilizable para el bobinado de rotativas) tiene como principal accionista al Grupo Clar\u00edn, con el 49% de sus acciones, y como socios minoritarios al diario La Naci\u00f3n y al Estado nacional\u00bb.<br \/>Nos encontramos ahora con un tema que, a primera vista, parece extra\u00f1o y ajeno a lo que se viene diciendo. El ocultamiento, durante d\u00e9cadas, de la importancia de ejercer un monopolio sobre la producci\u00f3n de un insumo fundamental, que representa una parte muy importante del costo de publicaci\u00f3n de un peri\u00f3dico, seg\u00fan la cantidad y precio al que se ofrezca en el mercado, define un control muy severo y preciso sobre toda publicaci\u00f3n que represente una competencia. De este modo, para la necesidad de sobrevivencia de esas publicaciones la cantidad de insumo y su precio se convert\u00edan en una \u201cespada de Damocles\u201d que amenazaba con la quiebra o terminaban siendo compradas por el grupo dominante. Esto permite comprender por qu\u00e9 tantas  publicaciones tradicionales de nuestro pa\u00eds pertenecen hoy al Grupo Clar\u00edn. <br \/>Avanza nuestro investigador: \u00abMientras la adquisici\u00f3n de Papel Prensa est\u00e1 siendo investigada como delito de lesa humanidad por el oscuro traspaso de acciones del grupo Graiver, en marzo de 1977, a sus accionistas privados, Clar\u00edn volvi\u00f3 a insistir en usar su tapa para cuestionar las instituciones con una cita del art\u00edculo 32 de la Constituci\u00f3n Nacional, que se\u00f1ala: \u201cEl Congreso federal no dictar\u00e1 leyes que restrinjan la libertad de imprenta o establezcan sobre ella la jurisdicci\u00f3n federal\u201d\u00bb.<br \/>La utilizaci\u00f3n aviesa de los argumentos constitucionales, avalados por la supuesta autoridad acad\u00e9mica de \u201cconstitucionalistas\u201d, pertenecientes a grandes Estudios Jur\u00eddicos de los que son clientes estos medios, le permiten se\u00f1alar lo siguiente: \u00abEl Dr. Gregorio Badeni, es mencionado como cita de autoridad para defender la libertad de prensa. Sin embargo \u00e9ste olvida la reforma de 1994 y la parte dedicada a los \u201cnuevos derechos y garant\u00edas\u201d, donde su art\u00edculo 42 promueve la defensa de la competencia y el control de los monopolios naturales y legales\u201d\u00bb.<br \/>Como prueba de los resultados del manejo monop\u00f3lico \u201cexitoso en sus negocios\u201d pasa a describir la composici\u00f3n actual del grupo: \u00abS\u00f3lo en gr\u00e1fica, Clar\u00edn es due\u00f1a de Arte Gr\u00e1fico Editorial Argentino (AGEA), Ol\u00e9, La Raz\u00f3n y, junto a La Naci\u00f3n, de la Compa\u00f1\u00eda Inversora en Medios de Comunicaci\u00f3n (CIMECO), controlante de los diarios La Voz del Interior (C\u00f3rdoba) y Los Andes (Mendoza), adem\u00e1s de revistas menores como Genios y Elle, entre otras. Clar\u00edn posee, como principal premio de sus buenos oficios en tiempos autoritarios, dos empresas claves: Artes Gr\u00e1ficas Rioplatense, con la cual intent\u00f3 imponer junto con la Editorial Tinta Fresca su modelo pedag\u00f3gico en las escuelas; y da su \u201ctoque de atenci\u00f3n para la soluci\u00f3n argentina de los problemas argentinos\u201d con la distribuidora Impripost. Enti\u00e9ndase: producci\u00f3n de papel, cadena de distribuci\u00f3n y consumo, s\u00f3lo en una rama de su estructura comercial, complementaria en forma de conglomerado con se\u00f1ales televisivas, Internet y cable\u00bb.<br \/>Insisto en preguntar, como lo hice en la nota anterior: \u00bfEst\u00e1 claro?<\/p>\n","protected":false},"excerpt":{"rendered":"<p>Para una parte del p\u00fablico de nuestro pa\u00eds, parte muy dif\u00edcil de cuantificar puesto que no tenemos un instrumento que mida la \u201copini\u00f3n p\u00fablica\u201d con precisi\u00f3n y claridad, la serie de notas que publiqu\u00e9 con anterioridad puede no ser del todo aceptables. Y esto es comprensible dado que, a pesar del inconveniente se\u00f1alado, la intuici\u00f3n [&hellip;]<\/p>\n","protected":false},"author":1,"featured_media":0,"comment_status":"open","ping_status":"open","sticky":false,"template":"","format":"standard","meta":{"footnotes":""},"categories":[1],"tags":[],"class_list":["post-308","post","type-post","status-publish","format-standard","hentry","category-sin-categoria"],"_links":{"self":[{"href":"https:\/\/ricardovicentelopez.com.ar\/index.php?rest_route=\/wp\/v2\/posts\/308","targetHints":{"allow":["GET"]}}],"collection":[{"href":"https:\/\/ricardovicentelopez.com.ar\/index.php?rest_route=\/wp\/v2\/posts"}],"about":[{"href":"https:\/\/ricardovicentelopez.com.ar\/index.php?rest_route=\/wp\/v2\/types\/post"}],"author":[{"embeddable":true,"href":"https:\/\/ricardovicentelopez.com.ar\/index.php?rest_route=\/wp\/v2\/users\/1"}],"replies":[{"embeddable":true,"href":"https:\/\/ricardovicentelopez.com.ar\/index.php?rest_route=%2Fwp%2Fv2%2Fcomments&post=308"}],"version-history":[{"count":0,"href":"https:\/\/ricardovicentelopez.com.ar\/index.php?rest_route=\/wp\/v2\/posts\/308\/revisions"}],"wp:attachment":[{"href":"https:\/\/ricardovicentelopez.com.ar\/index.php?rest_route=%2Fwp%2Fv2%2Fmedia&parent=308"}],"wp:term":[{"taxonomy":"category","embeddable":true,"href":"https:\/\/ricardovicentelopez.com.ar\/index.php?rest_route=%2Fwp%2Fv2%2Fcategories&post=308"},{"taxonomy":"post_tag","embeddable":true,"href":"https:\/\/ricardovicentelopez.com.ar\/index.php?rest_route=%2Fwp%2Fv2%2Ftags&post=308"}],"curies":[{"name":"wp","href":"https:\/\/api.w.org\/{rel}","templated":true}]}}