{"id":307,"date":"2012-03-11T10:51:00","date_gmt":"2012-03-11T10:51:00","guid":{"rendered":"http:\/\/ricardovicentelopez.com.ar\/?p=307"},"modified":"2015-03-21T14:04:51","modified_gmt":"2015-03-21T14:04:51","slug":"el-control-de-los-medios-de-difusion-i","status":"publish","type":"post","link":"https:\/\/ricardovicentelopez.com.ar\/?p=307","title":{"rendered":"El control de los medios de difusi\u00f3n I"},"content":{"rendered":"<p>Comienzo esta serie de notas tomando como referencia el libro de Noam Chomsky (1928), ling\u00fcista, fil\u00f3sofo y activista estadounidense: El control de los medios de difusi\u00f3n. Los espectaculares logros de la propaganda, Editorial Cr\u00edtica (2000), como un peque\u00f1o homenaje de mi parte a este docente, investigador, cr\u00edtico meticuloso, que se ha dedicado en estas \u00faltimas d\u00e9cadas a analizar el funcionamiento y el papel que cumplen los medios de informaci\u00f3n. Es profesor em\u00e9rito del Instituto Tecnol\u00f3gico de Massachusetts (MIT) y se ha convertido en uno de los intelectuales cr\u00edticos m\u00e1s destacados de las \u00faltimas d\u00e9cadas siglo XX hasta hoy. Las notas que ir\u00e9 publicando tendr\u00e1n a este texto como centro de mis reflexiones. <br \/>En este trabajo vuelve, una vez m\u00e1s sobre la que parece ser una de sus obsesiones investigativas. El t\u00edtulo en castellano, que traduce Media control del ingl\u00e9s, suena de una manera ambigua en nuestra lengua: podemos preguntar \u00bflos medios son los que controlan o son los controlados? Sin embargo, el subt\u00edtulo ya nos da una pista de hacia d\u00f3nde apunta. Si los logros de la \u201cpropaganda\u201d son los \u201cespectaculares\u201d, queda claro que es el primer significado el que vale. Comienza su exposici\u00f3n proponiendo un tema fundamental para la vida pol\u00edtica de las democracias occidentales:<br \/>\u00abEl papel de los medios de comunicaci\u00f3n en la pol\u00edtica contempor\u00e1nea nos obliga a preguntar por el tipo de mundo y de sociedad en los que queremos vivir, y qu\u00e9 modelo de democracia queremos para esta sociedad. Perm\u00edtaseme empezar contraponiendo dos conceptos distintos de democracia. Uno es el que nos lleva a afirmar que en una sociedad democr\u00e1tica, por un lado, la gente tiene a su alcance los recursos para participar de manera significativa en la gesti\u00f3n de sus asuntos particulares, y, por otro, los medios de informaci\u00f3n son libres e imparciales. Si se busca la palabra democracia en el diccionario se encuentra una definici\u00f3n bastante parecida a lo que acabo de formular. Una idea alternativa de democracia es la de que no debe permitirse que la gente se haga cargo de sus propios asuntos, a la vez que los medios de informaci\u00f3n deben estar fuerte y r\u00edgidamente controlados. Quiz\u00e1s esto suene como una concepci\u00f3n anticuada de democracia, pero es importante entender que, en todo caso, es la idea predominante\u00bb.<br \/>Se me ocurre pensar despu\u00e9s de haber le\u00eddo esto que la tan mencionada \u201clibertad de prensa\u201d, que encierra y oculta \u201cla libertad de empresa\u201d, est\u00e1 aferrada a la segunda alternativa. El par\u00e1metro de la importancia otorgada a este criterio como medida de la \u201cdemocraticidad\u201d \u2014 palabra que propone el polit\u00f3logo italiano Giovani Sartori\u2014 queda en manos de los medios de comunicaci\u00f3n. Nada menos.<br \/>Como la problem\u00e1tica est\u00e1 centrada para Chomsky en el an\u00e1lisis de la capacidad enorme y brutal se\u00f1alada en el subt\u00edtulo Los espectaculares logros de la propaganda, comienza a historiar sus or\u00edgenes modernos:<br \/>\u00abEmpecemos con la primera operaci\u00f3n moderna de propaganda llevada a cabo por un gobierno. Ocurri\u00f3 bajo el mandato de Woodrow Wilson. Este fue elegido presidente en 1916 como l\u00edder de la plataforma electoral Paz sin Victoria, cuando se cruzaba el ecuador de la Primera Guerra Mundial. La poblaci\u00f3n era muy pacifista y no ve\u00eda ninguna raz\u00f3n para involucrarse en una guerra europea; sin embargo, la administraci\u00f3n Wilson hab\u00eda decidido que el pa\u00eds tomar\u00eda parte en el conflicto. Hab\u00eda por tanto que hacer algo para inducir en la sociedad la idea de la obligaci\u00f3n de participar en la guerra. Y se cre\u00f3 una comisi\u00f3n de propaganda gubernamental, conocida con el nombre de Comisi\u00f3n Creel, que, en seis meses, logr\u00f3 convertir una poblaci\u00f3n pac\u00edfica en otra hist\u00e9rica y belicista que quer\u00eda ir a la guerra y destruir todo lo que oliera a alem\u00e1n, despedazar a todos los alemanes, y salvar as\u00ed al mundo. Se alcanz\u00f3 un \u00e9xito extraordinario que conducir\u00eda a otro mayor todav\u00eda: precisamente en aquella \u00e9poca y despu\u00e9s de la guerra se utilizaron las mismas t\u00e9cnicas para avivar lo que se conoc\u00eda como Miedo Rojo. Ello permiti\u00f3 la destrucci\u00f3n de sindicatos y la eliminaci\u00f3n de problemas tan peligrosos como la libertad de prensa o de pensamiento pol\u00edtico. El poder financiero y empresarial y los medios de comunicaci\u00f3n fomentaron y prestaron un gran apoyo a esta operaci\u00f3n, de la que, a su vez, obtuvieron todo tipo de provechos\u00bb.<\/p>\n","protected":false},"excerpt":{"rendered":"<p>Comienzo esta serie de notas tomando como referencia el libro de Noam Chomsky (1928), ling\u00fcista, fil\u00f3sofo y activista estadounidense: El control de los medios de difusi\u00f3n. Los espectaculares logros de la propaganda, Editorial Cr\u00edtica (2000), como un peque\u00f1o homenaje de mi parte a este docente, investigador, cr\u00edtico meticuloso, que se ha dedicado en estas \u00faltimas [&hellip;]<\/p>\n","protected":false},"author":1,"featured_media":0,"comment_status":"open","ping_status":"open","sticky":false,"template":"","format":"standard","meta":{"footnotes":""},"categories":[1],"tags":[],"class_list":["post-307","post","type-post","status-publish","format-standard","hentry","category-sin-categoria"],"_links":{"self":[{"href":"https:\/\/ricardovicentelopez.com.ar\/index.php?rest_route=\/wp\/v2\/posts\/307","targetHints":{"allow":["GET"]}}],"collection":[{"href":"https:\/\/ricardovicentelopez.com.ar\/index.php?rest_route=\/wp\/v2\/posts"}],"about":[{"href":"https:\/\/ricardovicentelopez.com.ar\/index.php?rest_route=\/wp\/v2\/types\/post"}],"author":[{"embeddable":true,"href":"https:\/\/ricardovicentelopez.com.ar\/index.php?rest_route=\/wp\/v2\/users\/1"}],"replies":[{"embeddable":true,"href":"https:\/\/ricardovicentelopez.com.ar\/index.php?rest_route=%2Fwp%2Fv2%2Fcomments&post=307"}],"version-history":[{"count":0,"href":"https:\/\/ricardovicentelopez.com.ar\/index.php?rest_route=\/wp\/v2\/posts\/307\/revisions"}],"wp:attachment":[{"href":"https:\/\/ricardovicentelopez.com.ar\/index.php?rest_route=%2Fwp%2Fv2%2Fmedia&parent=307"}],"wp:term":[{"taxonomy":"category","embeddable":true,"href":"https:\/\/ricardovicentelopez.com.ar\/index.php?rest_route=%2Fwp%2Fv2%2Fcategories&post=307"},{"taxonomy":"post_tag","embeddable":true,"href":"https:\/\/ricardovicentelopez.com.ar\/index.php?rest_route=%2Fwp%2Fv2%2Ftags&post=307"}],"curies":[{"name":"wp","href":"https:\/\/api.w.org\/{rel}","templated":true}]}}