{"id":292,"date":"2012-05-02T12:12:00","date_gmt":"2012-05-02T12:12:00","guid":{"rendered":"http:\/\/ricardovicentelopez.com.ar\/?p=292"},"modified":"2015-03-21T14:04:51","modified_gmt":"2015-03-21T14:04:51","slug":"reflexiones-finales-ii","status":"publish","type":"post","link":"https:\/\/ricardovicentelopez.com.ar\/?p=292","title":{"rendered":"Reflexiones finales II"},"content":{"rendered":"<p><\/p>\n<div style=\"margin-bottom: .0001pt; margin-bottom: 0cm; text-align: justify;\"><a href=\"http:\/\/www.blogger.com\/blogger.g?blogID=7693201245498174430\" name=\"_GoBack\"><\/a><i style=\"mso-bidi-font-style: normal;\"><span style=\"font-family: &quot;Tahoma&quot;,&quot;sans-serif&quot;;\"><\/span><\/i><span style=\"font-family: &quot;Tahoma&quot;,&quot;sans-serif&quot;;\"><\/span><\/div>\n<div style=\"margin-bottom: .0001pt; margin-bottom: 0cm; text-align: justify; text-indent: 21.25pt;\"><span style=\"font-family: &quot;Times New Roman&quot;,&quot;serif&quot;;\">&nbsp;Espero que los comentarios que fui agregando a lo escrito por Noam Chomsky en su libro \u201cEl control de los medios de difusi\u00f3n\u201d, m\u00e1s la propuesta de reflexiones y sugerencias, contribuyan a una comprensi\u00f3n m\u00e1s profunda de lo que nos ha brindado este acad\u00e9mico.<\/span><\/div>\n<div style=\"margin-bottom: .0001pt; margin-bottom: 0cm; text-align: justify; text-indent: 21.25pt;\"><span style=\"font-family: &quot;Times New Roman&quot;,&quot;serif&quot;;\">La denuncia de los proyectos y programas&nbsp; \u2014 a lo largo del siglo XX y continuados en el actual\u2014 ponen de manifiesto el acuerdo del <i style=\"mso-bidi-font-style: normal;\">establishment <\/i>internacional sobre la \u201cnecesidad\u201d de manipular la opini\u00f3n del \u201cciudadano de a pie\u201d, con el prop\u00f3sito de encubrir inconfesables maniobras en pos de una mayor&nbsp; rentabilidad del capital, sin importar las atroces consecuencias que acarrean. Construir, con el relato period\u00edstico, una realidad ficcional que sirva a esos prop\u00f3sitos ha sido una pol\u00edtica planificada e implementada desde los m\u00e1s altos escalones del poder. El libro de nuestro profesor nos ha guiado por los laberintos de ese entramado de planes y acciones desplegados sobre el planeta.<\/span><\/div>\n<div style=\"margin-bottom: .0001pt; margin-bottom: 0cm; text-align: justify; text-indent: 21.25pt;\"><span style=\"font-family: &quot;Times New Roman&quot;,&quot;serif&quot;;\">Sin embargo, a pesar de lo contundente de sus denuncias, Chomsky cierra con una reflexi\u00f3n esperanzadora: \u00abA pesar de toda la propaganda y de todos los intentos por controlar el pensamiento y fabricar el consenso, hay hechos que constituyen un conjunto de signos de efecto civilizador. Se est\u00e1 adquiriendo una capacidad y una buena disposici\u00f3n para pensar las cosas con el m\u00e1ximo detenimiento. Ha crecido el escepticismo acerca del poder. Han cambiado muchas actitudes hacia un buen n\u00famero de cuestiones, lo que ha convertido todo este asunto en algo lento, quiz\u00e1 incluso fr\u00edo, pero perceptible e importante, al margen de si acaba siendo o no lo bastante r\u00e1pido como para influir de manera significativa en los aconteceres del mundo\u00bb. Su prudencia es comprensible frente a la mansedumbre y credulidad del p\u00fablico estadounidense, descripto magistralmente por los autores y guionistas del personaje de Homero en la serie <i style=\"mso-bidi-font-style: normal;\">Los Simpson<\/i>. <\/span><\/div>\n<div style=\"margin-bottom: .0001pt; margin-bottom: 0cm; text-align: justify; text-indent: 21.25pt;\"><span style=\"font-family: &quot;Times New Roman&quot;,&quot;serif&quot;;\">Alberto Daneri, escritor, poeta y periodista, nos advierte sobre la necesidad de contar con un p\u00fablico mejor educado en estos temas: \u00abPara tomar decisiones leg\u00edtimas, el lector debe disponer de informaci\u00f3n veraz. Los diarios revelan, con un poco de suerte, hechos aislados, criterios sesgados; ignoramos miles de cosas que pasan. La realidad se recorta discrecionalmente; todos saben que los multimedios falsean la verdad, es el negocio quien manda. Violan sus reglas \u00e9ticas para vigilar lo que un periodista tiene permitido decir. Incluso lo que callan esconde un gran truco: omitir es su otra forma de mentir, pues los medios hegem\u00f3nicos negocian con poderosos del m\u00e1s alto nivel para que sus lectores piensen que las corporaciones medi\u00e1ticas les relatan certezas. Usualmente es un lector cautivo que teme equivocarse. Educado en el derecho a hablar y en el derecho a saber, cree devoto cuanto le narran\u00bb.<\/span><\/div>\n<div style=\"margin-bottom: .0001pt; margin-bottom: 0cm; text-align: justify; text-indent: 21.25pt;\"><span lang=\"ES\" style=\"font-family: &quot;Times New Roman&quot;,&quot;serif&quot;;\">Washington Uranga, profesor de la c\u00e1tedra \u00abPol\u00edticas de Comunicaci\u00f3n\u00bb de la Facultad de Comunicaci\u00f3n de la Universidad Javeriana y de la Facultad de Ciencias Sociales de la Universidad de Buenos Aires y de la Facultad de Comunicaci\u00f3n Social de La Plata, aporta:<\/span><span style=\"font-family: &quot;Times New Roman&quot;,&quot;serif&quot;;\"> \u00ab<\/span><span lang=\"ES\" style=\"font-family: &quot;Times New Roman&quot;,&quot;serif&quot;;\">Es interesante se\u00f1alar tambi\u00e9n que as\u00ed como todo acto tiene una expresi\u00f3n comunicacional que es susceptible de ser le\u00edda de distintas maneras, tambi\u00e9n es verdad que no todo es comunicaci\u00f3n. Por esta raz\u00f3n es imposible disimular los errores de una gesti\u00f3n con campa\u00f1as de <i style=\"mso-bidi-font-style: normal;\">marketing<\/i> o con estrategias de comunicaci\u00f3n para impactar y convencer a las audiencias ciudadanas de que est\u00e1 ocurriendo algo que va en sentido contrario a lo que sus ojos y sus sentidos perciben. Se puede disimular o enga\u00f1ar por un tiempo, pero finalmente la verdad terminar\u00e1 aflorando si existen voces diversas, pluralidad de fuentes y perspectivas\u00bb. <\/span><span style=\"font-family: &quot;Times New Roman&quot;,&quot;serif&quot;;\"><\/span><\/div>\n<div style=\"margin-bottom: .0001pt; margin-bottom: 0cm; text-align: justify; text-indent: 21.25pt;\"><span style=\"font-family: &quot;Times New Roman&quot;,&quot;serif&quot;;\">Creo que si se lleg\u00f3 a extremos inconcebibles en los Estados Unidos,<span style=\"color: red;\"> <\/span>es porque all\u00ed se ha desarrollado una larga domesticaci\u00f3n cultural. Nuestro pueblo es portador de una mirada cr\u00edtica que opera como un filtro analizador de todo lo que se le ofrece y cree cada vez menos en la propaganda con que se lo ataca. No quiere decir esto que sea invulnerable, pero, como tambi\u00e9n detecta Chomsky en su pa\u00eds, aunque en menor medida, la capacidad de enga\u00f1o est\u00e1 perdiendo fuerza.<\/span><\/div>\n<div style=\"margin-bottom: .0001pt; margin-bottom: 0cm; text-align: justify; text-indent: 21.25pt;\"><span style=\"font-family: &quot;Times New Roman&quot;,&quot;serif&quot;;\">Los planes ejecutados, ya analizados, ponen de manifiesto la importancia de crear una visi\u00f3n ficcional de la realidad al servicio de los peores prop\u00f3sitos del capital internacional. No puede soslayarse en esta reflexi\u00f3n las consecuencias de los efectos de esa tarea de dominaci\u00f3n cultural sobre una gran parte del \u201cciudadano de a pie\u201d. Por ello, dada la necesidad de contrarrestar esta propaganda da\u00f1ina, se puede comprender mejor que necesitamos comprometernos en esta \u201cbatalla por las ideas\u201d. En verdad, es all\u00ed donde se libra la pelea por una mejor comprensi\u00f3n del mundo que habitamos, y que nos ayudar\u00e1 a mejorar decisiones liberadoras del sometimiento con que nos han estado amenazando. El resultado de esa \u201cbatalla\u201d depende en gran parte de todos nosotros. <\/span><\/div>\n<div><\/div>\n","protected":false},"excerpt":{"rendered":"<p>&nbsp;Espero que los comentarios que fui agregando a lo escrito por Noam Chomsky en su libro \u201cEl control de los medios de difusi\u00f3n\u201d, m\u00e1s la propuesta de reflexiones y sugerencias, contribuyan a una comprensi\u00f3n m\u00e1s profunda de lo que nos ha brindado este acad\u00e9mico. La denuncia de los proyectos y programas&nbsp; \u2014 a lo largo [&hellip;]<\/p>\n","protected":false},"author":1,"featured_media":0,"comment_status":"open","ping_status":"open","sticky":false,"template":"","format":"standard","meta":{"footnotes":""},"categories":[1],"tags":[],"class_list":["post-292","post","type-post","status-publish","format-standard","hentry","category-sin-categoria"],"_links":{"self":[{"href":"https:\/\/ricardovicentelopez.com.ar\/index.php?rest_route=\/wp\/v2\/posts\/292","targetHints":{"allow":["GET"]}}],"collection":[{"href":"https:\/\/ricardovicentelopez.com.ar\/index.php?rest_route=\/wp\/v2\/posts"}],"about":[{"href":"https:\/\/ricardovicentelopez.com.ar\/index.php?rest_route=\/wp\/v2\/types\/post"}],"author":[{"embeddable":true,"href":"https:\/\/ricardovicentelopez.com.ar\/index.php?rest_route=\/wp\/v2\/users\/1"}],"replies":[{"embeddable":true,"href":"https:\/\/ricardovicentelopez.com.ar\/index.php?rest_route=%2Fwp%2Fv2%2Fcomments&post=292"}],"version-history":[{"count":0,"href":"https:\/\/ricardovicentelopez.com.ar\/index.php?rest_route=\/wp\/v2\/posts\/292\/revisions"}],"wp:attachment":[{"href":"https:\/\/ricardovicentelopez.com.ar\/index.php?rest_route=%2Fwp%2Fv2%2Fmedia&parent=292"}],"wp:term":[{"taxonomy":"category","embeddable":true,"href":"https:\/\/ricardovicentelopez.com.ar\/index.php?rest_route=%2Fwp%2Fv2%2Fcategories&post=292"},{"taxonomy":"post_tag","embeddable":true,"href":"https:\/\/ricardovicentelopez.com.ar\/index.php?rest_route=%2Fwp%2Fv2%2Ftags&post=292"}],"curies":[{"name":"wp","href":"https:\/\/api.w.org\/{rel}","templated":true}]}}