{"id":264,"date":"2012-08-08T12:38:00","date_gmt":"2012-08-08T12:38:00","guid":{"rendered":"http:\/\/ricardovicentelopez.com.ar\/?p=264"},"modified":"2015-03-21T14:04:49","modified_gmt":"2015-03-21T14:04:49","slug":"pinceladas-sobre-la-democracia-y-el-capitalismo-x","status":"publish","type":"post","link":"https:\/\/ricardovicentelopez.com.ar\/?p=264","title":{"rendered":"Pinceladas sobre la democracia y el capitalismo X"},"content":{"rendered":"<p><\/p>\n<div><a href=\"http:\/\/www.blogger.com\/blogger.g?blogID=7693201245498174430\" name=\"_GoBack\"><\/a><i style=\"mso-bidi-font-style: normal;\"><span lang=\"ES\" style=\"font-family: &quot;Tahoma&quot;,&quot;sans-serif&quot;;\"><\/span><\/i><span lang=\"ES\" style=\"font-family: &quot;Tahoma&quot;,&quot;sans-serif&quot;;\"><\/span><\/div>\n<div style=\"line-height: 125%; margin-right: 0cm; text-align: justify; text-indent: 21.3pt;\"><span lang=\"ES\">Ya qued\u00f3 dicho que la posible quiebra del sistema capitalista es para muchos habitantes del Primer Mundo una tesis caduca, resultado de un marxismo que hab\u00eda demostrado palmariamente, con la ca\u00edda del mundo sovi\u00e9tico, sus profundos errores de an\u00e1lisis y diagn\u00f3stico, tambi\u00e9n debemos recordar que hasta principios de este siglo sectores importantes de las clases altas y medias de la periferia acompa\u00f1aron y, en gran medida siguen haci\u00e9ndolo, estas convicciones. Es que los prejuicios bien arraigados, sobre todo cuando son machaconamente repetidos por la prensa concentrada, son muy dif\u00edciles de erradicar. Es lo que hemos estado viendo en p\u00e1ginas m\u00e1s arriba. Los sobresaltos de conciencia que producen algunas declaraciones de personajes eminentes del establishment.<\/span><\/div>\n<div style=\"line-height: 125%; margin-right: 0cm; text-align: justify; text-indent: 21.3pt;\"><span lang=\"ES\">Me voy a detener ahora en una nota recientemente publicada (19-7-2012) en el importante peri\u00f3dico La Jornada de M\u00e9xico<a href=\"http:\/\/www.blogger.com\/blogger.g?blogID=7693201245498174430#_ftn1\" name=\"_ftnref1\" style=\"mso-footnote-id: ftn1;\" title=\"\"><span><span style=\"mso-special-character: footnote;\"><span><span lang=\"ES\" style=\"font-size: 11.0pt; mso-ansi-language: ES; mso-bidi-font-size: 12.0pt; mso-bidi-language: AR-SA; mso-fareast-font-family: &quot;Times New Roman&quot;; mso-fareast-language: ES;\">[1]<\/span><\/span><\/span><\/span><\/a>por un profesor destacado de la Universidad Nacional Aut\u00f3noma de M\u00e9xico, Alejandro Nadal<a href=\"http:\/\/www.blogger.com\/blogger.g?blogID=7693201245498174430#_ftn2\" name=\"_ftnref2\" style=\"mso-footnote-id: ftn2;\" title=\"\"><span><span style=\"mso-special-character: footnote;\"><span><span lang=\"ES\" style=\"font-size: 11.0pt; mso-ansi-language: ES; mso-bidi-font-size: 12.0pt; mso-bidi-language: AR-SA; mso-fareast-font-family: &quot;Times New Roman&quot;; mso-fareast-language: ES;\">[2]<\/span><\/span><\/span><\/span><\/a>, quien aborda el mismo tema que <\/span><span style=\"line-height: 125%; mso-ansi-language: ES-AR; mso-bidi-font-size: 11.0pt; mso-fareast-language: EN-US;\">Nouriel Roubini, pero poniendo el centro de sus an\u00e1lisis en el concepto de <i style=\"mso-bidi-font-style: normal;\">crisis<\/i>. Si las que se han producido son un mero fallo del mecanismo de mercado que requiere algunas reparaciones o si, por el contrario, \u00e9stas son consecuencias necesarias del modo en que se relacionan la <i style=\"mso-bidi-font-style: normal;\">producci\u00f3n<\/i>, el <i style=\"mso-bidi-font-style: normal;\">trabajo<\/i> y la <i style=\"mso-bidi-font-style: normal;\">distribuci\u00f3n de la riqueza<\/i>. La primera tesis es la que sostiene desde hace muchas d\u00e9cadas la <i style=\"mso-bidi-font-style: normal;\">ortodoxia acad\u00e9mica<\/i> que <i style=\"mso-bidi-font-style: normal;\">justifica y legitima ideol\u00f3gicamente<\/i> el orden imperante.<\/span><\/div>\n<div style=\"line-height: 125%; margin-right: 0cm; text-align: justify; text-indent: 21.3pt;\"><span lang=\"ES\">El profesor Nadal est\u00e1 m\u00e1s cerca de la segunda tesis y, para entrar en el an\u00e1lisis comienza pregunt\u00e1ndose:<\/span><\/div>\n<div style=\"line-height: 125%; margin: 3pt 0cm 3pt 1cm; text-align: justify;\"><span lang=\"ES\">\u00ab\u00bfCu\u00e1ndo fue la \u00faltima vez que una econom\u00eda capitalista se mantuvo en expansi\u00f3n y en armon\u00eda social? Parece que hay que hacer un buen ejercicio de memoria porque no es f\u00e1cil recordar semejante episodio de placidez. Y sin embargo,<u> en el imaginario social perdura la creencia de que en una \u00e9poca perdida que habr\u00eda que recuperar, el capitalismo pudo hacer entrega de buenos resultados<\/u>. Quiz\u00e1s el anhelo profundo del ser humano es ese mundo de paz, bienestar y justicia. <u>Pero esa aspiraci\u00f3n no significa que ese mundo anhelado sea posible bajo la feroz regla del capital<\/u>. La historia del capitalismo revela un proceso de continua expansi\u00f3n y eso ha sido interpretado como se\u00f1al de \u00e9xito. En esa misma historia <u>hay una nutrida sucesi\u00f3n de episodios de contracci\u00f3n y descalabro. Es como si la crisis incesante fuera el estado natural del capitalismo<\/u>\u00bb.<\/span><\/div>\n<div style=\"line-height: 125%; margin-right: 0cm; text-align: justify; text-indent: 21.3pt;\"><span lang=\"ES\">Para sostener su afirmaci\u00f3n destaca situaciones reales, hist\u00f3ricas, que se han producido en los \u00faltimos siglos, sobre todo a partir de la Revoluci\u00f3n industrial del siglo XVIII. Aparecen una serie de acontecimientos que han sido presentados por los manuales de Historia Econ\u00f3mica como accidentes inevitables, muchas veces imprevisibles, como si se tratara de fen\u00f3menos clim\u00e1ticos o geol\u00f3gicos, ajenos a la voluntad humana. La lista de crisis traum\u00e1ticas que se han producido dentro de esa historia: especulaci\u00f3n financiera, la ca\u00edda de la demanda provocada por recortes salariales, exceso de capacidad instalada ante las ca\u00eddas de las ventas, etc. En la mayor parte de estos casos las consecuencias: desempleo y empobrecimiento, destrucci\u00f3n y guerras dejaron profundas cicatrices pron\u00f3sticos sombr\u00edos para una parte muy importante de los habitantes del planeta.<\/span><\/div>\n<div style=\"line-height: 125%; margin-right: 0cm; text-align: justify; text-indent: 21.3pt;\"><span lang=\"ES\">Se refiere a los a\u00f1os del \u00abm\u00edtico periodo glorioso del capital\u00bb como un argumento algo endeble. Se detiene en el siglo XX, fundamentalmente en el per\u00edodo 1920-21 cuando se presenta una crisis deflacionaria<a href=\"http:\/\/www.blogger.com\/blogger.g?blogID=7693201245498174430#_ftn3\" name=\"_ftnref3\" style=\"mso-footnote-id: ftn3;\" title=\"\"><span><span style=\"mso-special-character: footnote;\"><span><span lang=\"ES\" style=\"font-size: 11.0pt; mso-ansi-language: ES; mso-bidi-font-size: 12.0pt; mso-bidi-language: AR-SA; mso-fareast-font-family: &quot;Times New Roman&quot;; mso-fareast-language: ES;\">[3]<\/span><\/span><\/span><\/span><\/a>que precedi\u00f3 a la Gran Depresi\u00f3n. Estos procesos marcaron muy profundamente a los actores econ\u00f3micos de la historia econ\u00f3mica y pol\u00edtica de la primera mitad del siglo.<\/span><\/div>\n<div style=\"line-height: 125%; margin: 3pt 0cm 3pt 1cm; text-align: justify;\"><span lang=\"ES\">\u00abDespu\u00e9s de la Segunda Guerra viene la llamada \u00e9poca dorada de expansi\u00f3n capitalista. Esa fase (1947-1970) estuvo sostenida por circunstancias excepcionales e insostenibles: la demanda de la reconstrucci\u00f3n de postguerra y del consumo postergado desde la crisis de 1929. La era dorada dur\u00f3 poco: a fines de los sesenta comienza el agotamiento de oportunidades rentables para la inversi\u00f3n. En 1973 concluye el crecimiento de los salarios y arranca la crisis de estancamiento con inflaci\u00f3n, la misma que desemboca en el alza brutal de las tasas de inter\u00e9s y desencadena la crisis de los a\u00f1os 80 a escala mundial. En Am\u00e9rica Latina nos acostumbramos a decir la d\u00e9cada perdida de los 80. Olvidamos que en los pa\u00edses centrales la crisis se hab\u00eda gestado precisamente en la era dorada. La crisis de los 80 le pega a todo el mundo\u00bb.<\/span><\/div>\n<div style=\"line-height: 125%; margin-right: 0cm; text-align: justify; text-indent: 21.25pt;\"><span lang=\"ES\">Las lecturas precedentes nos colocan ante la necesidad de aceptar el desaf\u00edo de las dudas frente a tantas certezas ciegas que hoy campean por el escenario internacional. La sever\u00edsima crisis en la que est\u00e1 sumida la vieja Europa, la desaprensi\u00f3n social con que se aplican lo que se supone son las medidas para superarla, cuando se va a cada paso que todo empeora, no permite una actitud que se desentienda de las consecuencias que van apareciendo que, en un mundo globalizado, no deja lugar del mundo sin afectar, en mayor o menor medida.<\/span><\/div>\n<div style=\"mso-element: footnote-list;\">\n<div style=\"text-align: justify;\"><br clear=\"all\" \/><\/div>\n<hr size=\"1\" style=\"margin-left: 0px; margin-right: 0px;\" width=\"33%\" \/>\n<div style=\"text-align: justify;\">\n<div><a href=\"http:\/\/www.blogger.com\/blogger.g?blogID=7693201245498174430#_ftnref1\" name=\"_ftn1\" style=\"mso-footnote-id: ftn1;\" title=\"\"><span><span lang=\"ES\"><span style=\"mso-special-character: footnote;\"><span><span lang=\"ES\" style=\"font-size: 10.0pt; mso-ansi-language: ES; mso-bidi-language: AR-SA; mso-fareast-font-family: &quot;Times New Roman&quot;; mso-fareast-language: ES;\">[1]<\/span><\/span><\/span><\/span><\/span><\/a><span lang=\"ES\"> Es uno de los principales peri\u00f3dicos mexicanos de circulaci\u00f3n nacional, fundado el 19 de septiembre de 1984 por Carlos Pay\u00e1n. Ocupa el cuarto puesto nacional en tiraje y el tercero en el Distrito federal. La versi\u00f3n en l\u00ednea apareci\u00f3 en 1995 y permite un acceso libre a todos los contenidos. Desde su aparici\u00f3n, su p\u00e1gina web se aloja; mediante contrato comercial, en la Universidad Nacional Aut\u00f3noma de M\u00e9xico.<\/span><\/div>\n<\/div>\n<div style=\"text-align: justify;\">\n<div><a href=\"http:\/\/www.blogger.com\/blogger.g?blogID=7693201245498174430#_ftnref2\" name=\"_ftn2\" style=\"mso-footnote-id: ftn2;\" title=\"\"><span><span lang=\"ES\"><span style=\"mso-special-character: footnote;\"><span><span lang=\"ES\" style=\"font-size: 10.0pt; mso-ansi-language: ES; mso-bidi-language: AR-SA; mso-fareast-font-family: &quot;Times New Roman&quot;; mso-fareast-language: ES;\">[2]<\/span><\/span><\/span><\/span><\/span><\/a><span lang=\"ES\"> Es un economista mexicano, Doctor en Econom\u00eda por la Universidad de Par\u00eds X, actualmente es profesor e investigador de su especialidad en el Centro de Estudios Econ\u00f3micos del Colegio de M\u00e9xico en las \u00e1reas de Teor\u00eda Econ\u00f3mica Comparada y Econom\u00eda del Cambio T\u00e9cnico.<\/span><\/div>\n<\/div>\n<div style=\"mso-element: footnote;\">\n<div style=\"text-align: justify;\"><a href=\"http:\/\/www.blogger.com\/blogger.g?blogID=7693201245498174430#_ftnref3\" name=\"_ftn3\" style=\"mso-footnote-id: ftn3;\" title=\"\"><span><span lang=\"ES\"><span style=\"mso-special-character: footnote;\"><span><span lang=\"ES\" style=\"font-size: 10.0pt; mso-ansi-language: ES; mso-bidi-language: AR-SA; mso-fareast-font-family: &quot;Times New Roman&quot;; mso-fareast-language: ES;\">[3]<\/span><\/span><\/span><\/span><\/span><\/a><span lang=\"ES\"> En econom\u00eda se llama <i style=\"mso-bidi-font-style: normal;\">deflaci\u00f3n<\/i> a la baja generalizada y prolongada (como m\u00ednimo, dos semestres seg\u00fan el FMI del nivel de precios de bienes y servicios. Es el fen\u00f3meno contrario al de la inflaci\u00f3n.<\/span><\/div>\n<\/div>\n<\/div>\n","protected":false},"excerpt":{"rendered":"<p>Ya qued\u00f3 dicho que la posible quiebra del sistema capitalista es para muchos habitantes del Primer Mundo una tesis caduca, resultado de un marxismo que hab\u00eda demostrado palmariamente, con la ca\u00edda del mundo sovi\u00e9tico, sus profundos errores de an\u00e1lisis y diagn\u00f3stico, tambi\u00e9n debemos recordar que hasta principios de este siglo sectores importantes de las clases [&hellip;]<\/p>\n","protected":false},"author":1,"featured_media":0,"comment_status":"open","ping_status":"open","sticky":false,"template":"","format":"standard","meta":{"footnotes":""},"categories":[1],"tags":[],"class_list":["post-264","post","type-post","status-publish","format-standard","hentry","category-sin-categoria"],"_links":{"self":[{"href":"https:\/\/ricardovicentelopez.com.ar\/index.php?rest_route=\/wp\/v2\/posts\/264","targetHints":{"allow":["GET"]}}],"collection":[{"href":"https:\/\/ricardovicentelopez.com.ar\/index.php?rest_route=\/wp\/v2\/posts"}],"about":[{"href":"https:\/\/ricardovicentelopez.com.ar\/index.php?rest_route=\/wp\/v2\/types\/post"}],"author":[{"embeddable":true,"href":"https:\/\/ricardovicentelopez.com.ar\/index.php?rest_route=\/wp\/v2\/users\/1"}],"replies":[{"embeddable":true,"href":"https:\/\/ricardovicentelopez.com.ar\/index.php?rest_route=%2Fwp%2Fv2%2Fcomments&post=264"}],"version-history":[{"count":0,"href":"https:\/\/ricardovicentelopez.com.ar\/index.php?rest_route=\/wp\/v2\/posts\/264\/revisions"}],"wp:attachment":[{"href":"https:\/\/ricardovicentelopez.com.ar\/index.php?rest_route=%2Fwp%2Fv2%2Fmedia&parent=264"}],"wp:term":[{"taxonomy":"category","embeddable":true,"href":"https:\/\/ricardovicentelopez.com.ar\/index.php?rest_route=%2Fwp%2Fv2%2Fcategories&post=264"},{"taxonomy":"post_tag","embeddable":true,"href":"https:\/\/ricardovicentelopez.com.ar\/index.php?rest_route=%2Fwp%2Fv2%2Ftags&post=264"}],"curies":[{"name":"wp","href":"https:\/\/api.w.org\/{rel}","templated":true}]}}