{"id":263,"date":"2012-08-12T10:07:00","date_gmt":"2012-08-12T10:07:00","guid":{"rendered":"http:\/\/ricardovicentelopez.com.ar\/?p=263"},"modified":"2015-03-21T14:04:49","modified_gmt":"2015-03-21T14:04:49","slug":"reflexiones-finales","status":"publish","type":"post","link":"https:\/\/ricardovicentelopez.com.ar\/?p=263","title":{"rendered":"Reflexiones finales"},"content":{"rendered":"<p><\/p>\n<div><a href=\"http:\/\/www.blogger.com\/blogger.g?blogID=7693201245498174430\" name=\"_GoBack\"><\/a><i style=\"mso-bidi-font-style: normal;\"><span lang=\"ES\" style=\"font-family: &quot;Arial&quot;,&quot;sans-serif&quot;; font-size: 12.0pt;\"><\/span><\/i><\/div>\n<div style=\"line-height: 125%; margin-right: 0cm; text-align: justify; text-indent: 21.25pt;\"><span lang=\"ES\">Es posible que alg\u00fan lector, poco habituado a visitar los m\u00e1rgenes del espacio comunicacional, por donde circula una importante cantidad de informaci\u00f3n alternativa, se sorprenda. Y tendr\u00e1 sus razones si se pregunta: \u00bfpor qu\u00e9, si todos los profesores, investigadores, periodistas, pertenecientes a las instituciones m\u00e1s importantes del sistema-mundo, se han expresado de ese modo el \u201cciudadano de a pie\u201d no se enter\u00f3? La respuesta es sencilla, pero dura: existe un control sobre la informaci\u00f3n ejercido por los poderes internacionales que lo impiden. Pero, a medida en que se profundice la crisis estructural y no sea ya posible ocultarla y si, adem\u00e1s, este proceso es acompa\u00f1ado por una actitud de compromiso por parte de ese \u201cciudadano\u201d que quiera saber m\u00e1s dejando atr\u00e1s el escepticismo paralizante, se ir\u00e1 corriendo el tel\u00f3n que oculta el verdadero escenario del mundo global.<\/span><\/div>\n<div style=\"line-height: 125%; margin-right: 0cm; text-align: justify; text-indent: 21.25pt;\"><span lang=\"ES\">Es esa precisamente la intenci\u00f3n de estas p\u00e1ginas. Ir abriendo una brecha de luz que haga m\u00e1s claro el panorama de la realidad actual. Es que los tiempos se est\u00e1n acelerando, los riesgos que d\u00e9cadas atr\u00e1s pod\u00edan parecernos lejanos hoy se han comenzado a asomar por sobre el horizonte. El profesor Alejandro Nadal lo <span style=\"mso-spacerun: yes;\">&nbsp;<\/span>pinta de este modo:<\/span><\/div>\n<div style=\"line-height: 125%; margin: 3pt 0cm 3pt 1cm; text-align: justify;\"><span lang=\"ES\" style=\"font-family: &quot;Arial&quot;,&quot;sans-serif&quot;; font-size: 9.0pt; line-height: 125%;\">No hay pausa para respirar. El capitalismo vive a trav\u00e9s de mutaciones pat\u00f3genas continuas. Es como si se tratara de un enfermo que en momentos de aparente buena salud estuviera preparando los momentos de graves convulsiones. No hay que caer en una visi\u00f3n reduccionista. No todas las crisis son iguales, ni tuvieron las mismas causas. El desarrollo del capitalismo es un proceso contradictorio y por ello ha tenido fases de relativa prosperidad. Precisamente en esas etapas de estabilidad se gestan las mutaciones que conducen a m\u00e1s crisis. <u>Es f\u00e1cil observar que la crisis es el apellido del capitalismo: no existe un mecanismo de ajuste que permita solucionar el problema de la inestabilidad de las funciones de inversi\u00f3n y de preferencia de liquidez en una econom\u00eda monetaria de tal manera que se alcance una situaci\u00f3n de pleno empleo<\/u>. El punto es este: <u>no es que no funcione el mecanismo, sino que no existe<\/u>. Definitivamente, <u>la visi\u00f3n ingenua sobre el capitalismo debe ir a reposar en el museo de los mitos curiosos<\/u>. Se desprende una importante tarea pol\u00edtica e hist\u00f3rica para la izquierda, la \u00fanica fuerza capaz de cuestionar las bases del capitalismo.<\/span><span lang=\"ES\" style=\"font-family: &quot;Arial&quot;,&quot;sans-serif&quot;; font-size: 9.0pt; line-height: 125%; mso-fareast-language: ES-AR;\"> (subrayados RVL).<\/span><span lang=\"ES\" style=\"font-family: &quot;Arial&quot;,&quot;sans-serif&quot;; font-size: 9.0pt; line-height: 125%;\"><\/span><\/div>\n<div style=\"line-height: 125%; margin-right: 0cm; text-align: justify; text-indent: 21.25pt;\"><span lang=\"ES\">La pregunta que surge de inmediato es \u00bfentonces qu\u00e9? \u00bfcu\u00e1l es el sistema que debe reemplazarlo? La respuesta que hoy tenemos a la mano tiene varios aspectos: 1.- Los cambios hist\u00f3ricos no se produjeron porque estaba listo en ese momento el sistema de reemplazo; por el contrario, porque el viejo ya no funcionaba ni daba respuestas a las nuevas necesidades se desmoron\u00f3; por esa raz\u00f3n fue posible comenzar a construir lo nuevo. 2.- Afirmado esto, debemos comprender que la pasividad de partes importantes de la poblaci\u00f3n global es un fuerte impedimento para poder avanzar hacia una sociedad m\u00e1s equitativa.<\/span><\/div>\n<div style=\"line-height: 125%; margin-right: 0cm; text-align: justify; text-indent: 21.25pt;\"><span lang=\"ES\">Tomar conciencia de la necesidad de convertirnos en protagonistas de la pol\u00edtica, en todas sus dimensiones, que comienzan por formas precarias de organizaci\u00f3n en las cuales se pueda debatir entre los \u201cciudadanos\u201d qu\u00e9 mundo se desea y qu\u00e9 caminos posibles hay para transitar hacia \u00e9l es uno de los primeros pasos. Nos debe empujar el saber que los poderosos de todos los tiempos nunca hicieron f\u00e1cil ese tr\u00e1nsito. Es que ello supone poner en riesgo le preservaci\u00f3n de privilegios insoportables e injustificables. <\/span><\/div>\n<div style=\"margin-right: 0cm; text-align: justify; text-indent: 21.3pt;\"><span lang=\"ES\">Sin embargo queda un problema que no ha tenido respuesta hasta aqu\u00ed. Si el capitalismo no puede ofrecer ninguna salida \u00bfqu\u00e9 ocurre con la democracia? Intentar\u00e9 algunas reflexiones en pr\u00f3ximas notas.<\/span><\/div>\n","protected":false},"excerpt":{"rendered":"<p>Es posible que alg\u00fan lector, poco habituado a visitar los m\u00e1rgenes del espacio comunicacional, por donde circula una importante cantidad de informaci\u00f3n alternativa, se sorprenda. Y tendr\u00e1 sus razones si se pregunta: \u00bfpor qu\u00e9, si todos los profesores, investigadores, periodistas, pertenecientes a las instituciones m\u00e1s importantes del sistema-mundo, se han expresado de ese modo el [&hellip;]<\/p>\n","protected":false},"author":1,"featured_media":0,"comment_status":"open","ping_status":"open","sticky":false,"template":"","format":"standard","meta":{"footnotes":""},"categories":[1],"tags":[],"class_list":["post-263","post","type-post","status-publish","format-standard","hentry","category-sin-categoria"],"_links":{"self":[{"href":"https:\/\/ricardovicentelopez.com.ar\/index.php?rest_route=\/wp\/v2\/posts\/263","targetHints":{"allow":["GET"]}}],"collection":[{"href":"https:\/\/ricardovicentelopez.com.ar\/index.php?rest_route=\/wp\/v2\/posts"}],"about":[{"href":"https:\/\/ricardovicentelopez.com.ar\/index.php?rest_route=\/wp\/v2\/types\/post"}],"author":[{"embeddable":true,"href":"https:\/\/ricardovicentelopez.com.ar\/index.php?rest_route=\/wp\/v2\/users\/1"}],"replies":[{"embeddable":true,"href":"https:\/\/ricardovicentelopez.com.ar\/index.php?rest_route=%2Fwp%2Fv2%2Fcomments&post=263"}],"version-history":[{"count":0,"href":"https:\/\/ricardovicentelopez.com.ar\/index.php?rest_route=\/wp\/v2\/posts\/263\/revisions"}],"wp:attachment":[{"href":"https:\/\/ricardovicentelopez.com.ar\/index.php?rest_route=%2Fwp%2Fv2%2Fmedia&parent=263"}],"wp:term":[{"taxonomy":"category","embeddable":true,"href":"https:\/\/ricardovicentelopez.com.ar\/index.php?rest_route=%2Fwp%2Fv2%2Fcategories&post=263"},{"taxonomy":"post_tag","embeddable":true,"href":"https:\/\/ricardovicentelopez.com.ar\/index.php?rest_route=%2Fwp%2Fv2%2Ftags&post=263"}],"curies":[{"name":"wp","href":"https:\/\/api.w.org\/{rel}","templated":true}]}}