{"id":239,"date":"2012-11-04T10:17:00","date_gmt":"2012-11-04T10:17:00","guid":{"rendered":"http:\/\/ricardovicentelopez.com.ar\/?p=239"},"modified":"2015-03-21T14:04:48","modified_gmt":"2015-03-21T14:04:48","slug":"que-se-dice-de-argentina-la-importancia-de-la-opinion-de-los-expertos-ii","status":"publish","type":"post","link":"https:\/\/ricardovicentelopez.com.ar\/?p=239","title":{"rendered":"\u00bfQu\u00e9 se dice de Argentina? La importancia de la opini\u00f3n de los expertos  II"},"content":{"rendered":"<p><!--[if gte mso 9]><xml> <o:OfficeDocumentSettings>  <o:AllowPNG\/> <\/o:OfficeDocumentSettings><\/xml><![endif]--><\/p>\n<div style=\"text-align: justify; text-indent: 21.3pt;\"><span lang=\"ES\">Ahora vamos a leer lo que no se dice o se intenta ocultar. El periodista Javier Lewkowicz nos informa de la visita de uno de los economistas m\u00e1s prestigioso, con curr\u00edculum v\u00edtae internacional, que vino a nuestro pa\u00eds invitado por la Facultad de Ciencias Econ\u00f3micas (UBA), Joseph Stiglitz (1943- ) que exhibe los siguientes antecedentes: es estadounidense, profesor en las Universidades de Yale, de Duke, de Stanford, de Oxford y de Princeton, actualmente es Profesor en la Universidad de Columbia. En 2000 Stiglitz fund\u00f3 la <i style=\"mso-bidi-font-style: normal;\">Iniciativa para el di\u00e1logo pol\u00edtico<\/i>, un centro de estudios de desarrollo internacional con base en la Universidad de Columbia (EE. UU.), recibi\u00f3 el Premio Nobel de Econom\u00eda (2001), y desde 2005 dirige el <i style=\"mso-bidi-font-style: normal;\">Instituto Brooks para la Pobreza Mundial de la Universidad de M\u00e1nchester<\/i>. Pido perd\u00f3n por tanto detalle, pero lo creo importante para saber de qui\u00e9n se trata.<span style=\"mso-spacerun: yes;\">&nbsp; <\/span><\/span><\/div>\n<p>&nbsp;  <span lang=\"ES\"><\/span><\/p>\n<div style=\"text-align: justify; text-indent: 21.3pt;\"><span lang=\"ES\"><span style=\"mso-spacerun: yes;\">&nbsp;<\/span>Sus afirmaciones y declaraciones recibieron ahora poca atenci\u00f3n de los medios concentrados, cuando a\u00f1os atr\u00e1s en cambio se lo mostraba como un importante analista: \u00abLos pa\u00edses de Europa no aprendieron de la Argentina. Y el resultado fue que para enfrentar la crisis aplicaron un conjunto de pol\u00edticas que empeoraron las cosas r\u00e1pidamente\u00bb afirm\u00f3 el profesor. En una exposici\u00f3n en la Facultad, agreg\u00f3 lo que nos informa Lewkowicz: <\/span><\/div>\n<div style=\"margin: 3pt 0cm 3pt 1cm; text-align: justify; text-indent: 0cm;\"><span lang=\"ES\" style=\"font-family: &quot;Arial&quot;,&quot;sans-serif&quot;; font-size: 9.0pt; line-height: 125%;\">Elogi\u00f3 el rumbo de pol\u00edtica que adopt\u00f3 el Gobierno desde 2003 y critic\u00f3 la postura neoliberal que explica la crisis de la deuda en Europa a partir de un excesivo gasto p\u00fablico, que propone salvar a los bancos y deprimir la demanda agregada. Y dijo: \u201cEsto lo sab\u00eda N\u00e9stor Kirchner, cuando en las Naciones Unidas sostuvo que los muertos no pagan las deudas. Hac\u00eda falta crecer para pagar\u201d<\/span><span lang=\"ES\">.<\/span><\/div>\n<div style=\"text-align: justify; text-indent: 21.3pt;\"><span lang=\"ES\">Para comprender m\u00e1s en detalle la exposici\u00f3n del profesor el periodista nos informa:<\/span><\/div>\n<div style=\"margin: 3pt 0cm 3pt 1cm; text-align: justify; text-indent: 0cm;\"><span lang=\"ES\" style=\"font-family: &quot;Arial&quot;,&quot;sans-serif&quot;; font-size: 9.0pt; line-height: 125%;\">Stiglitz es profesor en la Universidad de Columbia y se enrola en la corriente de los nuevos keynesianos. Desde el punto de vista te\u00f3rico, se distingue de las posturas m\u00e1s ortodoxas porque subraya los problemas derivados de <span style=\"mso-spacerun: yes;\">&nbsp;<\/span>las imperfecciones del mercado y hace hincapi\u00e9 en la necesidad de la regulaci\u00f3n estatal. Desde el estallido de la crisis de las hipotecas subprime y la creciente fragilidad en Europa, Stiglitz cobr\u00f3 protagonismo por criticar la salida que el neoliberalismo propone y se convirti\u00f3 en un referente de la opci\u00f3n heterodoxa en el contexto actual. Elogia la din\u00e1mica de la econom\u00eda argentina desde 2003, que sali\u00f3 de la crisis con pol\u00edticas expansivas y logr\u00f3 trasladar a los acreedores parte del quebranto que gener\u00f3 la convertibilidad, a trav\u00e9s de la reestructuraci\u00f3n de la deuda.<\/span><\/div>\n<div style=\"text-align: justify; text-indent: 21.3pt;\"><span lang=\"ES\">El profesor agreg\u00f3 en su exposici\u00f3n:<\/span><\/div>\n<div style=\"margin: 3pt 0cm 3pt 1cm; text-align: justify; text-indent: 0cm;\"><span lang=\"ES\" style=\"font-family: &quot;Arial&quot;,&quot;sans-serif&quot;; font-size: 9.0pt; line-height: 125%;\">Desde la d\u00e9cada de 1980 ha habido m\u00e1s de cien crisis de deuda en todo el mundo. <u>Pens\u00e1bamos que los mercados funcionaban, pero lo cierto es que las ideas del Consenso de Washington estaban equivocadas. Esas recetas derivaron en serias crisis de deuda, con consecuencias brutales sobre las sociedades<\/u>. En este tipo de crisis se tiende a criticar al que tom\u00f3 prestado. Pero todos los pr\u00e9stamos tienen dos partes. El acreedor tiene tanta responsabilidad como el que toma prestado. <u>Tal vez el acreedor es incluso m\u00e1s responsable, ya que el acreedor es el que tiene el conocimiento acerca de cu\u00e1les son los que pueden devolverle el dinero<\/u>. (Subrayados RVL)<\/span><\/div>\n<div style=\"text-align: justify; text-indent: 21.3pt;\"><span lang=\"ES\">El Profesor compar\u00f3 algunos de los problemas que atraviesan los pa\u00edses con situaciones comprometidas en Europa con la situaci\u00f3n argentina en 2001\/02: <\/span><\/div>\n<div style=\"margin: 3pt 0cm 3pt 1cm; text-align: justify; text-indent: 0cm;\"><span lang=\"ES\" style=\"font-family: &quot;Arial&quot;,&quot;sans-serif&quot;; font-size: 9.0pt; line-height: 125%;\">Los pa\u00edses de Europa no est\u00e1n en una zona monetaria \u00f3ptima. Son econom\u00edas muy diferentes que procuran compartir una moneda. Con la uni\u00f3n monetaria, resignaron el mecanismo del tipo de cambio y la tasa de inter\u00e9s y no lo reemplazaron. <u>Los problemas de deuda p\u00fablica en los pa\u00edses de la periferia de Europa no fueron causados por un sobre-endeudamiento estatal. Lo que sucedi\u00f3, en cambio, fue que, ante la crisis, los gobiernos se hicieron cargo de las deudas del sector privado, en especial los bancos. Los mismos dirigentes que culparon al gobierno fueron los que insistieron en que el Estado se hiciera cargo del problema de los privados. <\/u>(Subrayados RVL)<\/span><\/div>\n<div style=\"text-align: justify;\"><span lang=\"ES\">Creo que va quedando claro por qu\u00e9 nuestros medios concentrados se hacen eco de lo que publica Le Monde e ignoran las opiniones de uno de los economistas m\u00e1s consultados de los \u00faltimos a\u00f1os por problemas derivados de la crisis financiera internacional.<\/span><\/div>\n","protected":false},"excerpt":{"rendered":"<p>Ahora vamos a leer lo que no se dice o se intenta ocultar. El periodista Javier Lewkowicz nos informa de la visita de uno de los economistas m\u00e1s prestigioso, con curr\u00edculum v\u00edtae internacional, que vino a nuestro pa\u00eds invitado por la Facultad de Ciencias Econ\u00f3micas (UBA), Joseph Stiglitz (1943- ) que exhibe los siguientes antecedentes: [&hellip;]<\/p>\n","protected":false},"author":1,"featured_media":0,"comment_status":"open","ping_status":"open","sticky":false,"template":"","format":"standard","meta":{"footnotes":""},"categories":[1],"tags":[],"class_list":["post-239","post","type-post","status-publish","format-standard","hentry","category-sin-categoria"],"_links":{"self":[{"href":"https:\/\/ricardovicentelopez.com.ar\/index.php?rest_route=\/wp\/v2\/posts\/239","targetHints":{"allow":["GET"]}}],"collection":[{"href":"https:\/\/ricardovicentelopez.com.ar\/index.php?rest_route=\/wp\/v2\/posts"}],"about":[{"href":"https:\/\/ricardovicentelopez.com.ar\/index.php?rest_route=\/wp\/v2\/types\/post"}],"author":[{"embeddable":true,"href":"https:\/\/ricardovicentelopez.com.ar\/index.php?rest_route=\/wp\/v2\/users\/1"}],"replies":[{"embeddable":true,"href":"https:\/\/ricardovicentelopez.com.ar\/index.php?rest_route=%2Fwp%2Fv2%2Fcomments&post=239"}],"version-history":[{"count":0,"href":"https:\/\/ricardovicentelopez.com.ar\/index.php?rest_route=\/wp\/v2\/posts\/239\/revisions"}],"wp:attachment":[{"href":"https:\/\/ricardovicentelopez.com.ar\/index.php?rest_route=%2Fwp%2Fv2%2Fmedia&parent=239"}],"wp:term":[{"taxonomy":"category","embeddable":true,"href":"https:\/\/ricardovicentelopez.com.ar\/index.php?rest_route=%2Fwp%2Fv2%2Fcategories&post=239"},{"taxonomy":"post_tag","embeddable":true,"href":"https:\/\/ricardovicentelopez.com.ar\/index.php?rest_route=%2Fwp%2Fv2%2Ftags&post=239"}],"curies":[{"name":"wp","href":"https:\/\/api.w.org\/{rel}","templated":true}]}}