{"id":2233,"date":"2017-12-13T22:53:22","date_gmt":"2017-12-13T22:53:22","guid":{"rendered":"http:\/\/ricardovicentelopez.com.ar\/?p=2233"},"modified":"2017-12-13T22:53:22","modified_gmt":"2017-12-13T22:53:22","slug":"mirando-al-mundo-lxxxviii-de-que-se-trata-la-posverdad-13-12-17","status":"publish","type":"post","link":"https:\/\/ricardovicentelopez.com.ar\/?p=2233","title":{"rendered":"Mirando al mundo LXXXVIII\u2013 De qu\u00e9 se trata la posverdad\u00a0\u00a0&#8211; 13-12-17"},"content":{"rendered":"<p style=\"text-align: justify;\">Como he repetido varias veces yo no hago periodismo, por tal raz\u00f3n quiero detenerme un momento en esto. Sostengo que el periodismo cumple su misi\u00f3n informativa, qua ha ca\u00eddo en una catarata que borra cada d\u00eda lo dicho en el anterior: eso es la noticia. Yo quiero proponer un espacio de reflexi\u00f3n que nos abra un camino hacia la posible comprensi\u00f3n del mundo. Para ello propongo un camino.<\/p>\n<p style=\"text-align: justify;\">Un modo de an\u00e1lisis que no debe quedarse en la mera descripci\u00f3n del <em>fen\u00f3meno<\/em> de la informaci\u00f3n p\u00fablica. Trabajemos con los significados de estas palabras. Comencemos con la palabra <em>fen\u00f3meno<\/em>, muy utilizada en el lenguaje coloquial, a trav\u00e9s de diversos significados. Tomemos uno que nos obliga a pensar\u00a0 la Academia de la Lengua, lo define como:<\/p>\n<p style=\"padding-left: 30px; text-align: justify;\">\u00abEs toda manifestaci\u00f3n que se hace presente a la consciencia de un sujeto [para este caso el periodista] y aparece ante \u00e9l como objeto de <em>su percepci\u00f3n<\/em>\u00bb.<\/p>\n<p style=\"text-align: justify;\">Repasemos y tratemos de comprender mejor que es manifestaci\u00f3n:<\/p>\n<p style=\"padding-left: 30px; text-align: justify;\">Lo que se <em>manifiesta<\/em> <em>se da a conocer de una manera determinada<\/em>; dado <span style=\"text-decoration: underline;\">que lo hace <em>ante la conciencia de un sujeto determinado<\/em> [el periodista] quien lo recibe a trav\u00e9s de <em>su percepci\u00f3n<\/em><\/span>. Entonces, el fen\u00f3meno period\u00edstico es todo aquello que se manifiesta ante la mirada del periodista y es percibido en tanto es algo que est\u00e1 presente.<\/p>\n<p style=\"padding-left: 30px; text-align: justify;\">El periodismo llama a esto <em>noticia<\/em> que se puede definir como:<\/p>\n<p style=\"padding-left: 30px; text-align: justify;\">\u00abComunicaci\u00f3n o informe que se da acerca de un hecho o un suceso reciente, en especial si se divulga en un medio de comunicaci\u00f3n\u00bb.<\/p>\n<p style=\"text-align: justify;\">Tambi\u00e9n se puede tratar de una <em>nota period\u00edstica<\/em>:<\/p>\n<p style=\"padding-left: 30px; text-align: justify;\">La nota o comunicado de prensa es la herramienta b\u00e1sica del trabajo de de los medios. Es un escrito, o grabaci\u00f3n, que re\u00fane la informaci\u00f3n fundamental sobre alg\u00fan tema, persona y\/o producto, que los medios de comunicaci\u00f3n se encargar\u00e1n de difundir.<\/p>\n<p style=\"text-align: justify;\">Con estas aclaraciones podemos avanzar partiendo de un comentario del diario <em>El Pa\u00eds<\/em> de Espa\u00f1a acerca de qu\u00e9 es noticia:<\/p>\n<p style=\"padding-left: 30px; text-align: justify;\">\u201cUna disparatada m\u00e1xima que suele plantearse en las facultades de periodismo como ejemplo de qu\u00e9 es noticia: \u00abSi un perro muerde a un hombre no es noticia. Ahora bien, si es un hombre el que muerde a un perro, la cosa cambia y se convierte en noticia\u00bb.<\/p>\n<p style=\"text-align: justify;\">Que este \u201cdisparate\u201d se convierta en una f\u00f3rmula para la \u201cformaci\u00f3n de un periodista\u201d algo nos est\u00e1 diciendo. Demos un paso m\u00e1s: todo lo que queda dicho pertenece al mundo de la informaci\u00f3n. Se lo puede definir as\u00ed:<\/p>\n<p style=\"padding-left: 30px; text-align: justify;\">La informaci\u00f3n es un <em>conjunto organizado de datos procesados<\/em>, que constituyen un mensaje <span style=\"text-decoration: underline;\">que <em>cambia el estado de conocimiento del sujeto o sistema que recibe dicho mensaje<\/em><\/span>.<\/p>\n<p style=\"text-align: justify;\">Otro modo que agrega algunos matices dice:<\/p>\n<p style=\"padding-left: 30px; text-align: justify;\">La informaci\u00f3n est\u00e1 constituida por <span style=\"text-decoration: underline;\">un grupo de <em>datos ya supervisados y ordenados<\/em><\/span>, que sirven para <em>construir un mensaje<\/em> basado en un <em>cierto fen\u00f3meno<\/em> o ente. <em>La informaci\u00f3n permite resolver problemas y tomar decisiones, ya que su aprovechamiento racional es la base del conocimiento<\/em>.<\/p>\n<p style=\"text-align: justify;\">La etimolog\u00eda nos aporta un an\u00e1lisis de la construcci\u00f3n de la palabra:<\/p>\n<p style=\"text-align: justify;\">La palabra \u201cinformaci\u00f3n\u201d se forma a partir de dos vocablos que heredamos del lat\u00edn: \u201cin\u201d y \u201cformatio\u201d. El prefijo \u201cin\u201d indica direcci\u00f3n hacia dentro. Generar algo adentro, ese algo proviene desde afuera. El concepto \u201cformatio\u201d se refiere a la acci\u00f3n de formar o de dar forma, de generar algo. La construcci\u00f3n de ambos, in-formaci\u00f3n, se debe entender, recuperando lo ya dicho, como:<\/p>\n<p style=\"padding-left: 30px; text-align: justify;\">La acci\u00f3n de producir en la conciencia de quien la recibe el mensaje period\u00edstico una alteraci\u00f3n que modifica el estado anterior: \u201c<span style=\"text-decoration: underline;\">que cambia el estado de conocimiento del sujeto o el sistema del que recibe dicho mensaje<\/span>, ya que \u00e9ste \u201c<span style=\"text-decoration: underline;\">est\u00e1 construido por un grupo de datos ya supervisados y ordenados<\/span>.<\/p>\n<p style=\"text-align: justify;\">Lo cual nos lleva a concluir que es s\u00f3lo una <em>versi\u00f3n<\/em>, una <em>construcci\u00f3n<\/em>, de las interpretaciones posibles, como no puede ser de otro modo, ya que <span style=\"text-decoration: underline;\">es la comunicaci\u00f3n de las percepciones que la persona del periodista recibi\u00f3, seleccion\u00f3, orden\u00f3 y supervis\u00f3 la cantidad de datos que compon\u00eda esa percepci\u00f3n<\/span>. Sin olvidar lo que qued\u00f3 apuntado m\u00e1s arriba: <span style=\"text-decoration: underline;\">que esa percepci\u00f3n la recibe la conciencia de un sujeto determinado [el periodista]<\/span> cuya trascripci\u00f3n objetiva es imposible, puesto que la composici\u00f3n de esa percepci\u00f3n es v\u00e1lida s\u00f3lo para \u00e9l y cuya comunicaci\u00f3n ser ver\u00e1 modificada por la interpretaci\u00f3n de quien la reciba.<\/p>\n<p style=\"text-align: justify;\">Debo agregar que la palabra informaci\u00f3n da lugar a otra que aparece como su contraria: la <em>desinformaci\u00f3n<\/em>. Su definici\u00f3n acad\u00e9mica desmiente el uso del lenguaje coloquial. Leamos:<\/p>\n<p style=\"padding-left: 30px; text-align: justify;\">La desinformaci\u00f3n,\u200b tambi\u00e9n llamada manipulaci\u00f3n informativa o manipulaci\u00f3n medi\u00e1tica,\u200b es <span style=\"text-decoration: underline;\">la acci\u00f3n y efecto de procurar en los sujetos el desconocimiento o ignorancia y evitar la circulaci\u00f3n o divulgaci\u00f3n del conocimiento de datos, argumentos, noticias o informaci\u00f3n que no sea favorable a quien desea desinformar<\/span>. Habitualmente es una de las argucias de la agnotolog\u00eda, que es el estudio de la ignorancia o duda culturalmente inducida, especialmente a la publicaci\u00f3n de datos err\u00f3neos o tendenciosos a trav\u00e9s de los medios de comunicaci\u00f3n.<\/p>\n<p style=\"text-align: justify;\">La gran pregunta: \u00bfc\u00f3mo se sabe cu\u00e1ndo es informaci\u00f3n o desinformaci\u00f3n?<\/p>\n","protected":false},"excerpt":{"rendered":"<p>Como he repetido varias veces yo no hago periodismo, por tal raz\u00f3n quiero detenerme un momento en esto. Sostengo que el periodismo cumple su misi\u00f3n informativa, qua ha ca\u00eddo en una catarata que borra cada d\u00eda lo dicho en el anterior: eso es la noticia. Yo quiero proponer un espacio de reflexi\u00f3n que nos abra [&hellip;]<\/p>\n","protected":false},"author":1,"featured_media":0,"comment_status":"open","ping_status":"open","sticky":false,"template":"","format":"standard","meta":{"footnotes":""},"categories":[1],"tags":[],"class_list":["post-2233","post","type-post","status-publish","format-standard","hentry","category-sin-categoria"],"_links":{"self":[{"href":"https:\/\/ricardovicentelopez.com.ar\/index.php?rest_route=\/wp\/v2\/posts\/2233","targetHints":{"allow":["GET"]}}],"collection":[{"href":"https:\/\/ricardovicentelopez.com.ar\/index.php?rest_route=\/wp\/v2\/posts"}],"about":[{"href":"https:\/\/ricardovicentelopez.com.ar\/index.php?rest_route=\/wp\/v2\/types\/post"}],"author":[{"embeddable":true,"href":"https:\/\/ricardovicentelopez.com.ar\/index.php?rest_route=\/wp\/v2\/users\/1"}],"replies":[{"embeddable":true,"href":"https:\/\/ricardovicentelopez.com.ar\/index.php?rest_route=%2Fwp%2Fv2%2Fcomments&post=2233"}],"version-history":[{"count":1,"href":"https:\/\/ricardovicentelopez.com.ar\/index.php?rest_route=\/wp\/v2\/posts\/2233\/revisions"}],"predecessor-version":[{"id":2234,"href":"https:\/\/ricardovicentelopez.com.ar\/index.php?rest_route=\/wp\/v2\/posts\/2233\/revisions\/2234"}],"wp:attachment":[{"href":"https:\/\/ricardovicentelopez.com.ar\/index.php?rest_route=%2Fwp%2Fv2%2Fmedia&parent=2233"}],"wp:term":[{"taxonomy":"category","embeddable":true,"href":"https:\/\/ricardovicentelopez.com.ar\/index.php?rest_route=%2Fwp%2Fv2%2Fcategories&post=2233"},{"taxonomy":"post_tag","embeddable":true,"href":"https:\/\/ricardovicentelopez.com.ar\/index.php?rest_route=%2Fwp%2Fv2%2Ftags&post=2233"}],"curies":[{"name":"wp","href":"https:\/\/api.w.org\/{rel}","templated":true}]}}