{"id":2195,"date":"2017-09-06T23:02:55","date_gmt":"2017-09-06T23:02:55","guid":{"rendered":"http:\/\/ricardovicentelopez.com.ar\/?p=2195"},"modified":"2017-09-06T23:02:55","modified_gmt":"2017-09-06T23:02:55","slug":"mirando-al-mundo-lxxiv-de-que-se-trata-la-posverdad-6-9-17","status":"publish","type":"post","link":"https:\/\/ricardovicentelopez.com.ar\/?p=2195","title":{"rendered":"Mirando al mundo LXXIV\u2013 De qu\u00e9 se trata la posverdad \u20136-9-17"},"content":{"rendered":"<p style=\"text-align: justify;\">Estamos analizando las diversas versiones pol\u00edticas que se pueden encontrar hoy en el mundo de la posverdad. Ya, en una columna anterior nos preguntamos por el valor del concepto democracia: en su origen etimol\u00f3gico: gobierno o poder del pueblo. Si recordamos la famosa expresi\u00f3n del presidente estadounidense Abraham Lincoln (1809-1865) \u00abEl gobierno del pueblo, por el pueblo y para el pueblo\u00bb deberemos volver a preguntarnos \u00bfqu\u00e9 qued\u00f3 de todo ello? Es muy dif\u00edcil hoy, si se es lo suficiente reflexivo, poder utilizar esa palabra para hacer referencia a las formas de gobierno actuales.<\/p>\n<p style=\"text-align: justify;\">Y, lo m\u00e1s grave, es que en el escenario internacional no se ve, con muy pocas excepciones, un pa\u00eds, al que se le pueda asignar ese concepto con alg\u00fan grado de aproximaci\u00f3n. El modelo que vendi\u00f3 Estados Unidos al mundo, reforzado por la publicidad de Hollywood, hizo so\u00f1ar a mucha gente con irse a vivir a ese pa\u00eds. Hoy, al recordar que despu\u00e9s del Atentado a las Torres Gemelas (2001) ambas C\u00e1maras del Congreso votaron la aprobaci\u00f3n del Acta patri\u00f3tica, dice wikipedia:<\/p>\n<p style=\"text-align: justify; padding-left: 30px;\">La Ley Patriota (en ingl\u00e9s PATRIOT Act), es una ley federal de Estados Unidos. Fue aprobada por una abrumadora mayor\u00eda tanto por la C\u00e1mara de Representantes como por el Senado estadounidense, el presidente de los Estados Unidos George W. Bush la promulg\u00f3 el 26-8-2001. <span style=\"text-decoration: underline;\">El objetivo de esta ley es ampliar la capacidad de control del Estado en aras de combatir el terrorismo, mejorando la capacidad de las distintas agencias de seguridad estadounidenses al coordinarlas y dotarlas de mayores poderes de vigilancia contra los delitos de terrorismo. Asimismo la ley tambi\u00e9n promulg\u00f3 nuevos delitos y endureci\u00f3 las penas por delitos de terrorismo<\/span>. <span style=\"text-decoration: underline;\">Esta ley ha sido fundada en el argumento b\u00e1sico, de que, despu\u00e9s de los atentados el pueblo norteamericano deb\u00eda elegir entre su seguridad y sus derechos constitucionales, optando por restringir estos \u00faltimos para garantizar aquella<\/span>.<\/p>\n<p style=\"text-align: justify;\">Hubo innumerables manifestaciones, dentro y fuera del pa\u00eds, que argumentaron contra su sanci\u00f3n y, despu\u00e9s, haber superado su fecha de vigencia el 31-12-2005., condici\u00f3n que no se Fue prorrogada varias veces, estando todav\u00eda en vigencia. Entonces, un pa\u00eds que tiene la Constituci\u00f3n nacional suspendida \u00bfes una democracia?<\/p>\n<p style=\"text-align: justify;\">El Doctor en Filosof\u00eda, Fernando Buen Abad Dom\u00ednguez (1956), Licenciado en Ciencias de la Comunicaci\u00f3n, M\u00e1ster en Filosof\u00eda Pol\u00edtica y, Rector-fundador de la Universidad de la Filosof\u00eda \u2013 cito algunos de sus antecedentes para avalar sus afirmaciones&#8211;, public\u00f3 una art\u00edculo que titul\u00f3 <em>Amenazas de la democracia, democracia de las amenazas &#8211; Hay pa\u00edses enteros \u201csecuestrados\u201d por los monopolios medi\u00e1ticos<\/em> (1-9-17). Nos invita a reflexionar:<\/p>\n<p style=\"text-align: justify; padding-left: 30px;\">Aunque fueron derrotadas las \u201cdictaduras militares\u201d, operan hoy por adentro de las democracias las tendencias m\u00e1s anti-democr\u00e1ticas. Han logrado imponerse todas las formas del enga\u00f1o que encontraron ah\u00ed terreno f\u00e9rtil para su irresponsabilidad premeditada. Nada hay nada que los obligue a cumplir lo que prometen, nada hay que les limite el exhibirse imp\u00fadicamente con sus prontuarios delincuenciales m\u00e1s aberrantes. Nada hay que garantice alg\u00fan m\u00e9rito para servir en la soluci\u00f3n de los problemas sociales concretos. Por eso, cualquier \u201cin\u00fatil\u201d, sin antecedentes puede llegar a las cumbres de la \u201cfama\u201d inflada con artificios de propaganda. \u00bfQu\u00e9 democracia es esa que se sustenta en amenazas y golpes de estado contra los pueblos?<\/p>\n<p style=\"text-align: justify;\">En columnas anteriores hemos citado a importantes personajes del mundo del marketing pol\u00edtico, en las cuales pudimos ver la desverg\u00fcenza de sus afirmaciones, el aire acad\u00e9mico con el cual intentaban adornar sus rid\u00edculos argumentos y, lo que es mucho peor, el embozado desprecio por la gente com\u00fan, los ciudadanos de a pi\u00e9 a quienes intentan seducir con sus juegos perversos.<\/p>\n<p style=\"text-align: justify;\">\n","protected":false},"excerpt":{"rendered":"<p>Estamos analizando las diversas versiones pol\u00edticas que se pueden encontrar hoy en el mundo de la posverdad. Ya, en una columna anterior nos preguntamos por el valor del concepto democracia: en su origen etimol\u00f3gico: gobierno o poder del pueblo. Si recordamos la famosa expresi\u00f3n del presidente estadounidense Abraham Lincoln (1809-1865) \u00abEl gobierno del pueblo, por [&hellip;]<\/p>\n","protected":false},"author":1,"featured_media":0,"comment_status":"open","ping_status":"open","sticky":false,"template":"","format":"standard","meta":{"footnotes":""},"categories":[1],"tags":[],"class_list":["post-2195","post","type-post","status-publish","format-standard","hentry","category-sin-categoria"],"_links":{"self":[{"href":"https:\/\/ricardovicentelopez.com.ar\/index.php?rest_route=\/wp\/v2\/posts\/2195","targetHints":{"allow":["GET"]}}],"collection":[{"href":"https:\/\/ricardovicentelopez.com.ar\/index.php?rest_route=\/wp\/v2\/posts"}],"about":[{"href":"https:\/\/ricardovicentelopez.com.ar\/index.php?rest_route=\/wp\/v2\/types\/post"}],"author":[{"embeddable":true,"href":"https:\/\/ricardovicentelopez.com.ar\/index.php?rest_route=\/wp\/v2\/users\/1"}],"replies":[{"embeddable":true,"href":"https:\/\/ricardovicentelopez.com.ar\/index.php?rest_route=%2Fwp%2Fv2%2Fcomments&post=2195"}],"version-history":[{"count":1,"href":"https:\/\/ricardovicentelopez.com.ar\/index.php?rest_route=\/wp\/v2\/posts\/2195\/revisions"}],"predecessor-version":[{"id":2196,"href":"https:\/\/ricardovicentelopez.com.ar\/index.php?rest_route=\/wp\/v2\/posts\/2195\/revisions\/2196"}],"wp:attachment":[{"href":"https:\/\/ricardovicentelopez.com.ar\/index.php?rest_route=%2Fwp%2Fv2%2Fmedia&parent=2195"}],"wp:term":[{"taxonomy":"category","embeddable":true,"href":"https:\/\/ricardovicentelopez.com.ar\/index.php?rest_route=%2Fwp%2Fv2%2Fcategories&post=2195"},{"taxonomy":"post_tag","embeddable":true,"href":"https:\/\/ricardovicentelopez.com.ar\/index.php?rest_route=%2Fwp%2Fv2%2Ftags&post=2195"}],"curies":[{"name":"wp","href":"https:\/\/api.w.org\/{rel}","templated":true}]}}