{"id":2186,"date":"2017-08-22T14:54:50","date_gmt":"2017-08-22T14:54:50","guid":{"rendered":"http:\/\/ricardovicentelopez.com.ar\/?p=2186"},"modified":"2017-08-22T14:54:50","modified_gmt":"2017-08-22T14:54:50","slug":"mirando-al-mundo-lxxi-de-que-se-trata-la-posverdad-16-8-17","status":"publish","type":"post","link":"https:\/\/ricardovicentelopez.com.ar\/?p=2186","title":{"rendered":"Mirando al mundo LXXI\u2013 De qu\u00e9 se trata la posverdad  \u00a0\u201316-8-17  \u00a0"},"content":{"rendered":"<p style=\"text-align: justify;\">Voy a comenzar con un h\u00e1bito que tengo incorporado antes de ponerme a escribir: me pregunto cu\u00e1l es el origen de las palabras que voy a utilizar. Y, aunque para algunos pueda parecer un gusto acad\u00e9mico poco popular, creo que he podido aportar algunas cosas interesantes y hasta, en algunos casos, curiosidades o sorpresas como en esta palabra que necesito utilizar ahora: <em>candidato<\/em>. El Diccionario etimol\u00f3gico nos dice:<\/p>\n<p style=\"text-align: justify; padding-left: 30px;\">La palabra candidato (candidus, del lat\u00edn, hace referencia a algo <span style=\"text-decoration: underline;\">blanco, puro, limpio, inmaculado, aplicable a personas que por sus cualidades morales era apto para un cargo importante<\/span>). Cuando los tribunos de la antigua Roma emprend\u00edan sus campa\u00f1as pol\u00edticas, siempre iban vestidos con una toga blanca (la toga c\u00e1ndida), con el fin de <span style=\"text-decoration: underline;\">causar una buena impresi\u00f3n entre sus electores<\/span>.<\/p>\n<p style=\"text-align: justify;\">Convengamos que siendo este el significado original del vocablo, cuesta hoy utilizarlo para alguien que se va a dedicar a la pol\u00edtica. No intento ser ofensivo o despreciativo. Adem\u00e1s me cuesta creer que la Rep\u00fablica romana hubiera sido el Jard\u00edn del Ed\u00e9n, en la cual un conjunto de \u00e1ngeles ocuparan los cargos p\u00fablicos. El viejo refr\u00e1n dice: \u00abno tan calvo que se le vean los sesos\u00bb. Si ten\u00edan que vestirse de blanco para enfrentar una campa\u00f1a pol\u00edtica es que mucha blancura interior no pareciera tener.<\/p>\n<p style=\"text-align: justify;\">Comienzo con estos comentarios porque para analizar la pol\u00edtica y sus personajes es imprescindible no ser ingenuos. El campo pol\u00edtico es el escenario en el cual se dirimen los diversos intereses enfrentados, raz\u00f3n por la cual desde hace, por lo menos, unos cuatro siglos, se fueron proponiendo reglas del juego que pusieran ciertos l\u00edmites a estas competencias.<\/p>\n<p style=\"text-align: justify;\">Desde el siglo XVIII en adelante muchas cosas cambiaron, dadas las modificaciones que las \u00a0sociedades pol\u00edticas fueron padeciendo. Todo cambi\u00f3 por la aparici\u00f3n de un sistema econ\u00f3mico, basado en la <em>explotaci\u00f3n del hombre por el hombre<\/em>, que introdujo el trabajo industrial. Las demandas de la expansi\u00f3n y la conquista colonial requer\u00edan una producci\u00f3n en mayor escala que los talleres artesanales no pod\u00edan lograr. Ante esa necesidad impuesta el trabajo en los grandes talleres subordin\u00f3 la persona a las necesidades de la producci\u00f3n maquin\u00edstica. Ella pod\u00eda asegurar una producci\u00f3n en escalas, desconocida hasta entonces, por la utilizaci\u00f3n de las fuerzas naturales. Estos cambios empeoraron la vida de los trabajadores.<\/p>\n<p style=\"text-align: justify;\">Una prueba de lo dicho lo demostr\u00f3 Charles Dickens (1812-1870) un destacado escritor y novelista ingl\u00e9s, muy conocido en la era victoriana. Fue maestro del g\u00e9nero narrativo que incorpor\u00f3 una aguda cr\u00edtica social por la situaci\u00f3n de extrema pobreza de la sociedad de su \u00e9poca, como consecuencia de la explotaci\u00f3n del trabajo asalariado.<\/p>\n<p style=\"text-align: justify;\">Para justificar los cambios, que fueron necesarios para el nuevo sistema imperial, se construy\u00f3 un relato que deb\u00eda ocultar las bondades del sistema que de trabajo medieval de las comunas urbanas<a href=\"#_ftn1\" name=\"_ftnref1\">[1]<\/a>. Se puede decir, con conceptos actuales, que se instal\u00f3 el relato de una <em>pesada herencia<\/em> que era necesario superar: <em>el pasado medieval<\/em>. Si esto que escribo produce sorpresas espero que se entienda que estoy corriendo un tel\u00f3n que esconde otra historia, la que se debe contar desde los despose\u00eddos y explotados de los \u00faltimos siglos: la historia de los trabajadores y de los marginados por el sistema capitalista.<\/p>\n<p style=\"text-align: justify;\">Entonces, a partir de all\u00ed la pol\u00edtica fue el instrumento mediante el cual se enfrentaron dos clases de intereses: la de<em> los privilegiados por el sistema <\/em>y la de los que pretend\u00edan <em>mejorar su condici\u00f3n social<\/em>.<\/p>\n<p style=\"text-align: justify;\">Retomo ahora lo dicho sobre el significado de candidato. Se comprender\u00e1 que las caracter\u00edsticas de la confrontaci\u00f3n pol\u00edtica son de tanta crudeza oculta, de tanta artima\u00f1a y picard\u00eda que no permite la participaci\u00f3n de <em>ingenuos<\/em> o <em>c\u00e1ndidos<\/em>. Ya sea para defender y exponer intereses de uno y otro bando la pelea es muy dura, sobre todo que cuando se deben enfrentar intereses muy poderosos que se valen de publicidades enga\u00f1osas.<\/p>\n<p style=\"text-align: justify;\">Y es mucho m\u00e1s dif\u00edcil cuando tomamos nota que los aportes de las ciencias: psicolog\u00eda, sociolog\u00eda, antropolog\u00eda, psiquiatr\u00eda, etc., y las m\u00e1s nuevas utilizadas por el marketing pol\u00edtico nos <em>venden<\/em>, con la misma eficacia, como si fueran <em>productos comerciales<\/em> a candidatos fabricados en los laboratorios de las consultoras especializadas.<\/p>\n<p style=\"text-align: justify;\"><a href=\"#_ftnref1\" name=\"_ftn1\">[1]<\/a> Se puede consultar <a href=\"https:\/\/ricardovicentelopez.com.ar\/wp-content\/uploads\/2015\/03\/Del-hombre-comunitario-al-hombre-competitivo.pdf\">https:\/\/ricardovicentelopez.com.ar\/wp-content\/uploads\/2015\/03\/Del-hombre-comunitario-al-hombre-competitivo.pdf<\/a>, para mayor informaci\u00f3n.<\/p>\n","protected":false},"excerpt":{"rendered":"<p>Voy a comenzar con un h\u00e1bito que tengo incorporado antes de ponerme a escribir: me pregunto cu\u00e1l es el origen de las palabras que voy a utilizar. Y, aunque para algunos pueda parecer un gusto acad\u00e9mico poco popular, creo que he podido aportar algunas cosas interesantes y hasta, en algunos casos, curiosidades o sorpresas como [&hellip;]<\/p>\n","protected":false},"author":1,"featured_media":0,"comment_status":"open","ping_status":"open","sticky":false,"template":"","format":"standard","meta":{"footnotes":""},"categories":[1],"tags":[],"class_list":["post-2186","post","type-post","status-publish","format-standard","hentry","category-sin-categoria"],"_links":{"self":[{"href":"https:\/\/ricardovicentelopez.com.ar\/index.php?rest_route=\/wp\/v2\/posts\/2186","targetHints":{"allow":["GET"]}}],"collection":[{"href":"https:\/\/ricardovicentelopez.com.ar\/index.php?rest_route=\/wp\/v2\/posts"}],"about":[{"href":"https:\/\/ricardovicentelopez.com.ar\/index.php?rest_route=\/wp\/v2\/types\/post"}],"author":[{"embeddable":true,"href":"https:\/\/ricardovicentelopez.com.ar\/index.php?rest_route=\/wp\/v2\/users\/1"}],"replies":[{"embeddable":true,"href":"https:\/\/ricardovicentelopez.com.ar\/index.php?rest_route=%2Fwp%2Fv2%2Fcomments&post=2186"}],"version-history":[{"count":1,"href":"https:\/\/ricardovicentelopez.com.ar\/index.php?rest_route=\/wp\/v2\/posts\/2186\/revisions"}],"predecessor-version":[{"id":2187,"href":"https:\/\/ricardovicentelopez.com.ar\/index.php?rest_route=\/wp\/v2\/posts\/2186\/revisions\/2187"}],"wp:attachment":[{"href":"https:\/\/ricardovicentelopez.com.ar\/index.php?rest_route=%2Fwp%2Fv2%2Fmedia&parent=2186"}],"wp:term":[{"taxonomy":"category","embeddable":true,"href":"https:\/\/ricardovicentelopez.com.ar\/index.php?rest_route=%2Fwp%2Fv2%2Fcategories&post=2186"},{"taxonomy":"post_tag","embeddable":true,"href":"https:\/\/ricardovicentelopez.com.ar\/index.php?rest_route=%2Fwp%2Fv2%2Ftags&post=2186"}],"curies":[{"name":"wp","href":"https:\/\/api.w.org\/{rel}","templated":true}]}}