{"id":2176,"date":"2017-08-02T23:06:03","date_gmt":"2017-08-02T23:06:03","guid":{"rendered":"http:\/\/ricardovicentelopez.com.ar\/?p=2176"},"modified":"2017-08-02T23:06:03","modified_gmt":"2017-08-02T23:06:03","slug":"mirando-al-mundo-lxix-de-que-se-trata-la-posverdad-2-8-17","status":"publish","type":"post","link":"https:\/\/ricardovicentelopez.com.ar\/?p=2176","title":{"rendered":"Mirando al mundo LXIX\u2013 De qu\u00e9 se trata la posverdad  \u00a0\u2013 2-8-17"},"content":{"rendered":"<p style=\"text-align: justify;\">Si nos remontamos a un periodo de varias d\u00e9cadas atr\u00e1s, cualquier <em>ciudadano de a pie<\/em> se hubiera escandalizado, al leer en alguna publicaci\u00f3n un t\u00edtulo tan sorprendente como el que encabezaba una nota del <em>Cronista comercial<\/em> (18-2-2011): <em>C\u00f3mo se fabrica un candidato<\/em>. Era realmente impensable que al referirse a alg\u00fan candidato pol\u00edtico, a cualquier cargo, se pudiera utilizar el verbo <em>fabricar<\/em>. Se hubiera supuesto hablar de elegir, optar, seleccionar, proponer, preferir, etc. Sin embargo, hace unos pocos a\u00f1os ya se pod\u00eda escribir acerca de la <em>fabricaci\u00f3n de un candidato<\/em>, y lo m\u00e1s grave es que no gener\u00f3 ning\u00fan rechazo y hoy se puede hablar de ello con toda naturalidad. Cabe preguntarse: \u00bfQu\u00e9 pas\u00f3 para que la pol\u00edtica hubiera cambiado tanto? La nota comenzaba as\u00ed:<\/p>\n<p style=\"text-align: justify; padding-left: 30px;\"><span style=\"text-decoration: underline;\">La imagen de un candidato ha pasado a ser su capacidad m\u00e1s importante para ganar una elecci\u00f3n<\/span>, sostiene Rosendo Fraga, director del Centro de Estudios Uni\u00f3n para la Nueva Mayor\u00eda. <span style=\"text-decoration: underline;\">En un pa\u00eds donde la pol\u00edtica atraviesa un momento de desencanto, es dif\u00edcil hablar de candidaturas<\/span>\u2026 <span style=\"text-decoration: underline;\">Resulta dif\u00edcil definir qui\u00e9nes ser\u00e1n los candidatos y tal vez a\u00fan m\u00e1s qui\u00e9n terminar\u00e1 triunfando y en qu\u00e9 instancias<\/span>, sintetiza Fernando Moiguer, <span style=\"text-decoration: underline;\">especialista en estrategia de negocios y marca<\/span>.<\/p>\n<p style=\"text-align: justify;\">Los consultados, como se puede apreciar en la nota, especialistas en el tema, expresan su incertidumbre, su incapacidad de pensar c\u00f3mo ser\u00e1n la pol\u00edtica y los pol\u00edticos respecto de un mediano plazo futuro. Esta requiere de un an\u00e1lisis explicativo. Sigue el <em>Cronista<\/em>:<\/p>\n<p style=\"text-align: justify; padding-left: 30px;\">A partir de 1983, con el retorno de la democracia, se dio un nuevo tipo de escenario en la pol\u00edtica argentina. Las campa\u00f1as actuales difieren de las de entonces, <span style=\"text-decoration: underline;\">pero ese momento instaur\u00f3 una base esencial y m\u00faltiples experiencias cuyo molde arranc\u00f3 desde ese comienzo. Del entusiasmo a la apat\u00eda, del \u00e9nfasis discursivo a la preeminencia de la imagen. Las nuevas formas exig\u00edan construir un candidato que se adaptara a ese nuevo escenario<\/span>.<\/p>\n<p style=\"text-align: justify;\">Entonces, si la imagen adquiri\u00f3 tanta relevancia, \u00bfc\u00f3mo se debe presentar ahora? \u00bfsignifica\u00a0 \u00a0esto que lo que cada persona tiene, como resultado de una vida vivida, y que a lo largo de su biograf\u00eda ha ido estructurando su <em>perfil<\/em> <em>personal<\/em>, y como tal \u201caparecer\u201d, ya no sirve? \u00bfQu\u00e9 dir\u00edan los pol\u00edticos anteriores que hicieron campa\u00f1a y, les haya ido bien o mal, aparecieron tal como eran? \u00bfSe est\u00e1 hablando de que hay que cambiar a <em>la persona<\/em> por <em>un personaje<\/em> <em>preparado ad hoc<\/em>? Recurramos al diccionario para analizar esta expresi\u00f3n:<\/p>\n<p style=\"text-align: justify; padding-left: 30px;\">Ad hoc\u200b es una locuci\u00f3n latina\u200b que significa literalmente \u00abpara esto\u00bb.\u200b Generalmente se refiere a una soluci\u00f3n espec\u00edficamente elaborada para un problema o fin preciso y, por tanto, no generalizable ni utilizable para otros prop\u00f3sitos. <span style=\"text-decoration: underline;\">Se usa pues para referirse a algo que es adecuado s\u00f3lo para un determinado fin o en una determinada situaci\u00f3n<\/span>.<\/p>\n<p style=\"text-align: justify;\">Recurro a esa definici\u00f3n para poder irnos adecuando a un razonamiento que choca contra lo que se ha supuesto tradicionalmente: alguien que se dedica a la profesi\u00f3n de pol\u00edtico lo hace como resultado de una vocaci\u00f3n de servir a su comunidad. El economista y soci\u00f3logo alem\u00e1n Max Weber (1864-1920) public\u00f3 en 1919 una peque\u00f1a obra que titul\u00f3 <em>La pol\u00edtica como vocaci\u00f3n<\/em>. Uno de los temas que abord\u00f3 es lo que deber\u00eda ser exigible a quien se dedique a ella como una profesi\u00f3n, sin que esto signifique un juicio valorativo. Wikipedia comenta:<\/p>\n<p style=\"text-align: justify; padding-left: 30px;\">Dentro de este an\u00e1lisis que Weber hace sobre el desarrollo de los personajes que <span style=\"text-decoration: underline;\">trabajan para la pol\u00edtica<\/span> y <span style=\"text-decoration: underline;\">viven de la pol\u00edtica<\/span> hay un aspecto interesante que parece importante resaltar y que involucra una condici\u00f3n propia del hombre. <span style=\"text-decoration: underline;\">\u00c9l hace menci\u00f3n al <em>sentimiento de poder<\/em> que genera en el pol\u00edtico profesional su condici\u00f3n propia. La conciencia de tener una influencia sobre los hombres, de participar en el poder sobre ellos y sobre todo, el sentimiento de manejar los hilos de acontecimientos hist\u00f3ricos importantes, elevan al pol\u00edtico profesional, incluso al que ocupa posiciones modestas, por encima de lo cotidiano<\/span>.<\/p>\n<p style=\"text-align: justify;\">Es este un aspecto importante, dicho en palabras actuales: <em>la tentaci\u00f3n del poder<\/em>. Lo que en estos tiempos que corren puede parecer una antig\u00fcedad\u00a0 es que Weber relacione la <em>pol\u00edtica<\/em> con la <em>\u00e9tica<\/em>. Y al respecto plantea tres cualidades que debe tener el pol\u00edtico: <em>pasi\u00f3n<\/em>, <em>sentido de la responsabilidad<\/em> y <em>mesura<\/em>. Si admito que esto <em>puede parecer<\/em> algo <em>ya perimido<\/em> \u00bfpor qu\u00e9 me remito a esta afirmaci\u00f3n de Weber sobre el tema? Lo hago para no naturalizar el tema que estamos tratando, es decir para no aceptar como <em>algo normal<\/em> el concepto de la <em>fabricaci\u00f3n de personajes pol\u00edticos<\/em>.<\/p>\n","protected":false},"excerpt":{"rendered":"<p>Si nos remontamos a un periodo de varias d\u00e9cadas atr\u00e1s, cualquier ciudadano de a pie se hubiera escandalizado, al leer en alguna publicaci\u00f3n un t\u00edtulo tan sorprendente como el que encabezaba una nota del Cronista comercial (18-2-2011): C\u00f3mo se fabrica un candidato. Era realmente impensable que al referirse a alg\u00fan candidato pol\u00edtico, a cualquier cargo, [&hellip;]<\/p>\n","protected":false},"author":1,"featured_media":0,"comment_status":"open","ping_status":"open","sticky":false,"template":"","format":"standard","meta":{"footnotes":""},"categories":[1],"tags":[],"class_list":["post-2176","post","type-post","status-publish","format-standard","hentry","category-sin-categoria"],"_links":{"self":[{"href":"https:\/\/ricardovicentelopez.com.ar\/index.php?rest_route=\/wp\/v2\/posts\/2176","targetHints":{"allow":["GET"]}}],"collection":[{"href":"https:\/\/ricardovicentelopez.com.ar\/index.php?rest_route=\/wp\/v2\/posts"}],"about":[{"href":"https:\/\/ricardovicentelopez.com.ar\/index.php?rest_route=\/wp\/v2\/types\/post"}],"author":[{"embeddable":true,"href":"https:\/\/ricardovicentelopez.com.ar\/index.php?rest_route=\/wp\/v2\/users\/1"}],"replies":[{"embeddable":true,"href":"https:\/\/ricardovicentelopez.com.ar\/index.php?rest_route=%2Fwp%2Fv2%2Fcomments&post=2176"}],"version-history":[{"count":1,"href":"https:\/\/ricardovicentelopez.com.ar\/index.php?rest_route=\/wp\/v2\/posts\/2176\/revisions"}],"predecessor-version":[{"id":2177,"href":"https:\/\/ricardovicentelopez.com.ar\/index.php?rest_route=\/wp\/v2\/posts\/2176\/revisions\/2177"}],"wp:attachment":[{"href":"https:\/\/ricardovicentelopez.com.ar\/index.php?rest_route=%2Fwp%2Fv2%2Fmedia&parent=2176"}],"wp:term":[{"taxonomy":"category","embeddable":true,"href":"https:\/\/ricardovicentelopez.com.ar\/index.php?rest_route=%2Fwp%2Fv2%2Fcategories&post=2176"},{"taxonomy":"post_tag","embeddable":true,"href":"https:\/\/ricardovicentelopez.com.ar\/index.php?rest_route=%2Fwp%2Fv2%2Ftags&post=2176"}],"curies":[{"name":"wp","href":"https:\/\/api.w.org\/{rel}","templated":true}]}}