{"id":2163,"date":"2017-07-18T15:25:50","date_gmt":"2017-07-18T15:25:50","guid":{"rendered":"http:\/\/ricardovicentelopez.com.ar\/?p=2163"},"modified":"2017-07-18T15:25:50","modified_gmt":"2017-07-18T15:25:50","slug":"xxviii-reflexiones-sobre-la-politica-la-democracia-y-el-mercado-lu3-18-7-17","status":"publish","type":"post","link":"https:\/\/ricardovicentelopez.com.ar\/?p=2163","title":{"rendered":"XXVIII.- Reflexiones sobre la pol\u00edtica \u2013 La democracia y el mercado &#8211; LU3 &#8211; 18-7-17"},"content":{"rendered":"<p>Ricardo Vicente L\u00f3pez \u201318-7-17<\/p>\n<p style=\"text-align: justify;\">La aparici\u00f3n y desarrollo de la <em>comuna urbana<\/em> estuvo acompa\u00f1ado por una innovaci\u00f3n cultural que apoy\u00f3 y consolid\u00f3 ese proyecto institucional: la <em>universidad<\/em>. Para algunos esto puede ser una gran noticia o un cuento de hadas. Es necesario arrojar un poco de luz sobre el tema, por ello paso a analizar esta novedad. Posiblemente aquella Academia plat\u00f3nica de la Atenas del siglo V a. de C. haya sido una fuente de inspiraci\u00f3n.<\/p>\n<p style=\"text-align: justify;\">Podemos tomar como un comienzo de este proceso a la Universidad de Bolonia fundada en 1088, partiendo de las escuelas municipales y adquiriendo el grado de Universidad en 1317. Es la universidad m\u00e1s antigua del mundo occidental. Otras de esa \u00e9poca fueron la Universidad de Par\u00eds en el 1150, la de Oxford 1167, la de Salamanca en 1208, la de Orleans en 1316, entre otras. Es evidente que estamos frente a un movimiento intelectual muy importante que se ve reflejado en la fundaci\u00f3n de un importante n\u00famero de casas de altos estudios:<\/p>\n<p style=\"text-align: justify; padding-left: 30px;\">Nunca, hasta entonces, hab\u00eda aparecido una instituci\u00f3n de estas caracter\u00edsticas. All\u00ed se encontraban las diversas corrientes en un \u00e1mbito de pluralidad, abierto a las ideas, aunque esto que afirman los investigadores no sea f\u00e1cilmente aceptado como consecuencia del prejuicio iluminista. Dentro de las limitaciones hist\u00f3rico-culturales de esa etapa hist\u00f3rica fue un \u00e1mbito de intensos debates sobre la herencia hel\u00e9nica-romana y sus colisiones con la vertiente hebrea, argumentando en pos de sus verdades. Por esos siglos las universidades asumieron la forma institucional del gremio. Lo que \u00a0\u00a0diferenciaba a los universitarios del resto de los artesanos es que ellos eran artesanos de la palabra. Constituyeron as\u00ed gremios de intelectuales.<\/p>\n<p style=\"text-align: justify; padding-left: 30px;\">Una imagen muy realista de la vida en estas universidades la muestra la pel\u00edcula <em>La pasi\u00f3n bajo el cielo<\/em> (1988) que narra una historia medieval que se desarrolla en la Universidad de Par\u00eds en el siglo XII<a href=\"#_ftn1\" name=\"_ftnref1\">[1]<\/a>. Estos gremios mantuvieron siempre una relaci\u00f3n conflictiva con la autoridad y con la Iglesia y, a veces, con las burgues\u00edas regionales. Todo ello est\u00e1 se\u00f1alando que fue la cuna de los m\u00e1s apasionados debates, cuyos resultados posibilitaron el avance del conocimiento moderno. Tambi\u00e9n es necesario afirmar, y se desprende de lo dicho, que es esta instituci\u00f3n es una creaci\u00f3n de la Cultura Occidental.<\/p>\n<p style=\"text-align: justify;\">Una vez m\u00e1s debo aclarar que, a pesar de la sospecha de <em>oscuridad teologizante<\/em>, que la <em>Ilustraci\u00f3n<\/em> arroj\u00f3 sobre este per\u00edodo, fueron muchos los avances que mostr\u00f3 la universidad. Dice Jacques Le Goff, en ese sentido:<\/p>\n<p style=\"text-align: justify; padding-left: 30px;\">Nada menos oscurantista que la escol\u00e1stica, para la cual la raz\u00f3n culmina en la inteligencia, cuyos fugaces destellos se transforman en luz perdurable. El intelectual universitario nace precisamente en el momento en que <em>pone en cuesti\u00f3n <\/em>el texto, que no es m\u00e1s que un soporte, y de estudiante pasivo se convierte en un cr\u00edtico activo. El maestro no es un ex\u00e9geta, sino un pensador; da soluciones, crea. Jam\u00e1s encontraremos la verdad si nos contentamos con lo que ya ha sido descubierto&#8230; Quienes escribieron antes que nosotros, no son nuestros amos, sino nuestros gu\u00edas. La verdad se abre a todos; no ha sido hasta ahora conquistada enteramente por nadie.<\/p>\n<p style=\"text-align: justify;\">Respecto a la vida interna de esas universidades, el historiador irland\u00e9s Walter Starkie (1894-1976) escribe:<\/p>\n<p style=\"text-align: justify; padding-left: 30px;\">La Universidad medieval era una gran comunidad democr\u00e1tica en la que no hab\u00eda diferencias de categor\u00eda o privilegios. Sin embargo, esta igualdad era s\u00f3lo te\u00f3rica, porque en la pr\u00e1ctica hab\u00eda inevitables distinciones que ocasiona la riqueza. Los hijos de los nobles llegaban a la Universidad con sus propios siervos y pagaban a sus compa\u00f1eros pobres para que les sirvieran de criados; pero una vez dentro del aula, el estudiante m\u00e1s pobre pod\u00eda sentarse en los bancos al lado del hijo de un rico&#8230; pod\u00eda sentir hasta d\u00f3nde llegaba su propia val\u00eda, al pensar que compart\u00eda con sus compa\u00f1eros el privilegio de elegir el Rector de la Universidad&#8230; es preciso recordar que Salamanca, como Bolonia&#8230; era Universidad de estudiantes, con un estudiante rector escogido por ellos&#8230; Tambi\u00e9n los estudiantes ten\u00edan la facultad de elegir a los profesores.<\/p>\n<p style=\"text-align: justify;\">Hemos dado un paso m\u00e1s para aventar la neblina que envolv\u00eda a la Edad media, creada por los intelectuales iluministas del siglo XVIII, sobre todo franceses. Los avances culturales, institucionales, pol\u00edticos y sociales que hemos analizado, nos han ofrecido una imagen diferente. El objetivo m\u00e1s importante que he planteado con esta investigaci\u00f3n es verificar que el mundo que nos toca vivir no es el \u00fanico posible, y que en la historia ha habido experiencias que respetaron mucho m\u00e1s a la persona, a su dignidad y a sus necesidades.<\/p>\n<p style=\"text-align: justify;\"><a href=\"#_ftnref1\" name=\"_ftn1\">[1]<\/a> www.youtube.com\/watch?v=c13CzRgkCR0<\/p>\n","protected":false},"excerpt":{"rendered":"<p>Ricardo Vicente L\u00f3pez \u201318-7-17 La aparici\u00f3n y desarrollo de la comuna urbana estuvo acompa\u00f1ado por una innovaci\u00f3n cultural que apoy\u00f3 y consolid\u00f3 ese proyecto institucional: la universidad. Para algunos esto puede ser una gran noticia o un cuento de hadas. Es necesario arrojar un poco de luz sobre el tema, por ello paso a analizar [&hellip;]<\/p>\n","protected":false},"author":1,"featured_media":0,"comment_status":"open","ping_status":"open","sticky":false,"template":"","format":"standard","meta":{"footnotes":""},"categories":[1],"tags":[],"class_list":["post-2163","post","type-post","status-publish","format-standard","hentry","category-sin-categoria"],"_links":{"self":[{"href":"https:\/\/ricardovicentelopez.com.ar\/index.php?rest_route=\/wp\/v2\/posts\/2163","targetHints":{"allow":["GET"]}}],"collection":[{"href":"https:\/\/ricardovicentelopez.com.ar\/index.php?rest_route=\/wp\/v2\/posts"}],"about":[{"href":"https:\/\/ricardovicentelopez.com.ar\/index.php?rest_route=\/wp\/v2\/types\/post"}],"author":[{"embeddable":true,"href":"https:\/\/ricardovicentelopez.com.ar\/index.php?rest_route=\/wp\/v2\/users\/1"}],"replies":[{"embeddable":true,"href":"https:\/\/ricardovicentelopez.com.ar\/index.php?rest_route=%2Fwp%2Fv2%2Fcomments&post=2163"}],"version-history":[{"count":1,"href":"https:\/\/ricardovicentelopez.com.ar\/index.php?rest_route=\/wp\/v2\/posts\/2163\/revisions"}],"predecessor-version":[{"id":2164,"href":"https:\/\/ricardovicentelopez.com.ar\/index.php?rest_route=\/wp\/v2\/posts\/2163\/revisions\/2164"}],"wp:attachment":[{"href":"https:\/\/ricardovicentelopez.com.ar\/index.php?rest_route=%2Fwp%2Fv2%2Fmedia&parent=2163"}],"wp:term":[{"taxonomy":"category","embeddable":true,"href":"https:\/\/ricardovicentelopez.com.ar\/index.php?rest_route=%2Fwp%2Fv2%2Fcategories&post=2163"},{"taxonomy":"post_tag","embeddable":true,"href":"https:\/\/ricardovicentelopez.com.ar\/index.php?rest_route=%2Fwp%2Fv2%2Ftags&post=2163"}],"curies":[{"name":"wp","href":"https:\/\/api.w.org\/{rel}","templated":true}]}}