{"id":2136,"date":"2017-06-01T16:11:30","date_gmt":"2017-06-01T16:11:30","guid":{"rendered":"http:\/\/ricardovicentelopez.com.ar\/?p=2136"},"modified":"2017-06-01T16:11:30","modified_gmt":"2017-06-01T16:11:30","slug":"mirando-al-mundo-lxi-de-que-se-trata-la-posverdad-columna-no-110-31-5-17","status":"publish","type":"post","link":"https:\/\/ricardovicentelopez.com.ar\/?p=2136","title":{"rendered":"Mirando al mundo LXI\u2013 De qu\u00e9 se trata la posverdad  columna N\u00ba 110\u00a0\u2013 31-5-17"},"content":{"rendered":"<p style=\"text-align: justify;\">Voy a proponer un desv\u00edo moment\u00e1neo del camino que venimos transitando para descorrer un tel\u00f3n que nos oculta los manejos del poder sobre el ciudadano de a pie. La intenci\u00f3n es llamar la atenci\u00f3n respecto de procesos sociales que han inducido h\u00e1bitos y modos de pensar que hemos <em>naturalizados<\/em>.<\/p>\n<p style=\"text-align: justify;\">Este es un concepto que incorporaron las ciencias sociales a la investigaci\u00f3n: la <em>naturalizaci\u00f3n<\/em>. La Real Academia lo define escuetamente como: \u00abAcci\u00f3n y efecto de naturalizar o naturalizarse\u00bb. Revisando otras p\u00e1ginas web se pueden encontrar comentarios mucho m\u00e1s interesantes y precisos para nuestra investigaci\u00f3n. Un art\u00edculo de <a href=\"http:\/\/www.es.wikipedia.org\">www.es.wikipedia.org<\/a>, que lleva por t\u00edtulo <em>Naturalmente social, Socialmente natural<\/em>, nos introduce en ciertas precisiones necesarias para avanzar; dice:<\/p>\n<p style=\"text-align: justify; padding-left: 30px;\">A diferencia de los elementos y sucesos del mundo de la naturaleza, los objetos y los sucesos que ocurren en el mundo social tienen un significado variable seg\u00fan los diferentes grupos humanos situados en diferentes \u00e9pocas hist\u00f3ricas. <span style=\"text-decoration: underline;\">Entonces se puede afirmar que lo \u00abnormal\u00bb est\u00e1 definido por un determinado grupo social en un contexto determinado<\/span>. Al hacer las cosas por costumbre creemos hacerlas porque es normal, y as\u00ed <span style=\"text-decoration: underline;\">creemos estar haciendo \u00ablo natural\u00bb, por lo cual se nos aparece como algo inmutable a pesar de que realmente existe porque nosotros pensamos que existe, es decir, gracias a nuestro pensamiento<\/span>.<\/p>\n<p style=\"text-align: justify;\">Este procedimiento que escapa a la mayor\u00eda de los <em>transe\u00fantes de la vida cotidiana<\/em>, como los defini\u00f3 el soci\u00f3logo y escritor espa\u00f1ol Josep Vicent Marqu\u00e9s Gonz\u00e1lez (1943-2008). La cotidianeidad nos rodea de h\u00e1bitos que se van incorporando a nuestra vida y los vamos aceptando sin revisarlos por nuestro pensamiento cr\u00edtico. Por ello se nos presentan como <em>algo normal<\/em>. S\u00f3lo aquello que se nos cruza inesperadamente, nos sorprende y reparamos en ello como algo que no es lo esperable. Se incorpora a nuestras conversaciones sociales con un \u201c\u00bfsab\u00e9s lo que me pas\u00f3?\u201d y lo describimos como <em>algo anormal<\/em>, como aquello insospechado, extra\u00f1o. Sigamos leyendo:<\/p>\n<p style=\"text-align: justify; padding-left: 30px;\">Es as\u00ed como en nuestra vida cotidiana naturalizamos normas: es <span style=\"text-decoration: underline;\">la naturalizaci\u00f3n de lo social<\/span>. Pensamos que los sucesos sociales son est\u00e1ticos, se dan de una vez y para siempre, <span style=\"text-decoration: underline;\">tomamos como natural ciertas costumbres, como incuestionables e inmodificables ya que asumimos que as\u00ed lo impone la naturaleza y que siempre ha sido as\u00ed<\/span>. El problema que trae esto es de car\u00e1cter moral ya que como las cosas son de determinada forma por naturaleza <span style=\"text-decoration: underline;\">esto nos da los par\u00e1metros para delimitar lo que es normal y lo que es antinatural o anormal, cuando la realidad es que las \u00abconductas sociales\u00bb son sociales y no tienen nada que ver con la naturaleza<\/span>. Para el an\u00e1lisis de los hechos sociales esto es un problema, ya que a medida que los <em>naturalizamos<\/em> <em>no nos planteamos ning\u00fan interrogante<\/em> que nos permita preguntar <em>por qu\u00e9 es as\u00ed<\/em>.<\/p>\n<p style=\"text-align: justify;\">La naturalizaci\u00f3n puede considerarse como un discurso dominante en la mayor\u00eda de las formas de sociedad actuales, cuya funci\u00f3n es que no se perciban los mecanismos de sometimiento. Al atribuir a causas naturales los hechos sociales, los individuos y los grupos dejan de preguntarse los <em>por qu\u00e9 <\/em>y los <em>para qu\u00e9<\/em> las reglas sociales gu\u00edan los comportamientos en sociedad:<\/p>\n<p style=\"text-align: justify; padding-left: 30px;\"><span style=\"text-decoration: underline;\">Entender los rendimientos desiguales de los diferentes individuos en el sistema educativo como meras diferencias gen\u00e9ticas ligadas a la inteligencia humana, ser\u00eda otra forma de naturalizaci\u00f3n que desconoce las desigualdades sociales que los diferentes grupos presentan a la hora de enfrentarse a la educaci\u00f3n<\/span>.<\/p>\n<p style=\"text-align: justify;\">En otras ocasiones, <em>naturalizar <\/em>supone desconocer los mecanismos de distinci\u00f3n por clase social que atraviesan nuestra vida en sociedad. Pierre Bordieu (1930\u20132002) soci\u00f3logo franc\u00e9s, muy conocido e influyente del siglo XX, critic\u00f3 la naturalizaci\u00f3n del buen gusto denunciando los procesos de distinci\u00f3n social que las clases dominantes establecen para diferenciarse de las clases populares.<\/p>\n<p style=\"text-align: justify;\">Otro fen\u00f3meno social que se est\u00e1 naturalizando por el avance del neoliberalismo, como discurso naturalizador, es percibir la pol\u00edtica como <em>una instancia naturalmente corrupta<\/em> lo cual conduce a la <em>legitimaci\u00f3n del orden social y pol\u00edtico existente.<\/em> Una de las tareas del an\u00e1lisis cr\u00edtico es <em>desnaturalizar lo naturalizado<\/em> por la sociedad en un momento hist\u00f3rico determinado.<\/p>\n<p style=\"text-align: justify;\">\n","protected":false},"excerpt":{"rendered":"<p>Voy a proponer un desv\u00edo moment\u00e1neo del camino que venimos transitando para descorrer un tel\u00f3n que nos oculta los manejos del poder sobre el ciudadano de a pie. La intenci\u00f3n es llamar la atenci\u00f3n respecto de procesos sociales que han inducido h\u00e1bitos y modos de pensar que hemos naturalizados. Este es un concepto que incorporaron [&hellip;]<\/p>\n","protected":false},"author":1,"featured_media":0,"comment_status":"open","ping_status":"open","sticky":false,"template":"","format":"standard","meta":{"footnotes":""},"categories":[1],"tags":[],"class_list":["post-2136","post","type-post","status-publish","format-standard","hentry","category-sin-categoria"],"_links":{"self":[{"href":"https:\/\/ricardovicentelopez.com.ar\/index.php?rest_route=\/wp\/v2\/posts\/2136","targetHints":{"allow":["GET"]}}],"collection":[{"href":"https:\/\/ricardovicentelopez.com.ar\/index.php?rest_route=\/wp\/v2\/posts"}],"about":[{"href":"https:\/\/ricardovicentelopez.com.ar\/index.php?rest_route=\/wp\/v2\/types\/post"}],"author":[{"embeddable":true,"href":"https:\/\/ricardovicentelopez.com.ar\/index.php?rest_route=\/wp\/v2\/users\/1"}],"replies":[{"embeddable":true,"href":"https:\/\/ricardovicentelopez.com.ar\/index.php?rest_route=%2Fwp%2Fv2%2Fcomments&post=2136"}],"version-history":[{"count":1,"href":"https:\/\/ricardovicentelopez.com.ar\/index.php?rest_route=\/wp\/v2\/posts\/2136\/revisions"}],"predecessor-version":[{"id":2137,"href":"https:\/\/ricardovicentelopez.com.ar\/index.php?rest_route=\/wp\/v2\/posts\/2136\/revisions\/2137"}],"wp:attachment":[{"href":"https:\/\/ricardovicentelopez.com.ar\/index.php?rest_route=%2Fwp%2Fv2%2Fmedia&parent=2136"}],"wp:term":[{"taxonomy":"category","embeddable":true,"href":"https:\/\/ricardovicentelopez.com.ar\/index.php?rest_route=%2Fwp%2Fv2%2Fcategories&post=2136"},{"taxonomy":"post_tag","embeddable":true,"href":"https:\/\/ricardovicentelopez.com.ar\/index.php?rest_route=%2Fwp%2Fv2%2Ftags&post=2136"}],"curies":[{"name":"wp","href":"https:\/\/api.w.org\/{rel}","templated":true}]}}