{"id":2124,"date":"2017-05-16T16:14:55","date_gmt":"2017-05-16T16:14:55","guid":{"rendered":"http:\/\/ricardovicentelopez.com.ar\/?p=2124"},"modified":"2017-05-16T16:14:55","modified_gmt":"2017-05-16T16:14:55","slug":"xx-reflexiones-sobre-la-politica-la-democracia-y-el-mercado-lu3-16-5-17","status":"publish","type":"post","link":"https:\/\/ricardovicentelopez.com.ar\/?p=2124","title":{"rendered":"XX.- Reflexiones sobre la pol\u00edtica \u2013 La democracia y el mercado &#8211; LU3\u00a0\u2013 16-5-17"},"content":{"rendered":"<p style=\"text-align: justify;\">El tiempo que corr\u00eda entre los siglos XI al XV fue el escenario de los cambios sociales, culturales, econ\u00f3micos y jur\u00eddicos que anunciaban el nuevo orden burgu\u00e9s. El modelo socio-pol\u00edtico de beligerancia militar de la vieja aristocracia feudal entorpec\u00eda los requerimientos de la nueva sociedad que nac\u00eda en torno al mercado comercial. La vida que estaba construyendo la burgues\u00eda artesanal y comercial necesitaba una ciudad estable, con normas claras y precisas, que se hicieran cumplir regularmente. El dinero no se siente c\u00f3modo en medio de la inestabilidad. La paz del mercado era la reivindicaci\u00f3n m\u00e1s urgente de los burgueses y, acompa\u00f1ando esa paz, una legislaci\u00f3n que la sostuviera. Dice Jos\u00e9 Luis Romero en este sentido:<\/p>\n<p style=\"text-align: justify; padding-left: 30px;\">Un r\u00e9gimen jur\u00eddico -que ten\u00eda que ser original y adecuado a las nuevas situaciones- y una polic\u00eda urbana que atendiera tanto a los problemas de inter\u00e9s p\u00fablico, relacionados con la actividad comercial y manufacturera, como a los problemas de la vida cotidiana, fueron los objetivos que persiguieron quienes se encerraron dentro de los muros de las ciudades \u2013los burgos&#8211; para desarrollar un nuevo tipo de vida fundado en el trabajo y orientado hacia la tranquilidad y el goce.<\/p>\n<p style=\"text-align: justify;\">Y agrega respecto de c\u00f3mo se iba construyendo ese nuevo orden burgu\u00e9s, para diferenciarlo de lo que lleg\u00f3 a ser, algunos siglos despu\u00e9s, la ciudad industrial de los siglos XVIII en adelante:<\/p>\n<p style=\"text-align: justify; padding-left: 30px;\">Estos centros urbanos se convirtieron en un polo tan fuerte de atracci\u00f3n de poblaci\u00f3n dispersa que pronto desbordaron los l\u00edmites de los muros. <span style=\"text-decoration: underline;\">Pero el contacto cotidiano, desconocido en el mundo rural por las distancias que los separaban y lo rudimentario de los caminos, fue creando una red de lazos solidarios y de formas institucionales nuevas que consolid\u00f3 la organizaci\u00f3n de la ciudad<\/span>. Aparec\u00eda el gremio artesanal. Esta nueva institucionalizaci\u00f3n dio fuerzas a las ciudades, a\u00fan a las m\u00e1s peque\u00f1as, <span style=\"text-decoration: underline;\">por lo vigoroso de estas instituciones y por la cohesi\u00f3n de sus miembros<\/span>.<\/p>\n<p style=\"text-align: justify;\">El florecimiento de estas ciudades atrajo pronto a muchos hombres y mujeres que ve\u00edan en estos centros urbanos posibilidades de emancipaci\u00f3n y oportunidades de progreso. De algunos cientos de personas pasaron a tener miles de pobladores, lo que transform\u00f3 la composici\u00f3n social de las ciudades y agreg\u00f3 una nueva dificultad social. La ciudad medieval no estaba pensada para una cantidad tan grande de habitantes:<\/p>\n<p style=\"text-align: justify; padding-left: 30px;\">El comienzo de la actividad productiva y comercial funcion\u00f3 como un efecto multiplicador. Esa actividad potenci\u00f3 el crecimiento urbano, \u00e9ste, a su vez, demand\u00f3 mayor cantidad de provisiones de la zona rural, el hombre de campo debi\u00f3 concentrar su pensamiento y su tiempo en aumentar la producci\u00f3n agr\u00edcola por lo que dej\u00f3 de producir gran parte de sus enceres y herramientas, todo esto fue provisto por la ciudad. La divisi\u00f3n del trabajo se acentuaba posibilitando una mejor y mayor producci\u00f3n en cada rubro.<\/p>\n<p style=\"text-align: justify;\">Esta presi\u00f3n de la demanda sobre la zona rural va a resquebrajar el sistema de relaciones feudales, su producci\u00f3n no va a satisfacer solamente la demanda local, ahora va a insertarse en el tr\u00e1fico mucho m\u00e1s amplio del comercio:<\/p>\n<p style=\"text-align: justify; padding-left: 30px;\">Por otra parte el modo de vida del \u201cburgu\u00e9s\u201d ser\u00e1 un punto de referencia para el hombre ligado a la vida rural, en la ciudad comienza a conocer ciertos refinamientos y comodidades de la vida desconocidas para \u00e9l, pero que comenzar\u00e1n a ser apetecidas. Tambi\u00e9n muestra una libertad que contrasta con su condici\u00f3n servil. Si \u00e9sta era natural para sus antecesores, ahora aparece un personaje que no es noble pero es libre, y su presencia es motivo de inquietud para el hombre atado a servidumbre. Si bien la libertad todav\u00eda no es un tema que puede ser entendido como aparecer\u00e1 siglos despu\u00e9s, el mismo burgu\u00e9s no tiene claridad al respecto puesto que no es para \u00e9l una cuesti\u00f3n pol\u00edtica sino s\u00f3lo una ventaja para comerciar. Se presenta entonces una inquietud que, aunque todav\u00eda oscura, va a erosionar la solidez del edificio se\u00f1orial.<\/p>\n","protected":false},"excerpt":{"rendered":"<p>El tiempo que corr\u00eda entre los siglos XI al XV fue el escenario de los cambios sociales, culturales, econ\u00f3micos y jur\u00eddicos que anunciaban el nuevo orden burgu\u00e9s. El modelo socio-pol\u00edtico de beligerancia militar de la vieja aristocracia feudal entorpec\u00eda los requerimientos de la nueva sociedad que nac\u00eda en torno al mercado comercial. La vida que [&hellip;]<\/p>\n","protected":false},"author":1,"featured_media":0,"comment_status":"open","ping_status":"open","sticky":false,"template":"","format":"standard","meta":{"footnotes":""},"categories":[1],"tags":[],"class_list":["post-2124","post","type-post","status-publish","format-standard","hentry","category-sin-categoria"],"_links":{"self":[{"href":"https:\/\/ricardovicentelopez.com.ar\/index.php?rest_route=\/wp\/v2\/posts\/2124","targetHints":{"allow":["GET"]}}],"collection":[{"href":"https:\/\/ricardovicentelopez.com.ar\/index.php?rest_route=\/wp\/v2\/posts"}],"about":[{"href":"https:\/\/ricardovicentelopez.com.ar\/index.php?rest_route=\/wp\/v2\/types\/post"}],"author":[{"embeddable":true,"href":"https:\/\/ricardovicentelopez.com.ar\/index.php?rest_route=\/wp\/v2\/users\/1"}],"replies":[{"embeddable":true,"href":"https:\/\/ricardovicentelopez.com.ar\/index.php?rest_route=%2Fwp%2Fv2%2Fcomments&post=2124"}],"version-history":[{"count":1,"href":"https:\/\/ricardovicentelopez.com.ar\/index.php?rest_route=\/wp\/v2\/posts\/2124\/revisions"}],"predecessor-version":[{"id":2125,"href":"https:\/\/ricardovicentelopez.com.ar\/index.php?rest_route=\/wp\/v2\/posts\/2124\/revisions\/2125"}],"wp:attachment":[{"href":"https:\/\/ricardovicentelopez.com.ar\/index.php?rest_route=%2Fwp%2Fv2%2Fmedia&parent=2124"}],"wp:term":[{"taxonomy":"category","embeddable":true,"href":"https:\/\/ricardovicentelopez.com.ar\/index.php?rest_route=%2Fwp%2Fv2%2Fcategories&post=2124"},{"taxonomy":"post_tag","embeddable":true,"href":"https:\/\/ricardovicentelopez.com.ar\/index.php?rest_route=%2Fwp%2Fv2%2Ftags&post=2124"}],"curies":[{"name":"wp","href":"https:\/\/api.w.org\/{rel}","templated":true}]}}