{"id":2121,"date":"2017-05-12T12:30:23","date_gmt":"2017-05-12T12:30:23","guid":{"rendered":"http:\/\/ricardovicentelopez.com.ar\/?p=2121"},"modified":"2017-05-12T12:30:23","modified_gmt":"2017-05-12T12:30:23","slug":"xix-reflexiones-sobre-la-politica-la-democracia-y-el-mercado-lu3-2-y-9-5-17","status":"publish","type":"post","link":"https:\/\/ricardovicentelopez.com.ar\/?p=2121","title":{"rendered":"XIX.- Reflexiones sobre la pol\u00edtica \u2013 La democracia y el mercado &#8211;\u00a0  LU3\u00a0\u2013 2 y 9-5-17"},"content":{"rendered":"<p style=\"text-align: justify;\">El crecimiento urbano, con las nuevas modalidades que se fueron produciendo, se dio fundamentalmente en los Pa\u00edses Bajos y la Italia del Norte, que es donde comienza el camino hacia la transformaci\u00f3n productiva que va a dar origen al capitalismo. Jacques Le Goff (1924-2014) historiador medievalista franc\u00e9s, especializado sobre todo en los siglos XII y XIII, advierte un cambio respecto de las ciudades anteriores:<\/p>\n<p style=\"text-align: justify; padding-left: 30px;\">En estas nuevas ciudades, en estos nuevos barrios, se manifiesta un nuevo esp\u00edritu urban\u00edstico. El plano regular, circular o, m\u00e1s corrientemente, en damero, expresa una madurez del genio urbano, un esfuerzo de \u201cracionalizaci\u00f3n\u201d que deja adivinar mutaciones mentales&#8230; Los escudos de las ciudades&#8230; se cuentan entre los primeros testimonios de esta mentalidad urbana.<\/p>\n<p style=\"text-align: justify;\">El historiador e investigador belga Henri Pirenne (1862-1935) tambi\u00e9n subraya los cambios sociales que se van produciendo que anticipan las cualidades de las ciudades posteriores. Describe el proceso con estas palabras:<\/p>\n<p style=\"text-align: justify; padding-left: 30px;\">Las aglomeraciones comerciales se caracterizan, a partir del siglo X, por su crecimiento ininterrumpido. Atraen continuamente a nuevos habitantes. Se dilatan con un constante movimiento cubriendo un espacio cada vez mayor de forma que, a comienzos del siglo XII, en un buen n\u00famero de lugares, se van extendiendo ocupando los terrenos adyacentes. El modelo original es generalmente muy sencillo. Un mercado junto al r\u00edo que atraviesa la localidad o bien en su centro, es el punto de intersecci\u00f3n de sus calles que, partiendo de all\u00ed, se dirigen hacia las puertas que dan acceso al campo; porque el suburbio comercial, y es importante destacar este hecho con especial atenci\u00f3n, se rodea en seguida de construcciones defensivas.<\/p>\n<p style=\"text-align: justify;\">Las nuevas ciudades se iban construyendo alrededor de las viejas. En aquellos casos, muy numerosos por cierto, en que se hac\u00eda sentir la revoluci\u00f3n de las nuevas clases (peque\u00f1os artesanos y comerciantes) que alteraban la ciudad antigua. \u00c9sta era v\u00edctima de graves tensiones, entre lo viejo y lo nuevo. Sigue m\u00e1s adelante:<\/p>\n<p style=\"text-align: justify; padding-left: 30px;\">El \u00e1rea comercial, desde comienzos del siglo XI, comienzan a ser llamada <em>nuevo burgo<\/em> y a sus habitantes <em>burgueses<\/em>. La descripci\u00f3n tiende a apuntar a un perfil definido de personas, que van a confluir por sus intereses en estas ciudades y que constituir\u00e1n la base de la posterior Revoluci\u00f3n Burguesa.<\/p>\n<p style=\"text-align: justify;\">Estas personas son el aporte social necesario para dar forma a una nueva estructuraci\u00f3n de las relaciones sociales. Yo me atrevo a denominar esta etapa como: <em>el capitalismo comunal<\/em>. Para un bosquejo aproximativo, Pirenne dice:<\/p>\n<p style=\"text-align: justify; padding-left: 30px;\">\u00bfBajo qu\u00e9 apariencia conviene representarse a la burgues\u00eda primitiva de las aglomeraciones comerciales? Es evidente que no se compon\u00eda exclusivamente de mercaderes viajeros&#8230; Deb\u00eda incluir, junto a estos, a un n\u00famero m\u00e1s o menos considerable de individuos empleados en el desembarco y transporte de mercanc\u00edas, en el aparejo y aprovisionamiento de barcos, en la confecci\u00f3n de veh\u00edculos, toneles y cajas, en una palabra, de todos aquellos accesorios indispensables para la pr\u00e1ctica de los negocios. \u00c9sta atra\u00eda necesariamente hacia la naciente ciudad a las gentes de los alrededores que buscaban trabajo&#8230; Para cubrir sus necesidades cotidianas necesitaba no s\u00f3lo de una cantidad, sino una variedad creciente de gentes con oficios.<\/p>\n<p style=\"text-align: justify;\">La especializaci\u00f3n, que la divisi\u00f3n del trabajo produjo en las ciudades, ofreci\u00f3 una variedad y cantidad de mercanc\u00edas que compet\u00eda con muchas ventajas sobre las ya producidas que se intercambiaban con el campo. Esto dio a lugar a un intenso comercio entre la zona rural y la urbana, con beneficio para ambas. Con el correr del tiempo el campo se vio sometido a las caracter\u00edsticas del comercio urbano. Se podr\u00eda decir, con riesgo cierto de exagerar, que el campesino comienza as\u00ed su camino de \u201caburguesamiento\u201d, como tambi\u00e9n lo iba a comenzar a padecer una parte de la nobleza rural.<\/p>\n<p style=\"text-align: justify;\">En esos tiempos comienza a aparecer este nuevo tipo social que compone el <em>mercader libre<\/em>. Cabe dejar asentado ac\u00e1 que la revoluci\u00f3n que va produciendo la burgues\u00eda es la consecuencia de la defensa de sus intereses comerciales y de las ventajas obtenidas. La Revoluci\u00f3n en esta primera etapa se concretar\u00e1 alrededor de la obtenci\u00f3n de ventajas y privilegios para sus necesidades industriales y comerciales. S\u00f3lo despu\u00e9s adquirir\u00e1 el car\u00e1cter pol\u00edtico que los siglos XVII y XVIII van a mostrar.<\/p>\n<p style=\"text-align: justify;\">Pirenne, conocedor profundo de esta etapa, afirma sobre el tema:<\/p>\n<p style=\"text-align: justify; padding-left: 30px;\">Las principales reivindicaciones no van m\u00e1s all\u00e1 de lo estrictamente necesario. Se trata, antes que nada, de la libertad personal, que garantizar\u00e1 al mercader o al artesano la posibilidad de ir y venir, residir donde quiera y las mejores para s\u00ed como la de sus hijos. Se pretende adem\u00e1s el establecimiento en la ciudad de una paz, es decir, una legislaci\u00f3n penal que garantice la seguridad; la abolici\u00f3n de las trabas que resultan incompatibles con la pr\u00e1ctica del comercio y de la industria, y con la posesi\u00f3n y la adquisici\u00f3n del suelo; finalmente, un grado m\u00e1s o menos extenso de autonom\u00eda pol\u00edtica y de autogobierno local.<\/p>\n<p style=\"text-align: justify;\">Lo que vamos viendo es que comienza a perfilarse una sociedad que se apoya en la libertad de sus ciudadanos, garantiza la paz y la seguridad, y se inicia un camino hacia una liberalidad en sus relaciones comerciales.<\/p>\n","protected":false},"excerpt":{"rendered":"<p>El crecimiento urbano, con las nuevas modalidades que se fueron produciendo, se dio fundamentalmente en los Pa\u00edses Bajos y la Italia del Norte, que es donde comienza el camino hacia la transformaci\u00f3n productiva que va a dar origen al capitalismo. Jacques Le Goff (1924-2014) historiador medievalista franc\u00e9s, especializado sobre todo en los siglos XII y [&hellip;]<\/p>\n","protected":false},"author":1,"featured_media":0,"comment_status":"open","ping_status":"open","sticky":false,"template":"","format":"standard","meta":{"footnotes":""},"categories":[1],"tags":[],"class_list":["post-2121","post","type-post","status-publish","format-standard","hentry","category-sin-categoria"],"_links":{"self":[{"href":"https:\/\/ricardovicentelopez.com.ar\/index.php?rest_route=\/wp\/v2\/posts\/2121","targetHints":{"allow":["GET"]}}],"collection":[{"href":"https:\/\/ricardovicentelopez.com.ar\/index.php?rest_route=\/wp\/v2\/posts"}],"about":[{"href":"https:\/\/ricardovicentelopez.com.ar\/index.php?rest_route=\/wp\/v2\/types\/post"}],"author":[{"embeddable":true,"href":"https:\/\/ricardovicentelopez.com.ar\/index.php?rest_route=\/wp\/v2\/users\/1"}],"replies":[{"embeddable":true,"href":"https:\/\/ricardovicentelopez.com.ar\/index.php?rest_route=%2Fwp%2Fv2%2Fcomments&post=2121"}],"version-history":[{"count":1,"href":"https:\/\/ricardovicentelopez.com.ar\/index.php?rest_route=\/wp\/v2\/posts\/2121\/revisions"}],"predecessor-version":[{"id":2122,"href":"https:\/\/ricardovicentelopez.com.ar\/index.php?rest_route=\/wp\/v2\/posts\/2121\/revisions\/2122"}],"wp:attachment":[{"href":"https:\/\/ricardovicentelopez.com.ar\/index.php?rest_route=%2Fwp%2Fv2%2Fmedia&parent=2121"}],"wp:term":[{"taxonomy":"category","embeddable":true,"href":"https:\/\/ricardovicentelopez.com.ar\/index.php?rest_route=%2Fwp%2Fv2%2Fcategories&post=2121"},{"taxonomy":"post_tag","embeddable":true,"href":"https:\/\/ricardovicentelopez.com.ar\/index.php?rest_route=%2Fwp%2Fv2%2Ftags&post=2121"}],"curies":[{"name":"wp","href":"https:\/\/api.w.org\/{rel}","templated":true}]}}