{"id":2116,"date":"2017-05-04T12:05:36","date_gmt":"2017-05-04T12:05:36","guid":{"rendered":"http:\/\/ricardovicentelopez.com.ar\/?p=2116"},"modified":"2017-05-04T12:05:36","modified_gmt":"2017-05-04T12:05:36","slug":"mirando-al-mundo-lvi-de-que-se-trata-la-posverdad-no-106-3-5-17","status":"publish","type":"post","link":"https:\/\/ricardovicentelopez.com.ar\/?p=2116","title":{"rendered":"Mirando al mundo LVI\u2013 De qu\u00e9 se trata la posverdad  N\u00ba 106 \u2013 3-5-17"},"content":{"rendered":"<p style=\"text-align: justify;\">Finalic\u00e9 la columna anterior afirmando: \u00abEse programa de dominio global requer\u00eda una cobertura medi\u00e1tica\u00bb. La expresi\u00f3n que utilic\u00e9 es relativamente nueva, no corresponde a la d\u00e9cada del \u201950. Sin embargo, siendo de uso actual por los analistas e investigadores, es \u00fatil para comprender sus or\u00edgenes.<\/p>\n<p style=\"text-align: justify;\">En las d\u00e9cadas de los \u201960 y \u201970 se produjeron muchos debates entre los defensores de lo que llamaron el <em>libre flujo de la informaci\u00f3n<\/em> que extravagantemente estaba representado por los grandes medios concentrados, y las investigaciones de universidades y academias de pa\u00edses de la periferia que intentaban desenmascarar sus perversas intenciones: <em>defender el monopolio encubierto<\/em>.<\/p>\n<p style=\"text-align: justify;\">El Profesor de la Facultad de Comunicaci\u00f3n Social de la Universidad Central de Quito, Dax Toscano Segovia, en su art\u00edculo <em>El derecho a la \u00bfdesinformaci\u00f3n?<\/em> (25-3-2008) concluye con estas palabras:<\/p>\n<p style=\"text-align: justify; padding-left: 30px;\">Esta es, en definitiva, la libertad que defienden la CNN, la SIP, Reporteros sin fronteras, Prisa, El Pa\u00eds, Televisa, Teleamazonas, Ecuavisa, Globovisi\u00f3n, El diario Hoy de Ecuador, El Tiempo de Bogot\u00e1, Clar\u00edn y La Naci\u00f3n de Buenos Aires, etc.: la libertad de empresa y de mercado, cuyo negocio fundamental es la publicidad en la que se gasta anualmente un mill\u00f3n de millones de d\u00f3lares para fomentar el consumismo. Nada m\u00e1s alejado de la verdad es que las empresas capitalistas de la desinformaci\u00f3n sean pluralistas y que trav\u00e9s de ellas se puedan expresar la diversidad de concepciones existentes en una sociedad sobre diferentes hechos, sucesos, acontecimientos y problemas sociales.<\/p>\n<p style=\"text-align: justify;\">Como aclaraci\u00f3n para una correcta comprensi\u00f3n de su contenido la utilizaci\u00f3n en el t\u00edtulo del concepto <em>desinformaci\u00f3n<\/em>, leemos en el Diccionario de la Academia de la Lengua: \u00abDar informaci\u00f3n intencionadamente manipulada al servicio de ciertos fines\u00bb. La iron\u00eda del profesor con las palabras <em>informaci\u00f3n<\/em> y <em>desinformaci\u00f3n<\/em> para referirse al tema en debate, requiere por ello la referencia al significado correcto de esas palabras. Esa era su lucha por desnudar lo que se escond\u00eda tras la defensa del <em>libre flujo de la informaci\u00f3n<\/em>, puesto que era muy importante para que se pudiera colocar la verdadera trama de lo que estaba en juego: <em>la libertad de expresi\u00f3n para todos.<\/em> Y era precisamente lo que hab\u00eda desaparecido con la maniobra de concentraci\u00f3n de medios en manos de las multinacionales.<\/p>\n<p style=\"text-align: justify;\">Escrib\u00ed tiempo atr\u00e1s:<\/p>\n<p style=\"text-align: justify; padding-left: 30px;\">Debo aqu\u00ed dejar ya apuntado que la sociedad de masas y los medios de comunicaci\u00f3n de masas son dos modos de hablar de un mismo fen\u00f3meno que tiene car\u00e1cter estructural en la conformaci\u00f3n de la sociedad moderna a partir del siglo XX. Dirigirse a un p\u00fablico masificado por el proceso industrial concentrado impuso la necesidad de concentrar tambi\u00e9n la propiedad de los medios y de trasladar los conceptos y las modalidades de la organizaci\u00f3n industrial: <span style=\"text-decoration: underline;\">los medios se transformaron en empresas comerciales<\/span> y \u00e9stas tiene un objetivo fundamental: el lucro. La <em>concentraci\u00f3n de los medios<\/em> fue otra faceta de la <em>concentraci\u00f3n empresarial<\/em>.<\/p>\n<p style=\"text-align: justify; padding-left: 30px;\">Esto nos permite visualizar con mayor claridad que los medios son parte instrumental necesaria del entramado de car\u00e1cter pol\u00edtico, econ\u00f3mico y financiero por parte de una minor\u00eda: la elite del poder, totalmente a espaldas de las mayor\u00edas populares. All\u00ed radica la presencia y el funcionamiento antidemocr\u00e1ticos. Por lo tanto, este modo de ordenar el proceso comunicativo estuvo desde el inicio al servicio de los <em>centros de poder<\/em>. Para que esto haya sido posible debe entenderse que, antes de ello, la cultura moderna y su expresi\u00f3n econ\u00f3mica la econom\u00eda capitalista hab\u00edan sentado las bases de esa posibilidad: la masificaci\u00f3n del p\u00fablico.<\/p>\n<p style=\"text-align: justify;\">Una industria que se lanza a la producci\u00f3n masiva de mercanc\u00edas requiere un mercado masificado de demandas, que puede admitir cierta fragmentaci\u00f3n sin perder su calidad de tal. Ese mercado debe haber realizado, a lo largo de un tiempo prudencial, una modificaci\u00f3n en la psicolog\u00eda y las expectativas p\u00fablicas a fin de hacerlas aptas para la recepci\u00f3n de esta modalidad. La masividad\u00a0 de la comunicaci\u00f3n ha tenido, como paso previo, la conversi\u00f3n del\u00a0 receptor en masa.<\/p>\n<p style=\"text-align: justify;\">Repito, una vez m\u00e1s, para seguir avanzando en pos de definir claramente que es la posverdad: es necesario entender todo este proceso para ver mejor el panorama actual.<\/p>\n","protected":false},"excerpt":{"rendered":"<p>Finalic\u00e9 la columna anterior afirmando: \u00abEse programa de dominio global requer\u00eda una cobertura medi\u00e1tica\u00bb. La expresi\u00f3n que utilic\u00e9 es relativamente nueva, no corresponde a la d\u00e9cada del \u201950. Sin embargo, siendo de uso actual por los analistas e investigadores, es \u00fatil para comprender sus or\u00edgenes. En las d\u00e9cadas de los \u201960 y \u201970 se produjeron [&hellip;]<\/p>\n","protected":false},"author":1,"featured_media":0,"comment_status":"open","ping_status":"open","sticky":false,"template":"","format":"standard","meta":{"footnotes":""},"categories":[1],"tags":[],"class_list":["post-2116","post","type-post","status-publish","format-standard","hentry","category-sin-categoria"],"_links":{"self":[{"href":"https:\/\/ricardovicentelopez.com.ar\/index.php?rest_route=\/wp\/v2\/posts\/2116","targetHints":{"allow":["GET"]}}],"collection":[{"href":"https:\/\/ricardovicentelopez.com.ar\/index.php?rest_route=\/wp\/v2\/posts"}],"about":[{"href":"https:\/\/ricardovicentelopez.com.ar\/index.php?rest_route=\/wp\/v2\/types\/post"}],"author":[{"embeddable":true,"href":"https:\/\/ricardovicentelopez.com.ar\/index.php?rest_route=\/wp\/v2\/users\/1"}],"replies":[{"embeddable":true,"href":"https:\/\/ricardovicentelopez.com.ar\/index.php?rest_route=%2Fwp%2Fv2%2Fcomments&post=2116"}],"version-history":[{"count":1,"href":"https:\/\/ricardovicentelopez.com.ar\/index.php?rest_route=\/wp\/v2\/posts\/2116\/revisions"}],"predecessor-version":[{"id":2117,"href":"https:\/\/ricardovicentelopez.com.ar\/index.php?rest_route=\/wp\/v2\/posts\/2116\/revisions\/2117"}],"wp:attachment":[{"href":"https:\/\/ricardovicentelopez.com.ar\/index.php?rest_route=%2Fwp%2Fv2%2Fmedia&parent=2116"}],"wp:term":[{"taxonomy":"category","embeddable":true,"href":"https:\/\/ricardovicentelopez.com.ar\/index.php?rest_route=%2Fwp%2Fv2%2Fcategories&post=2116"},{"taxonomy":"post_tag","embeddable":true,"href":"https:\/\/ricardovicentelopez.com.ar\/index.php?rest_route=%2Fwp%2Fv2%2Ftags&post=2116"}],"curies":[{"name":"wp","href":"https:\/\/api.w.org\/{rel}","templated":true}]}}