{"id":2089,"date":"2017-03-28T22:11:52","date_gmt":"2017-03-28T22:11:52","guid":{"rendered":"http:\/\/ricardovicentelopez.com.ar\/?p=2089"},"modified":"2017-03-28T22:11:52","modified_gmt":"2017-03-28T22:11:52","slug":"xvi-reflexiones-sobre-la-politica-la-democracia-y-el-mercado-lu3-28-3-17","status":"publish","type":"post","link":"https:\/\/ricardovicentelopez.com.ar\/?p=2089","title":{"rendered":"XVI.- Reflexiones sobre la pol\u00edtica \u2013 La democracia y el mercado &#8211; LU3\u00a0\u2013 28-3-17"},"content":{"rendered":"<p style=\"text-align: justify;\">Volvamos unas d\u00e9cadas atr\u00e1s para encontrarnos con las elaboraciones te\u00f3ricas respecto de qu\u00e9 es el capitalismo, tratado como sociedad industrial. En plena Guerra Fr\u00eda \u2013per\u00edodo que se extiende desde el fin de la Segunda guerra hasta la ca\u00edda del Muro de Berl\u00edn\u2014se planteaba la comparaci\u00f3n entre el capitalismo de libre mercado de Occidente y la Planificaci\u00f3n sovi\u00e9tica.<\/p>\n<p style=\"text-align: justify;\">No debemos olvidar que la derrota infligida por la URSS al ej\u00e9rcito alem\u00e1n, la maquinaria m\u00e1s poderosa de la historia militar, en Stalingrado (1942), y haberse reconstruido en tan poco tiempo, no permit\u00eda otra actitud que reconocerla como una potencia mundial que se presentaba como un competidor peligroso. En las Academias de los grandes pa\u00edses capitalistas, se estudiaba comparativamente ambos sistemas, buscando los aspectos positivos y negativos. La intenci\u00f3n, no siempre confesada, era demostrar la superioridad del capitalismo.<\/p>\n<p style=\"text-align: justify;\">El profesor Raymon Aron (1905-1983), fue fil\u00f3sofo, soci\u00f3logo y comentarista pol\u00edtico franc\u00e9s, profesor de la Facultad de Letras y Ciencias humanas de la Sorbona de Par\u00eds \u2013 una de las m\u00e1s importantes de Europa entonces &#8211;, y estrecho colaborador del general Charles de Gaulle (1890-1970), presidente \u00e9ste de la Rep\u00fablica Francesa (1958-1969). Present\u00f3 como tema de sus clases para el a\u00f1o acad\u00e9mico 1955-56 en la Sorbona de Par\u00eds, analizar el tema: <em>La sociedad industrial y su relaci\u00f3n con el desarrollo<\/em>. Hablar de sociedad industrial parece un modo de evitar el concepto <em>capitalismo<\/em>, siguiendo el estilo estadounidense.<\/p>\n<p style=\"text-align: justify;\">Con los apuntes de sus alumnos, se public\u00f3 luego un libro que fue titulado <em>Dieciocho clases sobre la sociedad industrial<\/em>, que tomar\u00e9 como base de esta columna. Comienza haciendo una referencia un tanto sencilla para definir esa sociedad: \u201c<em>La sociedad industrial es aquella donde la gran industria, es la forma de producci\u00f3n m\u00e1s caracter\u00edstica<\/em>\u201d. Sostiene Aron:<\/p>\n<p style=\"text-align: justify; padding-left: 30px;\">Este modelo econ\u00f3mico requiere una <em>acumulaci\u00f3n previa de capital <\/em>de una dimensi\u00f3n desconocida hasta comienzos del siglo XIX. Este capital debe ser manejado mediante el c\u00e1lculo racional, a fin de obtener el m\u00e1ximo rendimiento sobre la base de los menores costos posibles, lo que dar\u00e1 lugar a la obtenci\u00f3n de utilidades. El c\u00e1lculo econ\u00f3mico es el que orienta las inversiones en la b\u00fasqueda de la mayor rentabilidad posible. Otra de sus caracter\u00edsticas es la necesidad de <em>mano de obra libre desocupada en cantidades importantes<\/em>. Ello funcionar\u00e1 como un control del valor de la mano de obra en el mercado.<\/p>\n<p style=\"text-align: justify;\">La preocupaci\u00f3n del profesor se centra en esclarecer los modos mejores que <em>permitan seguir creciendo ese capital<\/em>. Esto describe el esquema socio-econ\u00f3mico que reinaba en Occidente que hab\u00eda mostrado el desarrollo del <em>mundo libre<\/em>, seg\u00fan sus palabras. Por lo tanto, le interesa poder subrayar cu\u00e1les son los aspectos relevantes que permiten explicar c\u00f3mo funciona:<\/p>\n<p style=\"text-align: justify; padding-left: 30px;\">Puesto que no existe (ni debe existir) ninguna regulaci\u00f3n es inevitable que los precios de los productos oscilen dentro del mercado en funci\u00f3n de la oferta y la demanda y que, en consecuencia peri\u00f3dicamente, se produzca lo que se denomina <em>crisis de mercado,<\/em> o, seg\u00fan algunos investigadores: la \u201canarqu\u00eda capitalista\u201d. Esta es la consecuencia de un mercado libre que opera ciegamente, dado el desconocimiento previo de las cantidades demandadas. Lo cual arrastra el peligro de caer en severas <em>crisis de superproducci\u00f3n<\/em>, que han llegado a poner en riesgo la continuidad del funcionamiento del \u201cmercado\u201d.<\/p>\n<p style=\"text-align: justify;\">No hay duda que de que el profesor tiene en su memoria la que se produjo en 1929 con el estallido del mercado de Wall Street, que desestabiliz\u00f3 la econom\u00eda internacional. Respecto de los autores vistos hasta ahora debo resaltar dos rasgos que Aron destaca en el capitalismo, que no hab\u00edan salido a la luz hasta ahora. Por otra parte, son dos temas poco tratados todav\u00eda hoy con todas sus consecuencias: las <em>crisis <\/em>y la <em>propiedad privada<\/em>. Con referencia a la propiedad individual se limita a tomar nota de que la existencia de una <em>apropiaci\u00f3n individual <\/em>tiene como consecuencia la <em>desigualdad entre los hombres<\/em>:<\/p>\n<p style=\"text-align: justify; padding-left: 30px;\">\u00c9sta se manifiesta de dos maneras, 1.- una tiene como consecuencia la <em>desigualdad en las retribuciones <\/em>por tareas iguales o diferentes, pudi\u00e9ndose comprobar que las que mayor esfuerzo f\u00edsico reclaman son las peores pagas, y 2.- que la escala asciende en relaci\u00f3n inversa a ese tipo de esfuerzos, mejores retribuciones a las que menor esfuerzo f\u00edsico demandan. Esta desigualdad opera como incentivo de la productividad, la responsabilidad, la capacidad, etc.<\/p>\n<p style=\"text-align: justify;\">De lo que se desprende que la remuneraci\u00f3n depende totalmente de las capacidades y esfuerzos que muestren los trabajadores. Expone el tema con mucha asepsia, como si hablara de meteorolog\u00eda. Son factores que operan lejos de las posibilidades de ser mejorados y trasformados por la voluntad humana.<\/p>\n<p style=\"text-align: justify;\">Seguiremos analizando las tesis de Raymon Aron, en la pr\u00f3xima columna.<\/p>\n<p style=\"text-align: justify;\">\n<p style=\"text-align: justify;\">\n<p style=\"text-align: justify;\">\n<p style=\"text-align: justify;\">\n","protected":false},"excerpt":{"rendered":"<p>Volvamos unas d\u00e9cadas atr\u00e1s para encontrarnos con las elaboraciones te\u00f3ricas respecto de qu\u00e9 es el capitalismo, tratado como sociedad industrial. En plena Guerra Fr\u00eda \u2013per\u00edodo que se extiende desde el fin de la Segunda guerra hasta la ca\u00edda del Muro de Berl\u00edn\u2014se planteaba la comparaci\u00f3n entre el capitalismo de libre mercado de Occidente y la [&hellip;]<\/p>\n","protected":false},"author":1,"featured_media":0,"comment_status":"open","ping_status":"open","sticky":false,"template":"","format":"standard","meta":{"footnotes":""},"categories":[1],"tags":[],"class_list":["post-2089","post","type-post","status-publish","format-standard","hentry","category-sin-categoria"],"_links":{"self":[{"href":"https:\/\/ricardovicentelopez.com.ar\/index.php?rest_route=\/wp\/v2\/posts\/2089","targetHints":{"allow":["GET"]}}],"collection":[{"href":"https:\/\/ricardovicentelopez.com.ar\/index.php?rest_route=\/wp\/v2\/posts"}],"about":[{"href":"https:\/\/ricardovicentelopez.com.ar\/index.php?rest_route=\/wp\/v2\/types\/post"}],"author":[{"embeddable":true,"href":"https:\/\/ricardovicentelopez.com.ar\/index.php?rest_route=\/wp\/v2\/users\/1"}],"replies":[{"embeddable":true,"href":"https:\/\/ricardovicentelopez.com.ar\/index.php?rest_route=%2Fwp%2Fv2%2Fcomments&post=2089"}],"version-history":[{"count":1,"href":"https:\/\/ricardovicentelopez.com.ar\/index.php?rest_route=\/wp\/v2\/posts\/2089\/revisions"}],"predecessor-version":[{"id":2090,"href":"https:\/\/ricardovicentelopez.com.ar\/index.php?rest_route=\/wp\/v2\/posts\/2089\/revisions\/2090"}],"wp:attachment":[{"href":"https:\/\/ricardovicentelopez.com.ar\/index.php?rest_route=%2Fwp%2Fv2%2Fmedia&parent=2089"}],"wp:term":[{"taxonomy":"category","embeddable":true,"href":"https:\/\/ricardovicentelopez.com.ar\/index.php?rest_route=%2Fwp%2Fv2%2Fcategories&post=2089"},{"taxonomy":"post_tag","embeddable":true,"href":"https:\/\/ricardovicentelopez.com.ar\/index.php?rest_route=%2Fwp%2Fv2%2Ftags&post=2089"}],"curies":[{"name":"wp","href":"https:\/\/api.w.org\/{rel}","templated":true}]}}