{"id":2084,"date":"2017-03-21T18:24:21","date_gmt":"2017-03-21T18:24:21","guid":{"rendered":"http:\/\/ricardovicentelopez.com.ar\/?p=2084"},"modified":"2017-03-21T18:24:21","modified_gmt":"2017-03-21T18:24:21","slug":"xv-reflexiones-sobre-la-politica-la-democracia-y-el-mercado-lu3-21-3-17","status":"publish","type":"post","link":"https:\/\/ricardovicentelopez.com.ar\/?p=2084","title":{"rendered":"XV.- Reflexiones sobre la pol\u00edtica \u2013 La democracia y el mercado &#8211; LU3 \u2013 21-3-17"},"content":{"rendered":"<p style=\"text-align: justify;\">Siguiendo el an\u00e1lisis sobre los dos conceptos que aparecen hermanados en el discurso p\u00fablico: la democracia y el capitalismo, pero que contienen contradicciones profundas e insolubles, voy a presentar opiniones de personajes importantes y significativos del escenario internacional.<\/p>\n<p style=\"text-align: justify;\">El primero es George Soros (Hungr\u00eda, 1930) es un magnate multimillonario, especulador financiero; presidente del Soros Fund Management y fundador de Quantum Fund. Es conocido por ser \u00abel hombre que provoc\u00f3 la quiebra del Banco de Inglaterra\u00bb con una apuesta financiera a la devaluaci\u00f3n de la libra esterlina en 1992. Con estos antecedentes no es esperable que se defina de modo tan cr\u00edticamente clara. En su libro <em>La crisis del capitalismo global<\/em> (1998) afirma:<\/p>\n<p style=\"text-align: justify; padding-left: 30px;\">Est\u00e1 muy extendida la suposici\u00f3n de que la democracia y el capitalismo van de la mano. Lo cierto es que la relaci\u00f3n es mucho m\u00e1s compleja. <span style=\"text-decoration: underline;\">El capitalismo necesita a la democracia como contrapeso porque el sistema capitalista por s\u00ed solo no muestra tendencia alguna al equilibrio. Los duelos del capital intentan maximizar sus beneficios. Si se les dejase a su libre arbitrio, continuar\u00edan acumulando capital hasta que la situaci\u00f3n quedase desequilibrada<\/span>&#8230; El fundamentalismo del mercado pretende abolir la toma de decisiones colectivas e imponer la supremac\u00eda de los valores del mercado sobre los valores pol\u00edticos y sociales&#8230; Lo que necesitamos es un equilibrio correcto entre la pol\u00edtica y los mercados, entre la elaboraci\u00f3n de las reglas y el acatamiento de las mismas.<\/p>\n<p style=\"text-align: justify;\">Nos encontramos ante una definici\u00f3n cercana a la del Profesor Thurow. Ambos denuncian que el matrimonio: democracia-mercado no existe, o que en todo caso se llevan muy mal. \u00c9l demuestra la existencia de una tensi\u00f3n peligrosa que pone en serio riesgo la estabilidad del sistema.<\/p>\n<p style=\"text-align: justify;\">Agrego adem\u00e1s el an\u00e1lisis de un acad\u00e9mico de mucho prestigio, que presenta sus an\u00e1lisis en esta misma direcci\u00f3n. Me refiero al \u00a0soci\u00f3logo alem\u00e1n Ulrich Beck (1944-2015), profesor de la Universidad de M\u00fanich y de la London School of Economics de Londres; Profesor y Director del Instituto de Sociolog\u00eda de la Universidad Ludwig-Maximilian de Munich. Sostuvo en uno de sus libros, que lleva por t\u00edtulo \u00bf<em>Qu\u00e9 es la globalizaci\u00f3n<\/em>? (1998) lo siguiente:<\/p>\n<p style=\"text-align: justify; padding-left: 30px;\"><span style=\"text-decoration: underline;\">Cuando el capitalismo global de los pa\u00edses m\u00e1s desarrollados destruye el nervio vital de la sociedad del trabajo, se resquebraja tambi\u00e9n la alianza hist\u00f3rica entre capitalismo, Estado de bienestar y democracia&#8230;<\/span> El trabajo remunerado sostiene y fundamenta constantemente no s\u00f3lo la existencia privada, sino tambi\u00e9n la propia pol\u00edtica. Y no se trata \u201cs\u00f3lo\u201d de millones de desocupados, ni tampoco del Estado de bienestar, ni de c\u00f3mo evitar la pobreza, ni de que reine la justicia. <span style=\"text-decoration: underline;\">Se trata de todos y cada uno de nosotros. Se trata de la libertad pol\u00edtica y de la democracia&#8230;<\/span><\/p>\n<p style=\"text-align: justify;\">Esta muy seria su advertencia. Denuncia el peligro que est\u00e1 corriendo la sociedad moderna capitalista, puesto que lo que est\u00e1 en juego es el futuro mismo del sistema, de seguir por este camino. Su punto de an\u00e1lisis, muy poco frecuentado por otros investigadores, es la desocupaci\u00f3n \u00a0creciente. Vuelvo a insistir sobre la fecha de la publicaci\u00f3n de este libro: 1998, hace casi veinte a\u00f1os. Los pron\u00f3sticos y la gravedad de la advertencia han quedado desactualizadas frente al cuadro del mundo global actual. Ellos intuyeron el riesgo, paro no imaginaron la ceguera de los dirigentes pol\u00edticos y de los dirigentes empresariales que fueron corriendo el l\u00edmite de la tolerancia de los pueblos hasta el borde del abismo, donde nos encontramos hoy.<\/p>\n<p style=\"text-align: justify;\">Dice Jos\u00e9 Mar\u00eda Mardones (1943-2006), Doctor en Sociolog\u00eda y fil\u00f3sofo vasco, investigador del Consejo Superior de Investigaciones Cient\u00edficas de Espa\u00f1a, Profesor de Sociolog\u00eda en la Universidad del Pa\u00eds Vasco, ofreci\u00f3 en 1991una especie de necrol\u00f3gica sobre el capitalismo:<\/p>\n<p style=\"text-align: justify; padding-left: 30px;\">La realidad -m\u00e1s all\u00e1 de las debates por las causas- no puede ponerse en duda: se desvaneci\u00f3 la ilusi\u00f3n de una sociedad justa e igualitaria y nos estamos acostumbrando al \u201crealismo\u201d del gris mate de una cotidianidad sin horizonte moral y con un escepticismo producido por el \u201ctr\u00e1fico de influencia\u201d y la corrupci\u00f3n en la financiaci\u00f3n de los partidos, la especulaci\u00f3n, etc.<\/p>\n<p style=\"text-align: justify;\">Aparece un se\u00f1alamiento muy importante respecto de la estabilidad de los gobiernos: el problema de las expectativas, tan importantes para la salud de una sociedad.<\/p>\n","protected":false},"excerpt":{"rendered":"<p>Siguiendo el an\u00e1lisis sobre los dos conceptos que aparecen hermanados en el discurso p\u00fablico: la democracia y el capitalismo, pero que contienen contradicciones profundas e insolubles, voy a presentar opiniones de personajes importantes y significativos del escenario internacional. El primero es George Soros (Hungr\u00eda, 1930) es un magnate multimillonario, especulador financiero; presidente del Soros Fund [&hellip;]<\/p>\n","protected":false},"author":1,"featured_media":0,"comment_status":"open","ping_status":"open","sticky":false,"template":"","format":"standard","meta":{"footnotes":""},"categories":[1],"tags":[],"class_list":["post-2084","post","type-post","status-publish","format-standard","hentry","category-sin-categoria"],"_links":{"self":[{"href":"https:\/\/ricardovicentelopez.com.ar\/index.php?rest_route=\/wp\/v2\/posts\/2084","targetHints":{"allow":["GET"]}}],"collection":[{"href":"https:\/\/ricardovicentelopez.com.ar\/index.php?rest_route=\/wp\/v2\/posts"}],"about":[{"href":"https:\/\/ricardovicentelopez.com.ar\/index.php?rest_route=\/wp\/v2\/types\/post"}],"author":[{"embeddable":true,"href":"https:\/\/ricardovicentelopez.com.ar\/index.php?rest_route=\/wp\/v2\/users\/1"}],"replies":[{"embeddable":true,"href":"https:\/\/ricardovicentelopez.com.ar\/index.php?rest_route=%2Fwp%2Fv2%2Fcomments&post=2084"}],"version-history":[{"count":1,"href":"https:\/\/ricardovicentelopez.com.ar\/index.php?rest_route=\/wp\/v2\/posts\/2084\/revisions"}],"predecessor-version":[{"id":2085,"href":"https:\/\/ricardovicentelopez.com.ar\/index.php?rest_route=\/wp\/v2\/posts\/2084\/revisions\/2085"}],"wp:attachment":[{"href":"https:\/\/ricardovicentelopez.com.ar\/index.php?rest_route=%2Fwp%2Fv2%2Fmedia&parent=2084"}],"wp:term":[{"taxonomy":"category","embeddable":true,"href":"https:\/\/ricardovicentelopez.com.ar\/index.php?rest_route=%2Fwp%2Fv2%2Fcategories&post=2084"},{"taxonomy":"post_tag","embeddable":true,"href":"https:\/\/ricardovicentelopez.com.ar\/index.php?rest_route=%2Fwp%2Fv2%2Ftags&post=2084"}],"curies":[{"name":"wp","href":"https:\/\/api.w.org\/{rel}","templated":true}]}}