{"id":2077,"date":"2017-03-08T22:23:48","date_gmt":"2017-03-08T22:23:48","guid":{"rendered":"http:\/\/ricardovicentelopez.com.ar\/?p=2077"},"modified":"2017-03-08T22:23:48","modified_gmt":"2017-03-08T22:23:48","slug":"mirando-al-mundo-xlviii-de-que-se-trata-la-posverdad-columna-98-8-3-17","status":"publish","type":"post","link":"https:\/\/ricardovicentelopez.com.ar\/?p=2077","title":{"rendered":"Mirando al mundo XLVIII\u2013 De qu\u00e9 se trata la posverdad -columna 98 \u2013 8-3-17  \u00a0"},"content":{"rendered":"<p style=\"text-align: justify;\">Lo dicho en columnas anteriores respecto de la mentira como t\u00e9cnica o estrategia de la informaci\u00f3n de los grandes medios, merece ahora un an\u00e1lisis m\u00e1s detallado. Un punto de referencia incuestionable lo encontramos en el discurso que el General Eisenhower pronunci\u00f3 en 1961, en el acto de trasmisi\u00f3n de la presidencia a John F. Kennedy. All\u00ed afirm\u00f3:<\/p>\n<p style=\"text-align: justify; padding-left: 30px;\">Esta conjunci\u00f3n de un inmenso sistema militar y una gran industria armament\u00edstica es algo nuevo para la experiencia norteamericana. <span style=\"text-decoration: underline;\">Su influencia total (econ\u00f3mica, pol\u00edtica, incluso espiritual) es palpable en cada ciudad, cada parlamento estatal y cada departamento del gobierno federal. Existe y existir\u00e1n circunstancias que har\u00e1n posible que surjan poderes en lugares indebidos, con efectos desastrosos<\/span>. <span style=\"text-decoration: underline;\">Nunca deberemos permitir que el peso de esta combinaci\u00f3n ponga en peligro nuestras libertades y nuestros procesos democr\u00e1ticos<\/span>.<\/p>\n<p style=\"text-align: justify;\">Doce a\u00f1os despu\u00e9s, en el encuentro que realiz\u00f3 la<em> Conferencia Nacional sobre la Reforma de los Medios<\/em> se volvi\u00f3 a tratar el tema y se inform\u00f3 que la concentraci\u00f3n de los medios de comunicaci\u00f3n en EE.UU., y las estrategias para frenarla, fueron el tema central. En la reuni\u00f3n posterior del 2008 se debati\u00f3 otra vez el tema de los medios y sus dificultades para la libertad de expresi\u00f3n:<\/p>\n<p style=\"text-align: justify; padding-left: 30px;\">En esa oportunidad se realiz\u00f3 una encuesta entre los miles de participantes para estudiar las ideas que imperaban. Una de las preguntas de esa encuesta consultaba <span style=\"text-decoration: underline;\">si cre\u00edan en la existencia de un<\/span> <em><span style=\"text-decoration: underline;\">complejo militar-industrial-medi\u00e1tico<\/span><\/em> <span style=\"text-decoration: underline;\">que promueve la dominaci\u00f3n militar mundial de EEUU: El 87% dijo que s\u00ed.<\/span> La expresi\u00f3n <em>complejo-industrial-militar<\/em> se enriqueci\u00f3 con el agregado de <em>medi\u00e1tico<\/em>, como un modo de referirse a la nueva complejidad que se detectaba a partir de la d\u00e9cada de los ochenta. <span style=\"text-decoration: underline;\">Los participantes coincidieron sobre el crecimiento del<\/span> <span style=\"text-decoration: underline;\">poderoso grupo de dominaci\u00f3n global que existe dentro del gobierno de EEUU, en los medios y en la estructura pol\u00edtica nacional, que se extiende por sobre el planeta. Esa estructura est\u00e1 compuesta por un grupo neo-conservador de unos pocos cientos de miembros comparten la meta de afirmar la potencia militar estadounidense en todo el mundo<\/span>.<\/p>\n<p style=\"text-align: justify;\">Agrega la p\u00e1gina www.democracynow.org sobre el tema:<\/p>\n<p style=\"text-align: justify; padding-left: 30px;\">Este <em>Grupo Global de Dominaci\u00f3n<\/em>, se ha convertido en una poderosa fuerza a largo plazo en unilateralismo militar y procesos pol\u00edticos de EEUU, en el que cooperan los grandes contratistas militares, los medios corporativos y las fundaciones conservadoras.<\/p>\n<p style=\"text-align: justify;\">Este poder, que fue creciendo desde la Guerra Fr\u00eda, per\u00edodo que comienza con el final de la Segunda Guerra (1945), se prolong\u00f3 hasta la disoluci\u00f3n de la Uni\u00f3n Sovi\u00e9tica (1991). A partir del 11 de septiembre, con el atentado contra las Torres Gemelas (2001) increment\u00f3 su poder adquiriendo la forma de <em>Guerra Global al Terrorismo<\/em>. La <em>Conferencia Nacional sobre la Reforma de los Medios<\/em> defini\u00f3 cu\u00e1l era el estado del problema:<\/p>\n<p style=\"text-align: justify; padding-left: 30px;\"><span style=\"text-decoration: underline;\">La agenda de dominaci\u00f3n global tambi\u00e9n incluye la penetraci\u00f3n en los Directorios de los grandes\u00a0 medios corporativos en EEUU<\/span>. En 2006 solo 118 personas ten\u00edan la calidad de miembro de las juntas directivas de los diez mega-grupos del \u201cbig media\u201d<a href=\"#_ftn1\" name=\"_ftnref1\">[1]<\/a>. Estos mismos 118 individuos se sentaban al mismo tiempo en los Consejos Directivos de 288 corporaciones nacionales y transnacionales. Cuatro de las diez mayores corporaciones de medios tienen en sus juntas directivas representantes de las mayores compa\u00f1\u00edas contratistas del ministerio de Defensa: William Kennard: New York Times, Carlyle Group.- Douglas Warner III, GE (NBC), Bechtel.- John Bryson: Disney (ABC), Boeing.- Alwyn Lewis: Disney (ABC), Halliburton.- Douglas McCorkindale: Gannett, Lockheed-Martin.<\/p>\n<p style=\"text-align: justify;\">Esta dominaci\u00f3n pol\u00edtica y militar sobre la informaci\u00f3n internacional, que se fue consolidando por la compra de los medios de comunicaci\u00f3n m\u00e1s importantes por parte de empresas multinacionales, han logrado un control total sobre la informaci\u00f3n que circula en el escenario internacional: qu\u00e9 se publica, qu\u00e9 se oculta, qu\u00e9 se tergiversa, todo se resuelve en un peque\u00f1o c\u00edrculo de grandes empresarios que disponen de un cuerpo de periodistas mercenarios a su servicio. Hay un viejo dicho: \u201cCuando comienza la guerra la primera v\u00edctima es la verdad\u201d. Pues bien estamos en guerra, guerra que en realidad nunca se detuvo desde 1945 hasta hoy.<\/p>\n<p style=\"text-align: justify;\">Ahora puede quedar m\u00e1s claro que la <em>posverdad<\/em> es la confesi\u00f3n de la <em>mentira permanente<\/em> que ha sido publicada.<\/p>\n<p style=\"text-align: justify;\"><a href=\"#_ftnref1\" name=\"_ftn1\">[1]<\/a> Es un conglomerado de empresas que posee un gran n\u00famero de empresas de diversos medios de comunicaci\u00f3n como la televisi\u00f3n, la radio, la edici\u00f3n, las pel\u00edculas y la Internet.<\/p>\n","protected":false},"excerpt":{"rendered":"<p>Lo dicho en columnas anteriores respecto de la mentira como t\u00e9cnica o estrategia de la informaci\u00f3n de los grandes medios, merece ahora un an\u00e1lisis m\u00e1s detallado. Un punto de referencia incuestionable lo encontramos en el discurso que el General Eisenhower pronunci\u00f3 en 1961, en el acto de trasmisi\u00f3n de la presidencia a John F. Kennedy. [&hellip;]<\/p>\n","protected":false},"author":1,"featured_media":0,"comment_status":"open","ping_status":"open","sticky":false,"template":"","format":"standard","meta":{"footnotes":""},"categories":[1],"tags":[],"class_list":["post-2077","post","type-post","status-publish","format-standard","hentry","category-sin-categoria"],"_links":{"self":[{"href":"https:\/\/ricardovicentelopez.com.ar\/index.php?rest_route=\/wp\/v2\/posts\/2077","targetHints":{"allow":["GET"]}}],"collection":[{"href":"https:\/\/ricardovicentelopez.com.ar\/index.php?rest_route=\/wp\/v2\/posts"}],"about":[{"href":"https:\/\/ricardovicentelopez.com.ar\/index.php?rest_route=\/wp\/v2\/types\/post"}],"author":[{"embeddable":true,"href":"https:\/\/ricardovicentelopez.com.ar\/index.php?rest_route=\/wp\/v2\/users\/1"}],"replies":[{"embeddable":true,"href":"https:\/\/ricardovicentelopez.com.ar\/index.php?rest_route=%2Fwp%2Fv2%2Fcomments&post=2077"}],"version-history":[{"count":1,"href":"https:\/\/ricardovicentelopez.com.ar\/index.php?rest_route=\/wp\/v2\/posts\/2077\/revisions"}],"predecessor-version":[{"id":2078,"href":"https:\/\/ricardovicentelopez.com.ar\/index.php?rest_route=\/wp\/v2\/posts\/2077\/revisions\/2078"}],"wp:attachment":[{"href":"https:\/\/ricardovicentelopez.com.ar\/index.php?rest_route=%2Fwp%2Fv2%2Fmedia&parent=2077"}],"wp:term":[{"taxonomy":"category","embeddable":true,"href":"https:\/\/ricardovicentelopez.com.ar\/index.php?rest_route=%2Fwp%2Fv2%2Fcategories&post=2077"},{"taxonomy":"post_tag","embeddable":true,"href":"https:\/\/ricardovicentelopez.com.ar\/index.php?rest_route=%2Fwp%2Fv2%2Ftags&post=2077"}],"curies":[{"name":"wp","href":"https:\/\/api.w.org\/{rel}","templated":true}]}}