{"id":2072,"date":"2017-03-02T02:28:33","date_gmt":"2017-03-02T02:28:33","guid":{"rendered":"http:\/\/ricardovicentelopez.com.ar\/?p=2072"},"modified":"2017-03-02T02:28:33","modified_gmt":"2017-03-02T02:28:33","slug":"mirando-al-mundo-xlvii-de-que-se-trata-la-posverdad-columna-no-97-1-3-17","status":"publish","type":"post","link":"https:\/\/ricardovicentelopez.com.ar\/?p=2072","title":{"rendered":"Mirando al mundo XLVII\u2013 De qu\u00e9 se trata la posverdad &#8211; columna N\u00ba 97\u00a0\u2013 1-3-17"},"content":{"rendered":"<p style=\"text-align: justify;\">Las reflexiones de las columnas anteriores sobre el impacto del concepto <em>posverdad<\/em> en el mundo occidental, tiene un riesgo probable de arrojarnos a un desierto de desesperanzas, escepticismos, incredulidades, desalientos, respecto de un futuro que pinta la amenaza de un horizonte negro. Acudir a las viejas recetas del refranero popular: \u201csiempre que llovi\u00f3 par\u00f3\u201d, \u201cPor muy larga que sea la tormenta, el sol siempre vuelve a brillar entre las nubes\u201d, o similares pueden tener una dosis de sabidur\u00eda muy interesante, pero gran parte de los ciudadanos de a pie necesitan razones de m\u00e1s peso que arrojen un poco de claridad y tranquilidad sobre este problema.<\/p>\n<p style=\"text-align: justify;\">Lo primero que debo decir, aunque sirva de poco para calmar las ansiedades, pero que es necesario para un an\u00e1lisis racional sobre el tema, es tomar conciencia que este fen\u00f3meno que deton\u00f3 el a\u00f1o pasado con el anuncio de la Universidad de Oxford, es el resultado de un muy largo proceso. Se puede reconocer un punto arbitrario de inicio, s\u00f3lo como para ayudar a la reflexi\u00f3n, la Segunda Posguerra, aunque en realidad es muy anterior \u2500cosa que veremos en una pr\u00f3xima \u00a0columna\u2500.<\/p>\n<p style=\"text-align: justify;\">Para ubicarnos en la situaci\u00f3n actual leamos este aporte del escritor y periodista, presidente de Comunicadores de la Argentina (COMUNA), Hugo Muleiro:<\/p>\n<p style=\"text-align: justify; padding-left: 30px;\">Hay una suposici\u00f3n bastante extendida seg\u00fan la cual estamos sometidos a un flujo de informaci\u00f3n \u00a0muy superior al que podemos procesar. En el oc\u00e9ano de datos al que fuimos lanzados, nos manejar\u00edamos tambi\u00e9n con torpeza si nos qued\u00e1ramos \u00fanicamente en la corriente de la informaci\u00f3n. En esa condici\u00f3n deber\u00edamos intentar bracear entre las noticias de actualidad y las opiniones, abiertas o disimuladas, que siempre traen como parte del mensaje. <span style=\"text-decoration: underline;\">Esta saturaci\u00f3n es netamente favorable a un poder que precisa, para sus avances, un adormecimiento generalizado, la pasividad de porciones significativas del cuerpo social, millones de personas recostadas en un pu\u00f1ado de afirmaciones simples y terminantes que, de momento, no sean discutidas, ya instaladas en un trabajo de varios a\u00f1os, mediante el mecanismo de una repetici\u00f3n ininterrumpida y bien dise\u00f1ada<\/span>.<\/p>\n<p style=\"text-align: justify;\">La situaci\u00f3n que describe es el resultado de d\u00e9cadas de <em>educaci\u00f3n<\/em>, de <em>formaci\u00f3n<\/em>, de <em>adiestramiento<\/em>, de <em>aprendizaje<\/em> (pr\u00e9stese atenci\u00f3n a las palabras porque pueden molestar a un lector no iniciado en estos an\u00e1lisis) a trav\u00e9s del cual el sistema internacional de informaciones, fue preparando al p\u00fablico consumidor para que estuviera en condiciones de absorber todo lo que se le ofreciera. Para ello, mediante una perseverante pedagog\u00eda, sus representantes en el mundo global desempe\u00f1aron una inteligente y eficaz tarea.<\/p>\n<p style=\"text-align: justify;\">Si esta afirmaci\u00f3n lo puede tomar desprevenido, estimado lector, le sugiero un ejercicio, no f\u00e1cil y accesible, pero que podr\u00eda echar luz sobre esto: busque un peri\u00f3dico de medio siglo atr\u00e1s y comp\u00e1relo con los actuales. Si tiene edad suficiente para tenerlo en la memoria le ser\u00e1 mucho m\u00e1s f\u00e1cil; otro ejercicio: puede ser consultar con personas mayores de su familia. Todo ello lo aproximar\u00e1 al problema que estoy tratando: tomar conciencia de los cambios que se han producido.<\/p>\n<p style=\"text-align: justify;\">El Licenciado en Ciencias de la Comunicaci\u00f3n (UBA), Javier Borelli, nos pinta un cuadro del fen\u00f3meno actual:<\/p>\n<p style=\"text-align: justify; padding-left: 30px;\">\u00abLa posverdad no es una condici\u00f3n de las cosas. Es un t\u00e9rmino que se acu\u00f1a para dar sentido a que la realidad objetiva importa menos\u00bb, explica Pablo Boczkowski, doctor en Estudios de Ciencia y Tecnolog\u00eda por la Universidad de Cornell (EE UU) y agrega: \u00abUno puede decir que Clar\u00edn o P\u00e1gina 12 tienen diferencias enormes en la interpretaci\u00f3n de los hechos, pero los hechos no son los mismos. En las redes sociales, sin embargo, hay tanta informaci\u00f3n que uno empieza a dudar: \u00bfQu\u00e9 es cierto y qu\u00e9 no?\u00bb. Lo que no hacemos conscientemente es reflexionar sobre cu\u00e1nta de la informaci\u00f3n que consumimos la obtenemos de ese espacio y c\u00f3mo nos afecta.<\/p>\n<p style=\"text-align: justify;\">\u00bf Qu\u00e9 \u00a0nos aportan estas palabras? Que la realidad de las \u00fa ltimas d\u00e9 cadas ha cambiado, porque la Historia no se detiene. Pero la <em>posverdad<\/em> nos coloca ante la evidencia que las interpretaciones de hoy, a diferencia de las de ayer, son manipuladas profesionalmente, al servicio claro, cuando se lo comienza a detectar, de generar dos grandes tipos de receptores de informaci\u00f3n: lo ingenuos (sin la menor intenci\u00f3n peyorativa) que aceptan como <em>verdad<\/em> todo lo que reciben y los <em>esc\u00e9pticos<\/em> a los que ya no les interesa la verdad, porque no creen en ella.<\/p>\n<p style=\"text-align: justify;\">Les dejo un interrogante: \u00bfqui\u00e9nes se benefician con todo ello?<\/p>\n<p style=\"text-align: justify;\">\n","protected":false},"excerpt":{"rendered":"<p>Las reflexiones de las columnas anteriores sobre el impacto del concepto posverdad en el mundo occidental, tiene un riesgo probable de arrojarnos a un desierto de desesperanzas, escepticismos, incredulidades, desalientos, respecto de un futuro que pinta la amenaza de un horizonte negro. Acudir a las viejas recetas del refranero popular: \u201csiempre que llovi\u00f3 par\u00f3\u201d, \u201cPor [&hellip;]<\/p>\n","protected":false},"author":1,"featured_media":0,"comment_status":"open","ping_status":"open","sticky":false,"template":"","format":"standard","meta":{"footnotes":""},"categories":[1],"tags":[],"class_list":["post-2072","post","type-post","status-publish","format-standard","hentry","category-sin-categoria"],"_links":{"self":[{"href":"https:\/\/ricardovicentelopez.com.ar\/index.php?rest_route=\/wp\/v2\/posts\/2072","targetHints":{"allow":["GET"]}}],"collection":[{"href":"https:\/\/ricardovicentelopez.com.ar\/index.php?rest_route=\/wp\/v2\/posts"}],"about":[{"href":"https:\/\/ricardovicentelopez.com.ar\/index.php?rest_route=\/wp\/v2\/types\/post"}],"author":[{"embeddable":true,"href":"https:\/\/ricardovicentelopez.com.ar\/index.php?rest_route=\/wp\/v2\/users\/1"}],"replies":[{"embeddable":true,"href":"https:\/\/ricardovicentelopez.com.ar\/index.php?rest_route=%2Fwp%2Fv2%2Fcomments&post=2072"}],"version-history":[{"count":1,"href":"https:\/\/ricardovicentelopez.com.ar\/index.php?rest_route=\/wp\/v2\/posts\/2072\/revisions"}],"predecessor-version":[{"id":2073,"href":"https:\/\/ricardovicentelopez.com.ar\/index.php?rest_route=\/wp\/v2\/posts\/2072\/revisions\/2073"}],"wp:attachment":[{"href":"https:\/\/ricardovicentelopez.com.ar\/index.php?rest_route=%2Fwp%2Fv2%2Fmedia&parent=2072"}],"wp:term":[{"taxonomy":"category","embeddable":true,"href":"https:\/\/ricardovicentelopez.com.ar\/index.php?rest_route=%2Fwp%2Fv2%2Fcategories&post=2072"},{"taxonomy":"post_tag","embeddable":true,"href":"https:\/\/ricardovicentelopez.com.ar\/index.php?rest_route=%2Fwp%2Fv2%2Ftags&post=2072"}],"curies":[{"name":"wp","href":"https:\/\/api.w.org\/{rel}","templated":true}]}}