{"id":2070,"date":"2017-02-28T18:52:44","date_gmt":"2017-02-28T18:52:44","guid":{"rendered":"http:\/\/ricardovicentelopez.com.ar\/?p=2070"},"modified":"2017-02-28T18:52:44","modified_gmt":"2017-02-28T18:52:44","slug":"xii-reflexiones-sobre-la-politica-los-origenes-del-imperio-lu3-28-2-17","status":"publish","type":"post","link":"https:\/\/ricardovicentelopez.com.ar\/?p=2070","title":{"rendered":"XII.- Reflexiones sobre la pol\u00edtica \u2013 Los or\u00edgenes del Imperio &#8211;\u00a0LU3\u00a0\u2013 28-2-17"},"content":{"rendered":"<p style=\"text-align: justify;\">Para avanzar en un tema que para muchos <em>ciudadanos de a pie<\/em>, ajenos a este tipo de temas, puede parecerse m\u00e1s a una novela o a una pel\u00edcula de Hollywood, m\u00e1s o menos interesante, pero dif\u00edcil de creer en el escenario real de la Historia. No debe sorprendernos este hecho, dado que lo que hemos analizado contradice las versiones oficiales de los hechos hist\u00f3ricos. Esta realidad s\u00f3lo puede ser explicada por la capacidad manipuladora de los medios y agencias de noticias concentradas en unas pocas manos: las multinacionales.<\/p>\n<p style=\"text-align: justify;\">Creo necesario recordar del discurso de 1961 del Gral. Eisenhower, analizado en columnas anteriores, el fragmento siguiente:<\/p>\n<p style=\"text-align: justify; padding-left: 30px;\">Esta conjunci\u00f3n de un inmenso sistema militar y una gran industria armament\u00edstica es algo nuevo para la experiencia norteamericana. <span style=\"text-decoration: underline;\">Su influencia total (econ\u00f3mica, pol\u00edtica, incluso espiritual) es palpable en cada ciudad, cada parlamento estatal y cada departamento del gobierno federal. Existe y existir\u00e1n circunstancias que har\u00e1n posible que surjan poderes en lugares indebidos, con efectos desastrosos<\/span>. <span style=\"text-decoration: underline;\">Nunca deberemos permitir que el peso de esta combinaci\u00f3n ponga en peligro nuestras libertades y nuestros procesos democr\u00e1ticos<\/span>.<\/p>\n<p style=\"text-align: justify;\">Subrayo lo dicho respecto de <em>la relaci\u00f3n que da por existente \u2500<\/em>entre lo militar y la democracia\u2500<em> con riegos serios de crecer<\/em>. Todo ello se concret\u00f3 en las d\u00e9cadas siguientes. A pesar de esa advertencia, como es f\u00e1cil comprender, no se logr\u00f3 \u00a0evitar los acontecimientos que ocurrieron despu\u00e9s de ese d\u00eda. Por ejemplo: al asesinato de J. F. Kennedy, la invasi\u00f3n a Vietnam y las cantidades de guerras en las cuales las fuerzas militares participaron, y siguen participando, con consecuencias tenebrosas. El mundo de hoy est\u00e1 atravesado por una cantidad muy importante de conflictos b\u00e9licos, muchos de los cuales no aparecieron en la informaci\u00f3n p\u00fablica. Si nuestro <em>ciudadano de a pie<\/em> tuviera una m\u00ednima conciencia de la realidad de ese panorama, creo, deseo o espero, que reaccionar\u00eda de otro modo.<\/p>\n<p style=\"text-align: justify;\">Lo que estoy comentando no ha escapado a la preocupaci\u00f3n de sectores importantes del mundo actual. Son temas que est\u00e1n constantemente sobre las mesas de encuentros y conferencias\u2026 pero no parecen merecer un lugar en los medios m\u00e1s importantes. Esta pared entre el conocimiento del p\u00fablico general y los hechos es analizada constantemente. Debo destacar el agregado a los riesgos ya mencionados del papel de los medios de informaci\u00f3n. Es el caso del encuentro del 7-11-2003, que nos informa la p\u00e1gina www.rebelion.org:<\/p>\n<p style=\"text-align: justify; padding-left: 30px;\">La concentraci\u00f3n de los medios de comunicaci\u00f3n en EE.UU., y las estrategias para frenarla, fueron el tema central de la \u00abConferencia Nacional sobre Reforma de los Medios\u00bb, realizada del 7 al 9 de noviembre en Madison, Wisconsin. El ex candidato presidencial afroamericano, Reverendo Jesse Jackson, en el acto de clausura, expres\u00f3 la preocupaci\u00f3n con estas palabras: \u00abHoy estamos en guerra. La informaci\u00f3n es el ox\u00edgeno para la mente y nos est\u00e1n asfixiando por falta de informaci\u00f3n\u00bb.<\/p>\n<p style=\"text-align: justify;\">En la reuni\u00f3n posterior en EEUU de la <em>Conferencia Nacional sobre la Reforma de los Medios (NCMR)<\/em>, (2008) se debati\u00f3 \u00a0el tema de los medios y sus dificultades para la libertad de expresi\u00f3n.<\/p>\n<p style=\"text-align: justify;\">La p\u00e1gina <a href=\"http:\/\/www.democracynow.org\">www.democracynow.org<\/a> inform\u00f3 que:<\/p>\n<p style=\"text-align: justify; padding-left: 30px;\">En esa oportunidad se realiz\u00f3 una encuesta entre los miles de participantes para estudiar las ideas que imperaban. Una de las preguntas de esa encuesta se refer\u00eda a si cre\u00edan en la existencia de un <em><span style=\"text-decoration: underline;\">complejo militar-industrial-medi\u00e1tico<\/span><\/em> <span style=\"text-decoration: underline;\">que promueve la dominaci\u00f3n militar mundial de EEUU: El 87% dijo que s\u00ed.<\/span> La expresi\u00f3n <em>complejo-industrial-militar<\/em> se enriqueci\u00f3 con el agregado de <em>medi\u00e1tico<\/em>, como un modo nuevo de referirse a la nueva complejidad que se detectaba de la d\u00e9cada de los ochenta en adelante.<\/p>\n<p style=\"text-align: justify;\">Los participantes coincidieron sobre el crecimiento del <em>poderoso grupo de dominaci\u00f3n global que existe dentro del gobierno de EEUU, de los medios y en la estructura pol\u00edtica nacional<\/em>, <em>que se extiende por sobre el planeta<\/em>: un grupo neo-conservador de unos pocos cientos de miembros comparten la meta de afirmar la potencia militar estadounidense en todo el mundo. Agrega <span style=\"color: #000000;\"><a style=\"color: #000000;\" href=\"http:\/\/www.democracynow.org\">www.democracynow.org<\/a>:<\/span><\/p>\n<p style=\"text-align: justify;\">Este <em>Grupo Global de Dominaci\u00f3n<\/em>, se ha convertido en una poderosa fuerza a largo plazo en unilateralismo militar y procesos pol\u00edticos de EEUU, en cooperaci\u00f3n con los grandes contratistas militares, los medios corporativos y las fundaciones conservadoras.<\/p>\n<p style=\"text-align: justify;\">Este poder creci\u00f3 durante la Guerra Fr\u00eda, per\u00edodo que comienza con el final de la Segunda Guerra (1945) y se prolong\u00f3 hasta la disoluci\u00f3n de la Uni\u00f3n Sovi\u00e9tica (1991). A partir del 11 de septiembre, atentado contra las Torres Gemelas (2001) se increment\u00f3 con la Guerra Global al Terrorismo.<\/p>\n","protected":false},"excerpt":{"rendered":"<p>Para avanzar en un tema que para muchos ciudadanos de a pie, ajenos a este tipo de temas, puede parecerse m\u00e1s a una novela o a una pel\u00edcula de Hollywood, m\u00e1s o menos interesante, pero dif\u00edcil de creer en el escenario real de la Historia. No debe sorprendernos este hecho, dado que lo que hemos [&hellip;]<\/p>\n","protected":false},"author":1,"featured_media":0,"comment_status":"open","ping_status":"open","sticky":false,"template":"","format":"standard","meta":{"footnotes":""},"categories":[1],"tags":[],"class_list":["post-2070","post","type-post","status-publish","format-standard","hentry","category-sin-categoria"],"_links":{"self":[{"href":"https:\/\/ricardovicentelopez.com.ar\/index.php?rest_route=\/wp\/v2\/posts\/2070","targetHints":{"allow":["GET"]}}],"collection":[{"href":"https:\/\/ricardovicentelopez.com.ar\/index.php?rest_route=\/wp\/v2\/posts"}],"about":[{"href":"https:\/\/ricardovicentelopez.com.ar\/index.php?rest_route=\/wp\/v2\/types\/post"}],"author":[{"embeddable":true,"href":"https:\/\/ricardovicentelopez.com.ar\/index.php?rest_route=\/wp\/v2\/users\/1"}],"replies":[{"embeddable":true,"href":"https:\/\/ricardovicentelopez.com.ar\/index.php?rest_route=%2Fwp%2Fv2%2Fcomments&post=2070"}],"version-history":[{"count":1,"href":"https:\/\/ricardovicentelopez.com.ar\/index.php?rest_route=\/wp\/v2\/posts\/2070\/revisions"}],"predecessor-version":[{"id":2071,"href":"https:\/\/ricardovicentelopez.com.ar\/index.php?rest_route=\/wp\/v2\/posts\/2070\/revisions\/2071"}],"wp:attachment":[{"href":"https:\/\/ricardovicentelopez.com.ar\/index.php?rest_route=%2Fwp%2Fv2%2Fmedia&parent=2070"}],"wp:term":[{"taxonomy":"category","embeddable":true,"href":"https:\/\/ricardovicentelopez.com.ar\/index.php?rest_route=%2Fwp%2Fv2%2Fcategories&post=2070"},{"taxonomy":"post_tag","embeddable":true,"href":"https:\/\/ricardovicentelopez.com.ar\/index.php?rest_route=%2Fwp%2Fv2%2Ftags&post=2070"}],"curies":[{"name":"wp","href":"https:\/\/api.w.org\/{rel}","templated":true}]}}