{"id":2064,"date":"2017-02-15T21:45:57","date_gmt":"2017-02-15T21:45:57","guid":{"rendered":"http:\/\/ricardovicentelopez.com.ar\/?p=2064"},"modified":"2017-02-15T21:45:57","modified_gmt":"2017-02-15T21:45:57","slug":"mirando-al-mundo-xlv-de-que-se-trata-la-posverdad-columna-no-95-15-2-17","status":"publish","type":"post","link":"https:\/\/ricardovicentelopez.com.ar\/?p=2064","title":{"rendered":"Mirando al mundo XLV\u2013 De qu\u00e9 se trata la posverdad\u00a0\u2013Columna N\u00ba 95 &#8211; 15-2-17"},"content":{"rendered":"<p style=\"text-align: justify;\">Avancemos un poco m\u00e1s sobre este tema de la <em>posverdad<\/em>. Dadas las repercusiones que produjo la elecci\u00f3n de esa palabra por el diccionario de la Universidad de Oxford aparecieron algunos comentarios muy interesantes, as\u00ed como sorprendentes, respecto de este nuevo vocablo ofreci\u00f3. Sintetizo algunos de ellos:<\/p>\n<p style=\"text-align: justify; padding-left: 30px;\">Con el neologismo post-truth se denomina en ingl\u00e9s lo relativo a las circunstancias en las que los hechos objetivos influyen menos que los llamamientos a la emoci\u00f3n y a la creencia personal,<span style=\"text-decoration: underline;\"> a la <em>hora de modelar la opini\u00f3n p\u00fablica<\/em><\/span>. Esto se verifica en los cambios del lenguaje p\u00fablico que muestran que la palabra pas\u00f3 de ocupar un lugar perif\u00e9rico, en el uso cotidiano, a ser eje de los comentarios pol\u00edticos. La importancia fundamental de ella no es lo que dice sino lo que denuncia, respecto de la <span style=\"text-decoration: underline;\">condici\u00f3n <em>corrompida<\/em> y <em>corruptora <\/em>en la que se encuentra la opini\u00f3n p\u00fablica<\/span>. A la vez, asume que la verdad ya no importa por lo que la comunicaci\u00f3n, como consecuencia de ello, ha entrado en <span style=\"text-decoration: underline;\">una era que comienza a definirse por haber dejado atr\u00e1s el valor de la verdad pol\u00edtica<\/span>.<\/p>\n<p style=\"text-align: justify;\">La traducci\u00f3n de la palabra inglesa por el vocablo castellano <em>posverdad<\/em> tuvo aceptaci\u00f3n de los especialistas, ya que consideraron v\u00e1lido que:<\/p>\n<p style=\"text-align: justify; padding-left: 30px;\">El prefijo post\u2013 forma numerosos derivados en los que no solo a\u00f1ade el significado de \u2018detr\u00e1s\u2019 o \u2018despu\u00e9s de\u2019, <span style=\"text-decoration: underline;\">sino que aporta la idea de que lo que queda atr\u00e1s est\u00e1, de alg\u00fan modo, superado o que deja de ser relevante<\/span>.<\/p>\n<p style=\"text-align: justify;\">Estos comentarios olvidan que este prefijo <em>pos<\/em> adquiri\u00f3, a partir de la Segunda Guerra una vigencia que s\u00f3lo ahora se percibe: se habl\u00f3 de <em>posguerra<\/em>, como tambi\u00e9n en los a\u00f1os ochenta, la <em>Tercera Revoluci\u00f3n industrial<\/em> dio lugar a una era <em>posindustrial<\/em>; tambi\u00e9n en la d\u00e9cada de los noventa se dijo que comenzaba la etapa <em>pospol\u00edtica<\/em> y poco despu\u00e9s se la denomin\u00f3 <em>posideol\u00f3gica<\/em>. Entonces lo <em>pos<\/em> no es una novedad, lo nuevo es confesar lo que he citado m\u00e1s arriba.<\/p>\n<p style=\"text-align: justify;\">En la columna anterior cit\u00e9 a la escritora Irene Lozano que, con un dejo de amarga iron\u00eda, se\u00a0 queja del estado cultural europeo, cuna de todo esto, que muestra un grado de descomposici\u00f3n importante, caracterizado por el escepticismo, el nihilismo, la sinraz\u00f3n de la vida, la p\u00e9rdida de un horizonte que oriente hacia d\u00f3nde se va, etc. Esta etapa que comienza posiblemente en las d\u00e9cadas denominadas de <em>posguerra<\/em>, abrieron un camino en el que se comenz\u00f3 a hablar en la d\u00e9cada de los ochenta de la <em>posmodernidad<\/em> (otro pos), un concepto m\u00e1s abarcador e inclusivo. Con \u00e9l apareci\u00f3 una especie de paragua bajo el cual <em>todo lo que hab\u00eda sucedido pod\u00eda ser explicado<\/em>.<\/p>\n<p style=\"text-align: justify;\">El soci\u00f3logo Diego E. Litvinoff lo plantea as\u00ed:<\/p>\n<p style=\"text-align: justify; padding-left: 30px;\">Pero como sucede ante la aparici\u00f3n de todo neologismo, conviene preguntarse hasta qu\u00e9 punto responde a una necesidad de la lengua que no encuentra otra palabra en los conceptos preexistentes. Esto \u00faltimo fue lo que sucedi\u00f3 cuando <span style=\"text-decoration: underline;\">las contradicciones de la modernidad, que el neoliberalismo exacerb\u00f3 a fines del siglo pasado: la posmoderna, no sorprender\u00e1 encontrar la misma estrechez de miras en quienes tambi\u00e9n anteponen el prefijo \u201cpos\u201d al concepto de verdad para indicar su supuesta superaci\u00f3n<\/span>.<\/p>\n<p style=\"text-align: justify;\">Que el origen de todo esto sea Europa no deber\u00eda sorprendernos \u00bfqu\u00e9 est\u00e1 sucediendo para que la cuna de la cultura occidental moderna est\u00e9 terminando as\u00ed? Podr\u00edamos decir con Discepol\u00edn: \u00abNunca so\u00f1\u00e9 que la ver\u00eda en un <em>requiescat in pace<\/em><a href=\"#_ftn1\" name=\"_ftnref1\">[1]<\/a> tan cruel como el de hoy\u00bb.<\/p>\n<p style=\"text-align: justify;\">\n<p style=\"text-align: justify;\"><a href=\"#_ftnref1\" name=\"_ftn1\">[1]<\/a> La traducci\u00f3n del lat\u00edn es: \u201cque descanse en paz\u201d, una frase de la liturgia cat\u00f3lica para alguien fallecido.<\/p>\n","protected":false},"excerpt":{"rendered":"<p>Avancemos un poco m\u00e1s sobre este tema de la posverdad. Dadas las repercusiones que produjo la elecci\u00f3n de esa palabra por el diccionario de la Universidad de Oxford aparecieron algunos comentarios muy interesantes, as\u00ed como sorprendentes, respecto de este nuevo vocablo ofreci\u00f3. Sintetizo algunos de ellos: Con el neologismo post-truth se denomina en ingl\u00e9s lo [&hellip;]<\/p>\n","protected":false},"author":1,"featured_media":0,"comment_status":"open","ping_status":"open","sticky":false,"template":"","format":"standard","meta":{"footnotes":""},"categories":[1],"tags":[],"class_list":["post-2064","post","type-post","status-publish","format-standard","hentry","category-sin-categoria"],"_links":{"self":[{"href":"https:\/\/ricardovicentelopez.com.ar\/index.php?rest_route=\/wp\/v2\/posts\/2064","targetHints":{"allow":["GET"]}}],"collection":[{"href":"https:\/\/ricardovicentelopez.com.ar\/index.php?rest_route=\/wp\/v2\/posts"}],"about":[{"href":"https:\/\/ricardovicentelopez.com.ar\/index.php?rest_route=\/wp\/v2\/types\/post"}],"author":[{"embeddable":true,"href":"https:\/\/ricardovicentelopez.com.ar\/index.php?rest_route=\/wp\/v2\/users\/1"}],"replies":[{"embeddable":true,"href":"https:\/\/ricardovicentelopez.com.ar\/index.php?rest_route=%2Fwp%2Fv2%2Fcomments&post=2064"}],"version-history":[{"count":1,"href":"https:\/\/ricardovicentelopez.com.ar\/index.php?rest_route=\/wp\/v2\/posts\/2064\/revisions"}],"predecessor-version":[{"id":2065,"href":"https:\/\/ricardovicentelopez.com.ar\/index.php?rest_route=\/wp\/v2\/posts\/2064\/revisions\/2065"}],"wp:attachment":[{"href":"https:\/\/ricardovicentelopez.com.ar\/index.php?rest_route=%2Fwp%2Fv2%2Fmedia&parent=2064"}],"wp:term":[{"taxonomy":"category","embeddable":true,"href":"https:\/\/ricardovicentelopez.com.ar\/index.php?rest_route=%2Fwp%2Fv2%2Fcategories&post=2064"},{"taxonomy":"post_tag","embeddable":true,"href":"https:\/\/ricardovicentelopez.com.ar\/index.php?rest_route=%2Fwp%2Fv2%2Ftags&post=2064"}],"curies":[{"name":"wp","href":"https:\/\/api.w.org\/{rel}","templated":true}]}}