{"id":2059,"date":"2017-02-09T16:12:59","date_gmt":"2017-02-09T16:12:59","guid":{"rendered":"http:\/\/ricardovicentelopez.com.ar\/?p=2059"},"modified":"2017-02-09T16:12:59","modified_gmt":"2017-02-09T16:12:59","slug":"mirando-al-mundo-xliv-de-que-se-trata-la-posverdad-columna-no-94-8-2-17","status":"publish","type":"post","link":"https:\/\/ricardovicentelopez.com.ar\/?p=2059","title":{"rendered":"Mirando al mundo XLIV\u2013 De qu\u00e9 se trata la posverdad\u00a0&#8211; columna N\u00ba 94\u00a0\u2013 8-2-17"},"content":{"rendered":"<p style=\"text-align: justify;\"><em><\/em>El tema de la <em>posverdad<\/em> no pareciera ser tomado en serio por parte de aquellos que pueden ser considerados <em>serios<\/em>. El problema es que este concepto, la <em>posverdad<\/em>, apareci\u00f3 en los medios de comunicaci\u00f3n como referencia a un fen\u00f3meno que ellos <em>parecen padecer<\/em>. En esos medios no abundan los investigadores acad\u00e9micos, pensadores prestigiosos, por el contrario se caracterizan por estar en manos de \u201cgente poco confiable\u201d.<\/p>\n<p style=\"text-align: justify;\">El novedosos concepto es muy poco consistente, evidentemente hip\u00f3crita, pero con pretensiones de alta filosof\u00eda para lo cual no re\u00fane las condiciones necesarias. La escritora, periodista y pol\u00edtica espa\u00f1ola, Irene Lozano (1971) parece haberlo comprendido de ese modo, por el tono de su comentario:<\/p>\n<p style=\"text-align: justify; padding-left: 30px;\">\u00a1Qu\u00e9 concepto tan elegante. Nunca el ocultismo tuvo un nombre tan hermoso. Nunca so\u00f1\u00f3 con ver edulcorada su naturaleza hasta hacerla respetable! Consagrada como palabra del a\u00f1o, s\u00f3lo nos explica que el mundo se ha vuelto ininteligible.<\/p>\n<p style=\"text-align: justify;\">\u00bfPor qu\u00e9 dice esto? Porque la palabra fue elevada a \u201cestrella\u201d como \u201cLa palabra del a\u00f1o\u201d, nada memos que por el Diccionario Oxford, que publica la prestigiosa Universidad de Oxford (Gran Breta\u00f1a). Lo ha hecho por haber constatado un llamativo incremento en su uso, hasta convertirse en un t\u00e9rmino habitual en los an\u00e1lisis pol\u00edticos. Sigue, entonces, nuestra escritora:<\/p>\n<p style=\"text-align: justify; padding-left: 30px;\">Se dir\u00eda que antes \u00e9ramos Denis Diderot\u00a0<a href=\"#_ftn1\" name=\"_ftnref1\">[1]<\/a> (1713-1784) y ahora nos hemos convertido en Homero Simpson. Sospecho que la cosa es m\u00e1s complicada. La verdad y la mentira en todas sus formas han convivido a lo largo de la historia. Lo que caracteriza nuestro tiempo no es el triunfo de la mentira, sino el fin de la herencia ilustrada, acompa\u00f1ado de un profundo desprecio al logos, a las herramientas de la raz\u00f3n.<\/p>\n<p style=\"text-align: justify;\">Analizando el \u00e1mbito en el cual este concepto comenz\u00f3 a ser utilizado, Europa, se puede pensar que es la toma de conciencia de algo que se ven\u00eda incubando desde hace d\u00e9cadas. Irene Lozano rescata una declaraci\u00f3n de un ex ministro brit\u00e1nico Michael Gove, quien dijo: \u00abEste pa\u00eds est\u00e1 harto de expertos\u00bb, podr\u00eda yo agregar gran parte del mundo lo est\u00e1. La escritora se\u00f1ala como antecedente un fen\u00f3meno cultural de Occidente que surgi\u00f3 en Europa como respuesta a las consecuencias de la segunda posguerra: al des\u00e1nimo, a las desilusiones, a la p\u00e9rdida de confianza en la raz\u00f3n, etc.<\/p>\n<p style=\"text-align: justify;\">Es un estado de la conciencia colectiva, una mutaci\u00f3n en la cultura, que descree ahora de los valores de la Modernidad, constituida sobre el valor de la racionalidad. La confianza en que la raz\u00f3n era el instrumento que aseguraba el orden social se desplom\u00f3 cuando Europa se tuvo que hacer cargo de <em>la barbarie que hab\u00eda protagonizado<\/em> en las grandes guerras. Las d\u00e9cadas posteriores mostraron el espejismo de un crecimiento econ\u00f3mico que parec\u00eda augurar un mundo mejor pero fue la etapa de la peor distribuci\u00f3n de la riqueza. La acumulaci\u00f3n en el polo dominante y la pobreza indigna para las grandes mayor\u00edas del planeta fue un resultado insultante.<\/p>\n<p style=\"text-align: justify;\">Entonces la cuesti\u00f3n no es solamente que la gente haya cre\u00eddo las mentiras del discurso de los medios. De hecho, cre\u00edmos vivir en una democracia basada en la libertad de la opini\u00f3n p\u00fablica, la deliberaci\u00f3n y el debate libre de ideas, para beneficio de todos. En esta democracia todo ello fue violado permanentemente. Hoy, por el contrario, la realidad que nos describen los medios se han convertido en una lluvia de im\u00e1genes incoherentes. Esta falta de realidad revela la magnitud de la hipocres\u00eda del periodismo que no nos ayudar a entender nuestra \u00e9poca. Esto no es nuevo, pues ya ocurr\u00eda antes de que se hablara de la posverdad.<\/p>\n<p style=\"text-align: justify;\">Agrega nuestra escritora:<\/p>\n<p style=\"text-align: justify; padding-left: 30px;\">Si las noticias se han convertido en un magma sin significado, esto s\u00f3lo puede querer decir que los medios est\u00e1n haciendo mal su trabajo. As\u00ed, cuando la lluvia de im\u00e1genes se disuelve, el ciudadano de a pie se queda sin un criterio ni una comprensi\u00f3n de la realidad, sino con un malestar difuso, una incertidumbre que constituye el campo abonado para la superstici\u00f3n y la mentira. Lo realmente alarmante es que muchos periodistas, cient\u00edficos, acad\u00e9micos, parecen haber abandonado la idea de que exista una realidad que es posible contar o conocer. Por eso es urgente volcarse en el empe\u00f1o, tambi\u00e9n enunciado por Orwell de \u00abrestaurar lo obvio\u00bb. Esa restauraci\u00f3n, para tener \u00e9xito, habr\u00e1 de empezar en el \u00e1mbito de la cultura.<\/p>\n<p style=\"text-align: justify;\">Continuar\u00e9 en la pr\u00f3xima columna.<\/p>\n<p style=\"text-align: justify;\"><a href=\"#_ftnref1\" name=\"_ftn1\">[1]<\/a> Fue una figura decisiva de la Ilustraci\u00f3n como escritor, fil\u00f3sofo y enciclopedista franc\u00e9s.<\/p>\n","protected":false},"excerpt":{"rendered":"<p>El tema de la posverdad no pareciera ser tomado en serio por parte de aquellos que pueden ser considerados serios. El problema es que este concepto, la posverdad, apareci\u00f3 en los medios de comunicaci\u00f3n como referencia a un fen\u00f3meno que ellos parecen padecer. En esos medios no abundan los investigadores acad\u00e9micos, pensadores prestigiosos, por el [&hellip;]<\/p>\n","protected":false},"author":1,"featured_media":0,"comment_status":"open","ping_status":"open","sticky":false,"template":"","format":"standard","meta":{"footnotes":""},"categories":[1],"tags":[],"class_list":["post-2059","post","type-post","status-publish","format-standard","hentry","category-sin-categoria"],"_links":{"self":[{"href":"https:\/\/ricardovicentelopez.com.ar\/index.php?rest_route=\/wp\/v2\/posts\/2059","targetHints":{"allow":["GET"]}}],"collection":[{"href":"https:\/\/ricardovicentelopez.com.ar\/index.php?rest_route=\/wp\/v2\/posts"}],"about":[{"href":"https:\/\/ricardovicentelopez.com.ar\/index.php?rest_route=\/wp\/v2\/types\/post"}],"author":[{"embeddable":true,"href":"https:\/\/ricardovicentelopez.com.ar\/index.php?rest_route=\/wp\/v2\/users\/1"}],"replies":[{"embeddable":true,"href":"https:\/\/ricardovicentelopez.com.ar\/index.php?rest_route=%2Fwp%2Fv2%2Fcomments&post=2059"}],"version-history":[{"count":1,"href":"https:\/\/ricardovicentelopez.com.ar\/index.php?rest_route=\/wp\/v2\/posts\/2059\/revisions"}],"predecessor-version":[{"id":2060,"href":"https:\/\/ricardovicentelopez.com.ar\/index.php?rest_route=\/wp\/v2\/posts\/2059\/revisions\/2060"}],"wp:attachment":[{"href":"https:\/\/ricardovicentelopez.com.ar\/index.php?rest_route=%2Fwp%2Fv2%2Fmedia&parent=2059"}],"wp:term":[{"taxonomy":"category","embeddable":true,"href":"https:\/\/ricardovicentelopez.com.ar\/index.php?rest_route=%2Fwp%2Fv2%2Fcategories&post=2059"},{"taxonomy":"post_tag","embeddable":true,"href":"https:\/\/ricardovicentelopez.com.ar\/index.php?rest_route=%2Fwp%2Fv2%2Ftags&post=2059"}],"curies":[{"name":"wp","href":"https:\/\/api.w.org\/{rel}","templated":true}]}}