{"id":2047,"date":"2017-01-10T18:24:57","date_gmt":"2017-01-10T18:24:57","guid":{"rendered":"http:\/\/ricardovicentelopez.com.ar\/?p=2047"},"modified":"2017-01-10T18:24:57","modified_gmt":"2017-01-10T18:24:57","slug":"ix-reflexiones-sobre-la-politica-los-origenes-del-imperio-lu3-10-1-17","status":"publish","type":"post","link":"https:\/\/ricardovicentelopez.com.ar\/?p=2047","title":{"rendered":"IX.- Reflexiones sobre la pol\u00edtica \u2013 Los or\u00edgenes del Imperio\u00a0\u2013 LU3 -10-1-17"},"content":{"rendered":"<p style=\"text-align: justify;\">\u00a0Comencemos con algunas aclaraciones necesarias. El Doctor \u00c1lvaro Cuadra, pensador, ensayista y acad\u00e9mico, afirma algo que debe estar siempre presente en nuestras reflexiones sobre la historia y, por tanto, en la pol\u00edtica. Debemos tener en cuenta que hoy esto es extensivo al mundo actual que vive en un estado casi permanente de guerra:<\/p>\n<p style=\"text-align: justify; padding-left: 30px;\">Lo primero que muere en una guerra es cualquier noci\u00f3n de \u201cverdad\u201d. Esto es as\u00ed porque los estados convierten a sus medios de comunicaci\u00f3n en instrumentos de propaganda y desinformaci\u00f3n. En la hora presente, era de la H\u00edper Industria Cultural, los medios han adquirido la capacidad de \u201cfabricar el presente\u201d en tiempo real. Las im\u00e1genes y el sonido \u201cen directo\u201d construyen un cuadro veros\u00edmil que se escenifica en las pantallas digitales, cumpliendo con ello su prop\u00f3sito fundamental: \u201cmake believe\u201d\u2500 en espa\u00f1ol se podr\u00eda decir: hacer cre\u00edble\u2500.<\/p>\n<p style=\"text-align: justify;\">El prestigioso historiador brit\u00e1nico Eric Hobsbawn (1917-2012) nos advierte:<\/p>\n<p style=\"text-align: justify; padding-left: 30px;\">Hoy la historia es m\u00e1s que nunca revisada o incluso inventada por personas que no desean conocer el verdadero pasado, sino solamente un pasado que est\u00e9 de acuerdo con sus intereses. Nuestra \u00e9poca es <em>la \u00e9poca de la gran mitolog\u00eda hist\u00f3rica<\/em>\u2026 En el arsenal de las grandes potencias, junto a los misiles y aviones supers\u00f3nicos, se encuentran, de manera preponderante, las agencias informativas y las grandes cadenas de televisi\u00f3n que cubren el planeta entero en todos los idiomas. La guerra simb\u00f3lica precede y acompa\u00f1a las campa\u00f1as militares.<\/p>\n<p style=\"text-align: justify;\">Esto es v\u00e1lido para todo lo que estudiemos, en nuestro caso del siglo XX en adelante. Es una \u00a0prueba clara de las dificultades que se cruzan en las investigaciones que estamos exponiendo. Por ello, como ya qued\u00f3 dicho en la columna anterior, las reflexiones exigen apoyarse en un suelo s\u00f3lido, para construir sobre \u00e9l narraciones veros\u00edmiles. Esto impone enfrentar y superar el muro de mentiras y de ocultamientos, analizar con esp\u00edritu cr\u00edtico cada informaci\u00f3n y, con todo eso, s\u00f3lo podremos ofrecer una versi\u00f3n cre\u00edble, lo m\u00e1s cercana posible a la verdad. Volvamos a nuestra historia.<\/p>\n<p style=\"text-align: justify;\">El historiador ruso, especialista en la Segunda Guerra Mundial, Valent\u00edn Falin, escribi\u00f3 un art\u00edculo: <em>Reflexiones sobre la II Guerra Mundial <\/em>donde sostiene una hip\u00f3tesis necesaria para la comprensi\u00f3n del tiempo que abarcaron las dos grandes guerras:<\/p>\n<p style=\"text-align: justify; padding-left: 30px;\">La iniciativa del llamado <em>Plan de Paz<\/em>, entregada a la delegaci\u00f3n estadounidense en la conferencia de Versalles celebrada en 1919, pon\u00eda oficialmente fin a la Primera Guerra Mundial. Sin embargo, se debe aclarar que la Primera y la Segunda Guerra est\u00e1n vinculadas entre s\u00ed, por un n\u00facleo com\u00fan no confesado: la rusofobia. En \u00a0realidad, la II Guerra Mundial empez\u00f3 mucho antes de su inicio oficial, cuando la Alemania nazi invadi\u00f3 Polonia en 1939. Todo lo que precedi\u00f3 a esa operaci\u00f3n fue pasado por alto y no fue considerado como casus belli. Quiz\u00e1s porque durante esos a\u00f1os todas las agresiones directas o indirectas en el marco internacional hab\u00edan sido llevadas a cabo seg\u00fan planes conjuntos de los <em>pa\u00edses llamados democr\u00e1ticos<\/em>.<\/p>\n<p style=\"text-align: justify;\">Miguel Urbano Rodrigues &#8211; escritor, periodista y pensador portugu\u00e9s, escribi\u00f3 una reflexi\u00f3n que es \u00fatil recodar en estas columnas, que titul\u00f3 <em>Del Final de la II Guerra a la crisis de Civilizaci\u00f3n<\/em>:<\/p>\n<p style=\"text-align: justify; padding-left: 30px;\">Existen muchas obras serias sobre la <em>II Guerra Mundial<\/em> que permiten acompa\u00f1ar su desarrollo. Los hechos no pueden ser ocultados. A pesar de ello, para la gran mayor\u00eda de la humanidad, transcurridos poco m\u00e1s de 60 a\u00f1os, es dif\u00edcil hoy escapar a los efectos de la m\u00e1quina de desinformaci\u00f3n que presenta esa guerra bajo perspectivas que la deforman intencionalmente. Un sistema medi\u00e1tico perverso proyecta de ella una imagen falsa, concebida con objetivos pol\u00edticos para provocar la adhesi\u00f3n al proyecto de sociedad que el engranaje de la globalizaci\u00f3n neoliberal intenta imponer a la humanidad.<\/p>\n<p style=\"text-align: justify;\">Los historiadores serios de los EEUU, como Howard Zinn (1922-2010), son los primeros en reconocer que la decisi\u00f3n de Washington de utilizar el arma nuclear contra Jap\u00f3n, un pa\u00eds ya entonces militarmente derrotado, dado que ya se hab\u00eda firmado la paz entre los aliados y los alemanes el 22-6-1945. La bomba en Hiroshima se arroj\u00f3 el 6-8-1945, m\u00e1s de un mes despu\u00e9s.\u00a0 \u00a0Fue el primer acto de una larga guerra no declarada contra la Uni\u00f3n Sovi\u00e9tica. Esa acci\u00f3n se insert\u00f3 en el desarrollo de una estrategia que empez\u00f3 a esbozarse poco despu\u00e9s de la Revoluci\u00f3n Rusa de Octubre de 1917. Dice Zinn:<\/p>\n<p style=\"text-align: justify; padding-left: 30px;\">El resultado de la Primera Guerra Mundial era a\u00fan una inc\u00f3gnita, pero la hostilidad de Inglaterra y de Francia a la joven revoluci\u00f3n socialista fue inmediata. Los Estados Unidos asumieron una actitud id\u00e9ntica y, despu\u00e9s de la derrota del Imperio Alem\u00e1n y antes de firmar la Paz, participaron activamente, en el \u00c1rtico y en el Extremo Oriente de operaciones militares cuyo objetivo declarado era el aplastamiento de la revoluci\u00f3n bolchevique.<\/p>\n<p style=\"text-align: justify;\">El final de la Primera Guerra Mundial (1918), mostr\u00f3 un panorama totalmente distinto como consecuencia de su resultado: el triunfo de los aliados (Gran Breta\u00f1a, Francia, Rusia, y los EEUU);\u00a0 frente a los grandes derrotados: los Imperios del Centro (Alemania, Austria y Hungr\u00eda). La novedad de ese cuadro pol\u00edtico-militar fue una nueva presencia, un actor inesperado: la Rusia que iniciaba su camino socialista. Esta situaci\u00f3n era inaceptable para los triunfadores, por tal raz\u00f3n fue, para muchos investigadores, una causa importante para la prolongaci\u00f3n del conflicto en la Segunda Guerra Mundial (1939-1945). Al t\u00e9rmino de \u00e9sta, con el triunfo de los aliados (Gran Breta\u00f1a, Francia, EEUU y la URSS) la situaci\u00f3n no hab\u00eda cambiado. Lo inaceptable para el mundo occidental era la sobrevivencia de la URSS (el peligro rojo).<\/p>\n<p style=\"text-align: justify;\">Siguiendo el consejo de importantes Maestros de la historia, pasaremos a revisar algunos de los acontecimientos m\u00e1s importantes de la Segunda Guerra Mundial que, a la luz de esta nueva \u00f3ptica, nos ampliar\u00e1 la idea que tenemos de esa historia.<\/p>\n","protected":false},"excerpt":{"rendered":"<p>\u00a0Comencemos con algunas aclaraciones necesarias. El Doctor \u00c1lvaro Cuadra, pensador, ensayista y acad\u00e9mico, afirma algo que debe estar siempre presente en nuestras reflexiones sobre la historia y, por tanto, en la pol\u00edtica. Debemos tener en cuenta que hoy esto es extensivo al mundo actual que vive en un estado casi permanente de guerra: Lo primero [&hellip;]<\/p>\n","protected":false},"author":1,"featured_media":0,"comment_status":"open","ping_status":"open","sticky":false,"template":"","format":"standard","meta":{"footnotes":""},"categories":[1],"tags":[],"class_list":["post-2047","post","type-post","status-publish","format-standard","hentry","category-sin-categoria"],"_links":{"self":[{"href":"https:\/\/ricardovicentelopez.com.ar\/index.php?rest_route=\/wp\/v2\/posts\/2047","targetHints":{"allow":["GET"]}}],"collection":[{"href":"https:\/\/ricardovicentelopez.com.ar\/index.php?rest_route=\/wp\/v2\/posts"}],"about":[{"href":"https:\/\/ricardovicentelopez.com.ar\/index.php?rest_route=\/wp\/v2\/types\/post"}],"author":[{"embeddable":true,"href":"https:\/\/ricardovicentelopez.com.ar\/index.php?rest_route=\/wp\/v2\/users\/1"}],"replies":[{"embeddable":true,"href":"https:\/\/ricardovicentelopez.com.ar\/index.php?rest_route=%2Fwp%2Fv2%2Fcomments&post=2047"}],"version-history":[{"count":1,"href":"https:\/\/ricardovicentelopez.com.ar\/index.php?rest_route=\/wp\/v2\/posts\/2047\/revisions"}],"predecessor-version":[{"id":2048,"href":"https:\/\/ricardovicentelopez.com.ar\/index.php?rest_route=\/wp\/v2\/posts\/2047\/revisions\/2048"}],"wp:attachment":[{"href":"https:\/\/ricardovicentelopez.com.ar\/index.php?rest_route=%2Fwp%2Fv2%2Fmedia&parent=2047"}],"wp:term":[{"taxonomy":"category","embeddable":true,"href":"https:\/\/ricardovicentelopez.com.ar\/index.php?rest_route=%2Fwp%2Fv2%2Fcategories&post=2047"},{"taxonomy":"post_tag","embeddable":true,"href":"https:\/\/ricardovicentelopez.com.ar\/index.php?rest_route=%2Fwp%2Fv2%2Ftags&post=2047"}],"curies":[{"name":"wp","href":"https:\/\/api.w.org\/{rel}","templated":true}]}}