{"id":2038,"date":"2016-12-27T14:57:18","date_gmt":"2016-12-27T14:57:18","guid":{"rendered":"http:\/\/ricardovicentelopez.com.ar\/?p=2038"},"modified":"2016-12-27T14:57:18","modified_gmt":"2016-12-27T14:57:18","slug":"vii-reflexiones-sobre-la-politica-los-origenes-del-imperio-estadounidense-lu3-27-12-16","status":"publish","type":"post","link":"https:\/\/ricardovicentelopez.com.ar\/?p=2038","title":{"rendered":"VII.- Reflexiones sobre la pol\u00edtica \u2013 Los or\u00edgenes del Imperio estadounidense &#8211; LU3 &#8211; 27-12-16"},"content":{"rendered":"<p style=\"text-align: justify;\">El conflicto interno entre los estados del norte y los del sur del gran pa\u00eds del Norte se resolvi\u00f3 con un enfrentamiento armado conocido como la <em>Guerra Civil<\/em> o <em>Guerra de Secesi\u00f3n<\/em> (1861-1865). Una de las consecuencias que marcaron por bastante tiempo a ese pueblo fueron las 1.030.000 bajas, poco m\u00e1s del 3% de la poblaci\u00f3n total. En la primera Guerra mundial, 50 a\u00f1os despu\u00e9s, muri\u00f3 el 2,5% de su poblaci\u00f3n. Esto nos da la dimensi\u00f3n del horror padecido, por lo cual la palabra <em>guerra<\/em> pareci\u00f3 desterrada del vocabulario coloquial del pueblo estadounidense por mucho tiempo.<\/p>\n<p style=\"text-align: justify;\">Otra dimensi\u00f3n de las consecuencias, que qued\u00f3 en un segundo plano para los historiadores, probablemente por razones ideol\u00f3gicas, fue que la unificaci\u00f3n de sus estados marc\u00f3 el inicio de lo que ser\u00eda, algunas d\u00e9cadas despu\u00e9s, la formaci\u00f3n de la <em>nueva potencia hegem\u00f3nica del mundo<\/em>.<\/p>\n<p style=\"text-align: justify;\">Lo que no se percibi\u00f3 con claridad es que lo que se mostraba, se viv\u00eda, como un enfrentamiento entre el Norte y el Sur, y as\u00ed era, ocultaba otro aspecto de la econom\u00eda de ese pa\u00eds: la realidad de la econom\u00eda de las plantaciones coloniales,<em> la sociedad agraria<\/em>, representaba la contracara de <em>la base de la sociedad industrial<\/em>. En las \u00faltimas d\u00e9cadas del siglo XIX, cuando finaliz\u00f3 la Segunda Revoluci\u00f3n industrial, qued\u00f3 claro que la esclavitud y el capitalismo se complementaron positivamente preanunciando la potencialidad de lo que se pudo apreciar despu\u00e9s.<\/p>\n<p style=\"text-align: justify;\">Pero en el \u00e1mbito de la opini\u00f3n p\u00fablica eran temas de los cuales no se hablaban. Un pacifismo \u00a0visceral hab\u00eda ganado la conciencia colectiva que s\u00f3lo permit\u00eda pensar en las promesas del desarrollo econ\u00f3mico y la prosperidad que ya se advert\u00eda: un gran pa\u00eds que se asomaba en el juego internacional. En la segunda d\u00e9cada del siglo XX se desat\u00f3 la guerra en Europa y el presidente Woodrow Wilson (1913-1921) se mantuvo en una posici\u00f3n neutral, conocedor de los sentimientos y las convicciones pacifistas de su pueblo. A pesar de ello no pod\u00eda ignorar que el resultado final \u00a0de ese enfrentamiento reordenar\u00eda el tablero mundial. La potencia que se estaba asomando no pod\u00eda quedar al margen del resultado de ese conflicto. Se le presentaba como una oportunidad excepcional para posesionarse en el gran juego del poder. Para resolver esa situaci\u00f3n apel\u00f3 a una novedad original, casi desconocida hasta entonces.<\/p>\n<p style=\"text-align: justify;\">Cre\u00f3 el <em>Comit\u00e9 de informaci\u00f3n p\u00fablica<\/em>, tambi\u00e9n conocido como la <em>Comisi\u00f3n Creel<\/em>, una agencia federal independiente del gobierno de los Estados Unidos. Su finalidad, no confesada, era \u00a0influenciar sobre la opini\u00f3n p\u00fablica prepar\u00e1ndola para la participaci\u00f3n de ese pa\u00eds en la <em>Primera Guerra Mundial<\/em>. A lo largo de unos pocos meses sus miembros hab\u00edan realizado m\u00e1s de 8 millones de discursos a 314 millones de personas; empleando todo medio disponible para <em>crear entusiasmo sobre la guerra<\/em> y obtener el apoyo popular que le permitiera ingresar en la contienda.<\/p>\n<p style=\"text-align: justify;\">El encargado de tan importante, como encubierta misi\u00f3n, fue George Creel (1876\u20131953) un \u00a0periodista investigador, pol\u00edtico. Muy famoso posteriormente por haber sido el jefe del Comit\u00e9 que organiz\u00f3 un plan \u00a0de propaganda que obtuvo tan resonante resultado. Mucho tiempo despu\u00e9s, al conocer los extraordinarios resultados conseguidos, Adolf Hitler, un muy buen alumno del Se\u00f1or Creel afirm\u00f3:<\/p>\n<p style=\"text-align: justify; padding-left: 30px;\">\u00abCuando la propaganda que se origina en el estado recibe el apoyo de las clases de un nivel cultural elevado y no se permite ninguna desviaci\u00f3n en su contenido, el efecto puede ser enorme\u00bb<\/p>\n<p style=\"text-align: justify;\">Dicho sea de paso, para desterrar viejas leyendas, fue Joseph Goebbels (1897\u20131945) quien aprendi\u00f3 estos m\u00e9todos de propaganda de la experiencia estadounidense y la introdujo m\u00e1s de una d\u00e9cada despu\u00e9s en Alemania, y no al rev\u00e9s.<\/p>\n<p style=\"text-align: justify;\">Una investigadora de la Universidad San Jorge (USJ) (Arag\u00f3n -Espa\u00f1a), analizando lo logrado por Creel, escribi\u00f3:<\/p>\n<p style=\"text-align: justify; padding-left: 30px;\">Una poblaci\u00f3n pacifista, necesit\u00f3 de un empuj\u00f3n para descontrolarse y empezar una guerra necesaria para los grupos de poder. Para ello en el siglo XX, Estados Unidos, cre\u00f3 una comisi\u00f3n de propaganda gubernamental, conocida con el nombre de Comisi\u00f3n Creel. \u00c9sta en seis meses, logr\u00f3 convertir una poblaci\u00f3n pac\u00edfica en otra hist\u00e9rica y belicista que quer\u00eda ir a la guerra y destruir todo lo que oliera a alem\u00e1n, despedazar a todos los alemanes, y salvar as\u00ed al mundo. El extraordinario \u00e9xito conducir\u00eda a otro mayor todav\u00eda: precisamente en aquella \u00e9poca y despu\u00e9s de la guerra se utilizaron las mismas t\u00e9cnicas para seguir en la manipulaci\u00f3n de la opini\u00f3n p\u00fablica. Ello permiti\u00f3 en las d\u00e9cadas siguientes, la destrucci\u00f3n de sindicatos y la eliminaci\u00f3n de problemas tan peligrosos como la libertad de prensa o de pensamiento pol\u00edtico. El poder financiero y empresarial y los medios de comunicaci\u00f3n fomentaron y prestaron un gran apoyo a esta operaci\u00f3n, de la que, a su vez, obtuvieron todo tipo de provechos.<\/p>\n<p style=\"text-align: justify;\">Llegados a este punto no parece importuno preguntarse si la democracia estadounidense no encontr\u00f3 en el Destino Manifiesto el impulso para que los Estados Unidos comenzaran a desplegar su dominio del mundo.<\/p>\n","protected":false},"excerpt":{"rendered":"<p>El conflicto interno entre los estados del norte y los del sur del gran pa\u00eds del Norte se resolvi\u00f3 con un enfrentamiento armado conocido como la Guerra Civil o Guerra de Secesi\u00f3n (1861-1865). Una de las consecuencias que marcaron por bastante tiempo a ese pueblo fueron las 1.030.000 bajas, poco m\u00e1s del 3% de la [&hellip;]<\/p>\n","protected":false},"author":1,"featured_media":0,"comment_status":"open","ping_status":"open","sticky":false,"template":"","format":"standard","meta":{"footnotes":""},"categories":[1],"tags":[],"class_list":["post-2038","post","type-post","status-publish","format-standard","hentry","category-sin-categoria"],"_links":{"self":[{"href":"https:\/\/ricardovicentelopez.com.ar\/index.php?rest_route=\/wp\/v2\/posts\/2038","targetHints":{"allow":["GET"]}}],"collection":[{"href":"https:\/\/ricardovicentelopez.com.ar\/index.php?rest_route=\/wp\/v2\/posts"}],"about":[{"href":"https:\/\/ricardovicentelopez.com.ar\/index.php?rest_route=\/wp\/v2\/types\/post"}],"author":[{"embeddable":true,"href":"https:\/\/ricardovicentelopez.com.ar\/index.php?rest_route=\/wp\/v2\/users\/1"}],"replies":[{"embeddable":true,"href":"https:\/\/ricardovicentelopez.com.ar\/index.php?rest_route=%2Fwp%2Fv2%2Fcomments&post=2038"}],"version-history":[{"count":1,"href":"https:\/\/ricardovicentelopez.com.ar\/index.php?rest_route=\/wp\/v2\/posts\/2038\/revisions"}],"predecessor-version":[{"id":2039,"href":"https:\/\/ricardovicentelopez.com.ar\/index.php?rest_route=\/wp\/v2\/posts\/2038\/revisions\/2039"}],"wp:attachment":[{"href":"https:\/\/ricardovicentelopez.com.ar\/index.php?rest_route=%2Fwp%2Fv2%2Fmedia&parent=2038"}],"wp:term":[{"taxonomy":"category","embeddable":true,"href":"https:\/\/ricardovicentelopez.com.ar\/index.php?rest_route=%2Fwp%2Fv2%2Fcategories&post=2038"},{"taxonomy":"post_tag","embeddable":true,"href":"https:\/\/ricardovicentelopez.com.ar\/index.php?rest_route=%2Fwp%2Fv2%2Ftags&post=2038"}],"curies":[{"name":"wp","href":"https:\/\/api.w.org\/{rel}","templated":true}]}}