{"id":1956,"date":"2016-08-28T10:45:32","date_gmt":"2016-08-28T10:45:32","guid":{"rendered":"http:\/\/ricardovicentelopez.com.ar\/?p=1956"},"modified":"2016-08-28T10:45:32","modified_gmt":"2016-08-28T10:45:32","slug":"mirando-al-mundo-xxi-politica-y-marketing-no-70-24-8-16","status":"publish","type":"post","link":"https:\/\/ricardovicentelopez.com.ar\/?p=1956","title":{"rendered":"Mirando al mundo XXI \u2013 Pol\u00edtica y marketing  N\u00ba 70 \u2013 24-8-16"},"content":{"rendered":"<p style=\"text-align: justify;\">\u00a0Los \u201ca\u00f1os dorados\u201d encontraron un l\u00edmite en la ofensiva que comenzaron a delinear y ejecutar los sectores neoconservadores. La crisis del petr\u00f3leo (1973 que se extendi\u00f3 hasta 1981) favoreci\u00f3 el ascenso de los sectores m\u00e1s reaccionarios, en un clima de conflictos cuya culminaci\u00f3n se dio en las elecciones en el Reino Unido, con el triunfo de Margaret Tatcher (1979-1990), y en los Estados Unidos donde es elegido presidente Ronald Reagan (1981-1989). A partir de all\u00ed una onda neoliberal comenz\u00f3 a hacerse sentir en la pol\u00edtica del mundo occidental que va a marcar muy fuertemente la d\u00e9cada siguiente. El Consenso de Washington fue el punto culminante de ese proceso, que Wikipedia define como:<\/p>\n<p style=\"text-align: justify; padding-left: 30px;\">El t\u00e9rmino Consenso de Washington fue acu\u00f1ado en 1989 por el economista John Williamson para describir un conjunto de diez f\u00f3rmulas relativamente espec\u00edficas que constituyeron un paquete de reformas \u00abest\u00e1ndar\u00bb para los pa\u00edses en desarrollo azotados por la crisis, seg\u00fan las instituciones bajo la \u00f3rbita de los Estados Unidos como el Fondo Monetario Internacional (FMI), el Banco Mundial y el Departamento del Tesoro de los Estados Unidos. Las f\u00f3rmulas abarcaban pol\u00edticas que propugnaban la estabilizaci\u00f3n macroecon\u00f3mica, la liberalizaci\u00f3n econ\u00f3mica con respecto tanto al comercio como a la inversi\u00f3n, la reducci\u00f3n del Estado, y la expansi\u00f3n de las fuerzas del mercado dentro de las econom\u00edas de cada pa\u00eds.<\/p>\n<p style=\"text-align: justify;\">Este conjunto de medidas significaron el \u201ccertificado de defunci\u00f3n\u201d de los \u201ctreinta a\u00f1os dorados\u201d, por la desaparici\u00f3n o extinci\u00f3n de todas aquellas pol\u00edticas que hab\u00edan sostenido la \u00a0\u00a0presencia de un Estado fuerte, participativo, interventor dentro del funcionamiento de los mercados. Ese modelo pol\u00edtico que asegur\u00f3 un mejor reparto de las riquezas, manteniendo un equilibrio entre el capital y el trabajo, se sostuvo por la recaudaci\u00f3n de impuestos a las rentas de los grandes capitales. Esas pol\u00edticas posibilitaron acercar la distancia entre los m\u00e1s ricos y los m\u00e1s pobres. Esto nos permite comprender las expectativas que levantaron respecto de un <em>capitalismo de rostro humano<\/em> o un capitalismo distribuidor.<\/p>\n<p style=\"text-align: justify;\">No parece casual que la <em>imposici\u00f3n<\/em> <em>de ese dec\u00e1logo de medidas<\/em> \u2500 uso esta palabra que define la verdad de lo que se disfraz\u00f3 de Consenso\u2500 comenzara a aplicarse inmediatamente despu\u00e9s de la Ca\u00edda del Muro de Berl\u00edn el \u00a09 de noviembre de 1989. La presencia de la Uni\u00f3n Sovi\u00e9tica fue un freno para los avances del capital sobre los derechos del trabajo. No porque se creyera que ten\u00eda alg\u00fan poder para impedirlo, sino porque representaba, aunque no fuera totalmente cierto, un modelo distributivo de riquezas, y los partidos comunistas europeos pod\u00edan ser una amenaza al dominio irrestricto del capital.<\/p>\n<p style=\"text-align: justify;\">El otro factor concurrente era la <em>reducci\u00f3n de la tasa de beneficio<\/em> \u2500renta o lucro\u2500 tras la crisis econ\u00f3mica de los setenta, de los capitales industriales invertidos en la en los pa\u00edses del Norte. Se le sumaba la situaci\u00f3n extrema en que se encontraban los pa\u00edses de la periferia del mundo central por el estallido de la <em>crisis de la deuda externa<\/em>. \u00c9sta era el resultado de la imposibilidad de pagar la pesada carga de una deuda contra\u00edda por imposiciones de los organismos financieros internacionales, esa deuda se hizo muy pesada, impagable, cuando esos pa\u00edses se vieron en la obligaci\u00f3n de refinanciar los saldos adeudados.<\/p>\n","protected":false},"excerpt":{"rendered":"<p>\u00a0Los \u201ca\u00f1os dorados\u201d encontraron un l\u00edmite en la ofensiva que comenzaron a delinear y ejecutar los sectores neoconservadores. La crisis del petr\u00f3leo (1973 que se extendi\u00f3 hasta 1981) favoreci\u00f3 el ascenso de los sectores m\u00e1s reaccionarios, en un clima de conflictos cuya culminaci\u00f3n se dio en las elecciones en el Reino Unido, con el triunfo [&hellip;]<\/p>\n","protected":false},"author":1,"featured_media":0,"comment_status":"open","ping_status":"open","sticky":false,"template":"","format":"standard","meta":{"footnotes":""},"categories":[1],"tags":[],"class_list":["post-1956","post","type-post","status-publish","format-standard","hentry","category-sin-categoria"],"_links":{"self":[{"href":"https:\/\/ricardovicentelopez.com.ar\/index.php?rest_route=\/wp\/v2\/posts\/1956","targetHints":{"allow":["GET"]}}],"collection":[{"href":"https:\/\/ricardovicentelopez.com.ar\/index.php?rest_route=\/wp\/v2\/posts"}],"about":[{"href":"https:\/\/ricardovicentelopez.com.ar\/index.php?rest_route=\/wp\/v2\/types\/post"}],"author":[{"embeddable":true,"href":"https:\/\/ricardovicentelopez.com.ar\/index.php?rest_route=\/wp\/v2\/users\/1"}],"replies":[{"embeddable":true,"href":"https:\/\/ricardovicentelopez.com.ar\/index.php?rest_route=%2Fwp%2Fv2%2Fcomments&post=1956"}],"version-history":[{"count":1,"href":"https:\/\/ricardovicentelopez.com.ar\/index.php?rest_route=\/wp\/v2\/posts\/1956\/revisions"}],"predecessor-version":[{"id":1957,"href":"https:\/\/ricardovicentelopez.com.ar\/index.php?rest_route=\/wp\/v2\/posts\/1956\/revisions\/1957"}],"wp:attachment":[{"href":"https:\/\/ricardovicentelopez.com.ar\/index.php?rest_route=%2Fwp%2Fv2%2Fmedia&parent=1956"}],"wp:term":[{"taxonomy":"category","embeddable":true,"href":"https:\/\/ricardovicentelopez.com.ar\/index.php?rest_route=%2Fwp%2Fv2%2Fcategories&post=1956"},{"taxonomy":"post_tag","embeddable":true,"href":"https:\/\/ricardovicentelopez.com.ar\/index.php?rest_route=%2Fwp%2Fv2%2Ftags&post=1956"}],"curies":[{"name":"wp","href":"https:\/\/api.w.org\/{rel}","templated":true}]}}