{"id":1949,"date":"2016-08-07T14:05:31","date_gmt":"2016-08-07T14:05:31","guid":{"rendered":"http:\/\/ricardovicentelopez.com.ar\/?p=1949"},"modified":"2016-08-07T14:05:31","modified_gmt":"2016-08-07T14:05:31","slug":"mirando-al-mundo-xix-politica-y-marketing-columna-no-67-3-8-16","status":"publish","type":"post","link":"https:\/\/ricardovicentelopez.com.ar\/?p=1949","title":{"rendered":"Mirando al mundo XIX \u2013 Pol\u00edtica y marketing &#8211; columna N\u00ba 67\u00a0\u2013 3-8-16"},"content":{"rendered":"<p style=\"text-align: justify;\">Iniciamos, con esta columna, una nueva serie en la que vamos a incursionar en un terreno bastante desconocido para el <em>ciudadano de a pie<\/em>. La conciencia ciudadana conserva todav\u00eda conceptos, h\u00e1bitos, creencias, ideolog\u00edas, utop\u00edas, etc., que corresponden a una concepci\u00f3n de la pol\u00edtica que naci\u00f3 en el siglo XIX y que, con sus variantes, sigui\u00f3 teniendo vigencia hasta finales de la d\u00e9cada de los setenta. El <em>mundo occidental<\/em> y, en alguna medida el resto, sufri\u00f3 a partir de entonces una especie de cataclismo socio-pol\u00edtico sin que se percibieran con claridad las rajaduras profundas que sufrieron sus bases de sustentaci\u00f3n. \u00a0La democracia sostenida por la forma partido pol\u00edtico se fue vaciando de contenido.<\/p>\n<p style=\"text-align: justify;\">Este <em>ciudadano de a pie<\/em> padeci\u00f3 estas transformaciones sin clara conciencia de cuales terminar\u00edan siendo sus consecuencias. Se puede decir, sin riesgos de exagerar, que esa d\u00e9cada represent\u00f3 una bisagra en la historia pol\u00edtica de la sociedad moderna. Terminaba un per\u00edodo de posguerra en el que el Estado hab\u00eda asumido un papel de protecci\u00f3n y servicio en beneficio de las clases medias y bajas, y comenzaba otro en el que las clases dominantes iniciaban el asalto a ese Estado para\u00a0 terminar con los beneficios conquistados. Ello se verificar\u00eda en una pausada pero brutal redistribuci\u00f3n de los bienes producidos en beneficio de las clases pudientes.<\/p>\n<p style=\"text-align: justify;\">Una frase comenz\u00f3 a aparecer en informes, en investigaciones, en ponencias a Congresos \u00a0acad\u00e9micos: \u201cCada vez hay m\u00e1s que tienen menos y menos que tienen m\u00e1s\u201d. Esta frase lleg\u00f3 a sacudir a los Estados Unidos en una s\u00edntesis escalofriante que expresaba una poblaci\u00f3n dividida entre un 1% que enfrentaba al 99% restante. No se trataba de un estudio estad\u00edstico sino en un modo pol\u00edtico de llamar la atenci\u00f3n sobre lo que estaba sucediendo all\u00ed. Mostraba una polarizaci\u00f3n de\u00a0 la sociedad globalizada como resultado del <em>predominio del capital financiero<\/em>. Un t\u00edtulo aparecido en los medios internacionales <em>Desigualdad aumenta a pasos <\/em><em>agigantados<\/em> deber\u00eda haber estremecido a la mayor\u00eda de los habitantes del planeta y, sin embargo, s\u00f3lo logr\u00f3 algunos comentarios. Era el anuncio de la investigaci\u00f3n que hab\u00eda llevado a cabo Oxfam.org, \u2500una confederaci\u00f3n internacional formada por 17 organizaciones nacionales no gubernamentales que realizan labores humanitarias en 90 pa\u00edses \u2500:<\/p>\n<p style=\"text-align: justify; padding-left: 30px;\">La desigualdad extrema en el mundo est\u00e1 alcanzando cotas insoportables. Actualmente, el 1% m\u00e1s rico de la poblaci\u00f3n mundial posee m\u00e1s riqueza que el 99% restante de las personas del planeta. El poder y los privilegios se est\u00e1n utilizando para manipular el sistema econ\u00f3mico y as\u00ed ampliar la brecha, dejando sin esperanza a cientos de millones de personas pobres. El entramado mundial de para\u00edsos fiscales permite que una minor\u00eda privilegiada oculte en ellos 7,6 billones de d\u00f3lares. Para combatir con \u00e9xito la pobreza, es ineludible hacer frente a la crisis de desigualdad.<\/p>\n<p style=\"text-align: justify;\">Es dif\u00edcil evitar algunas preguntas que, a pesar de ello, aparecen muy poco: \u00bfc\u00f3mo fue posible que sucediera esto? \u00bfc\u00f3mo se paso, en el transcurso de una d\u00e9cada, de un mundo con una distribuci\u00f3n aceptable, aunque no hab\u00eda desaparecido la pobreza y la miseria, en el que dos terceras partes de \u00e9l viv\u00edan de medianamente bien hacia muy bien? \u00bfqu\u00e9 mecanismos inhumanos llevaron adelante la tarea de semejantes despojos? \u00bfqui\u00e9nes fueron los culpables de haber llegado a este estado de cosas? \u00bfpor qu\u00e9 raz\u00f3n los despojados de sus derechos no reaccionaron?<\/p>\n<p style=\"text-align: justify;\">Debo confesar que no creo poder responder, con cierta solvencia, a todos estos interrogantes pero me considerar\u00eda relativamente satisfecho si ellos lograran conmover a m\u00e1s personas, dado que la indiferencia es el mejor c\u00f3mplice de este estado de cosas. De todos modos esta nueva serie de columnas intentar\u00e1n arrojar alguna luz sobre esta terrible problem\u00e1tica.<\/p>\n","protected":false},"excerpt":{"rendered":"<p>Iniciamos, con esta columna, una nueva serie en la que vamos a incursionar en un terreno bastante desconocido para el ciudadano de a pie. La conciencia ciudadana conserva todav\u00eda conceptos, h\u00e1bitos, creencias, ideolog\u00edas, utop\u00edas, etc., que corresponden a una concepci\u00f3n de la pol\u00edtica que naci\u00f3 en el siglo XIX y que, con sus variantes, sigui\u00f3 [&hellip;]<\/p>\n","protected":false},"author":1,"featured_media":0,"comment_status":"open","ping_status":"open","sticky":false,"template":"","format":"standard","meta":{"footnotes":""},"categories":[1],"tags":[],"class_list":["post-1949","post","type-post","status-publish","format-standard","hentry","category-sin-categoria"],"_links":{"self":[{"href":"https:\/\/ricardovicentelopez.com.ar\/index.php?rest_route=\/wp\/v2\/posts\/1949","targetHints":{"allow":["GET"]}}],"collection":[{"href":"https:\/\/ricardovicentelopez.com.ar\/index.php?rest_route=\/wp\/v2\/posts"}],"about":[{"href":"https:\/\/ricardovicentelopez.com.ar\/index.php?rest_route=\/wp\/v2\/types\/post"}],"author":[{"embeddable":true,"href":"https:\/\/ricardovicentelopez.com.ar\/index.php?rest_route=\/wp\/v2\/users\/1"}],"replies":[{"embeddable":true,"href":"https:\/\/ricardovicentelopez.com.ar\/index.php?rest_route=%2Fwp%2Fv2%2Fcomments&post=1949"}],"version-history":[{"count":1,"href":"https:\/\/ricardovicentelopez.com.ar\/index.php?rest_route=\/wp\/v2\/posts\/1949\/revisions"}],"predecessor-version":[{"id":1950,"href":"https:\/\/ricardovicentelopez.com.ar\/index.php?rest_route=\/wp\/v2\/posts\/1949\/revisions\/1950"}],"wp:attachment":[{"href":"https:\/\/ricardovicentelopez.com.ar\/index.php?rest_route=%2Fwp%2Fv2%2Fmedia&parent=1949"}],"wp:term":[{"taxonomy":"category","embeddable":true,"href":"https:\/\/ricardovicentelopez.com.ar\/index.php?rest_route=%2Fwp%2Fv2%2Fcategories&post=1949"},{"taxonomy":"post_tag","embeddable":true,"href":"https:\/\/ricardovicentelopez.com.ar\/index.php?rest_route=%2Fwp%2Fv2%2Ftags&post=1949"}],"curies":[{"name":"wp","href":"https:\/\/api.w.org\/{rel}","templated":true}]}}