{"id":1930,"date":"2016-06-12T14:47:00","date_gmt":"2016-06-12T14:47:00","guid":{"rendered":"http:\/\/ricardovicentelopez.com.ar\/?p=1930"},"modified":"2016-06-12T14:47:00","modified_gmt":"2016-06-12T14:47:00","slug":"mirando-al-mundo-xiv-pensarlo-y-comprenderlo-columna-no-61-8-6-16","status":"publish","type":"post","link":"https:\/\/ricardovicentelopez.com.ar\/?p=1930","title":{"rendered":"Mirando al mundo XIV\u2013 Pensarlo y comprenderlo  columna N\u00ba 61 \u2013 8-6-16"},"content":{"rendered":"<p style=\"text-align: justify;\">\u00a0Debemos retomar ahora lo dicho sobre el cuadro social, pol\u00edtico, econ\u00f3mico y cultural\u00a0 que presentaba el gran pa\u00eds del norte, los EEUU, en los comienzos del siglo XX. Si bien la conflictividad ya no era la de fines del XIX no hab\u00eda desaparecido, en las \u00e9lites gobernantes, el temor por nuevos estallidos. Tal vez, la\u00a0 dificultad mayor emerg\u00eda de la imposibilidad, hasta entonces, por no haber consolidado pol\u00edticamente la unidad nacional. Los Estados Unidos eran, como su nombre lo anunciaba, una reuni\u00f3n de territorios y poblaciones diversas que estaba lejos de parecer Francia, Alemania o el Reino Unido, como modelos comparativos de Estados nacionales. No es que estos fueran un dechado de felicidad, pero los largos siglos de historia hab\u00edan abonado un suelo com\u00fan bastante s\u00f3lido.<\/p>\n<p style=\"text-align: justify;\">Los m\u00e1s o menos cinco siglos de historia de las naciones europeas no eran comparables frente a poco m\u00e1s de un siglo de los Estados Unidos, si tomamos como origen la Declaraci\u00f3n de Independencia (1776) Sin olvidar que la totalidad del territorio que conformaron los Estados Unidos de Norteam\u00e9rica aparecieron consolidados pol\u00edticamente reci\u00e9n sobre los finales del siglo XIX. El siglo XX mostraba todav\u00eda mucho por hacer para que se pudiera hablar plenamente de una naci\u00f3n moderna.<\/p>\n<p style=\"text-align: justify;\">\u00a0Vamos, ahora, a volver sobre una personalidad muy importante de ese momento, ya mencionada en columnas anteriores, Walter Lippmann (1889-1974), que aport\u00f3 mucho estudio, investigaci\u00f3n, reflexi\u00f3n y propuestas pol\u00edticas, para el proyecto de colocar a su pa\u00eds como una potencia dentro del escenario \u00a0internacional. Comencemos con una\u00a0 breve biograf\u00eda:<\/p>\n<p style=\"text-align: justify; padding-left: 30px;\">Fue un intelectual estadounidense, periodista, comentarista pol\u00edtico, cr\u00edtico de medios y fil\u00f3sofo. Centr\u00f3 sus esfuerzos en reconciliar la tensi\u00f3n existente entre dos conceptos dif\u00edciles de armonizar: la libertad y la democracia dentro del complejo mundo moderno. Obtuvo dos veces el Premio Pulitzer \u00a0(1958 y 1962) por su columna Today and Tomorrow (Hoy y ma\u00f1ana).<\/p>\n<p style=\"text-align: justify;\">Las conclusiones a que lo llevaron sus estudios y experiencias pol\u00edticas sobre la historia de su pa\u00eds fueron la detecci\u00f3n de una falencia en la sociedad pol\u00edtica de ese tiempo:<\/p>\n<p style=\"text-align: justify; padding-left: 30px;\">1.- Los ideales democr\u00e1ticos se hab\u00edan deteriorado; 2.- Los votantes eran esencialmente ignorantes sobre las pol\u00edticas y los temas de debate p\u00fablico; 3.- Carec\u00edan de preparaci\u00f3n y competencia para participar en la vida p\u00fablica; 4.- Se preocupaban bien poco por comprender y participar en el proceso pol\u00edtico.<\/p>\n<p style=\"text-align: justify;\">Estas definiciones pueden espantar a un ciudadano de nuestro tiempo, sobre todo a un argentino, que ha sido educado en la defensa de los valores de la democracia. Debemos recordar que la democracia fue una propuesta pol\u00edtica de pensadores franceses. Los Padres Fundadores de los Estados Unidos centraron sus esfuerzos en la construcci\u00f3n de una Rep\u00fablica, para distanciarse de sus colonizadores brit\u00e1nicos que profesabas una fe mon\u00e1rquica. Analicemos la definici\u00f3n de estos dos conceptos, monarqu\u00eda y rep\u00fablica:<\/p>\n<p style=\"text-align: justify; padding-left: 30px;\">El t\u00e9rmino monarqu\u00eda proviene de la fusi\u00f3n de los t\u00e9rminos griegos: monos = uno y arkein = poder, que significa \u201cel poder concentrado en uno\u201d. Se distingue de la tiran\u00eda o del despotismo porque implica un poder leg\u00edtimo, lo que la diferencia de otros gobiernos que se caracterizan por la <em>ilegalidad <\/em>y <em>la arbitrariedad en el ejercicio del poder<\/em>.<\/p>\n<p style=\"text-align: justify;\">Por su parte la segunda, rep\u00fablica, debe entenderse como:<\/p>\n<p style=\"text-align: justify; padding-left: 30px;\">Rep\u00fablica: del lat\u00edn: res = cosa, y p\u00fablica; se puede traducir como \u201ccosa p\u00fablica\u201d o \u201clo p\u00fablico\u201d. En sentido amplio, es un sistema pol\u00edtico que se fundamenta en el imperio de la ley (constituci\u00f3n) y la igualdad ante la ley, como la forma de frenar los posibles abusos de las personas que tienen mayor poder, del gobierno y de las mayor\u00edas, con el objeto de proteger los derechos fundamentales y las libertades civiles de los ciudadanos, de los que no puede apartarse nunca un gobierno leg\u00edtimo.<\/p>\n<p style=\"text-align: justify;\">Las investigaciones de Lippmann sobre estos dos conceptos y sobre las experiencias pol\u00edticas de su pa\u00eds y de otros de Europa lo llevaron a conclusiones que hoy aparecen como muy pol\u00e9micas.<\/p>\n<p style=\"text-align: justify;\">\n","protected":false},"excerpt":{"rendered":"<p>\u00a0Debemos retomar ahora lo dicho sobre el cuadro social, pol\u00edtico, econ\u00f3mico y cultural\u00a0 que presentaba el gran pa\u00eds del norte, los EEUU, en los comienzos del siglo XX. Si bien la conflictividad ya no era la de fines del XIX no hab\u00eda desaparecido, en las \u00e9lites gobernantes, el temor por nuevos estallidos. Tal vez, la\u00a0 [&hellip;]<\/p>\n","protected":false},"author":1,"featured_media":0,"comment_status":"open","ping_status":"open","sticky":false,"template":"","format":"standard","meta":{"footnotes":""},"categories":[1],"tags":[],"class_list":["post-1930","post","type-post","status-publish","format-standard","hentry","category-sin-categoria"],"_links":{"self":[{"href":"https:\/\/ricardovicentelopez.com.ar\/index.php?rest_route=\/wp\/v2\/posts\/1930","targetHints":{"allow":["GET"]}}],"collection":[{"href":"https:\/\/ricardovicentelopez.com.ar\/index.php?rest_route=\/wp\/v2\/posts"}],"about":[{"href":"https:\/\/ricardovicentelopez.com.ar\/index.php?rest_route=\/wp\/v2\/types\/post"}],"author":[{"embeddable":true,"href":"https:\/\/ricardovicentelopez.com.ar\/index.php?rest_route=\/wp\/v2\/users\/1"}],"replies":[{"embeddable":true,"href":"https:\/\/ricardovicentelopez.com.ar\/index.php?rest_route=%2Fwp%2Fv2%2Fcomments&post=1930"}],"version-history":[{"count":1,"href":"https:\/\/ricardovicentelopez.com.ar\/index.php?rest_route=\/wp\/v2\/posts\/1930\/revisions"}],"predecessor-version":[{"id":1931,"href":"https:\/\/ricardovicentelopez.com.ar\/index.php?rest_route=\/wp\/v2\/posts\/1930\/revisions\/1931"}],"wp:attachment":[{"href":"https:\/\/ricardovicentelopez.com.ar\/index.php?rest_route=%2Fwp%2Fv2%2Fmedia&parent=1930"}],"wp:term":[{"taxonomy":"category","embeddable":true,"href":"https:\/\/ricardovicentelopez.com.ar\/index.php?rest_route=%2Fwp%2Fv2%2Fcategories&post=1930"},{"taxonomy":"post_tag","embeddable":true,"href":"https:\/\/ricardovicentelopez.com.ar\/index.php?rest_route=%2Fwp%2Fv2%2Ftags&post=1930"}],"curies":[{"name":"wp","href":"https:\/\/api.w.org\/{rel}","templated":true}]}}