{"id":1919,"date":"2016-05-10T10:51:10","date_gmt":"2016-05-10T10:51:10","guid":{"rendered":"http:\/\/ricardovicentelopez.com.ar\/?p=1919"},"modified":"2016-05-10T10:51:10","modified_gmt":"2016-05-10T10:51:10","slug":"mirando-al-mundo-x-pensarlo-y-comprenderlo-ricardo-vicente-lopez-4-5-16-columna-no-57","status":"publish","type":"post","link":"https:\/\/ricardovicentelopez.com.ar\/?p=1919","title":{"rendered":"Mirando al mundo X \u2013 Pensarlo y comprenderlo &#8211; Ricardo Vicente L\u00f3pez \u2013-4-5-16 columna N\u00ba 57"},"content":{"rendered":"<p style=\"text-align: justify;\">\u00a0El paralelo que estoy proponiendo, comenzado en la columna anterior, puede presentar aristas arbitrarias, cosa que admito. No creo estar presentando una tesis doctoral, sino s\u00f3lo una especie de clave que nos lleve a comprender el origen, la historia, los resultados pol\u00edticos, sociales, econ\u00f3micos, etc., de dos pa\u00edses que tienen, mirado en sus l\u00edneas generales, semejanzas pero tambi\u00e9n profundas diferencias, y que tanto unas como otras nos permiten pensar el tiempo que nos toca vivir: los comienzos del siglo XXI.<\/p>\n<p style=\"text-align: justify;\">Sin embargo, esto hay que colocarlo s\u00f3lo como un punto de partida diferenciador: las potencialidades desarrolladas a partir de los procesos de independencia respectivos \u2013 fines del XVIII y comienzos del XIX&#8211;\u00a0 sentaron los cimientos de lo que pod\u00edan llegar a ser cada uno de ellos. <span style=\"text-decoration: underline;\">Una condici\u00f3n insoslayable es se\u00f1alar que las historias anteriores al proceso independizador quedaron marcadas por las herencias y rupturas de cada uno de ellos con el pa\u00eds central que hab\u00eda sido su metr\u00f3poli<\/span>. Los Estados Unidos nacientes se desprend\u00edan de la Gran Breta\u00f1a, que comenzaba su ciclo que la llevar\u00eda a ser el Imperio dominante hasta la Primera Guerra Mundial. Argentina, por su parte, cuyo nacimiento se puede aceptar se produce en 1816, se liberaba del Imperio espa\u00f1ol en franca decadencia. Ac\u00e1 se\u00f1alo dos partidas de nacimiento con herencias diferentes.<\/p>\n<p style=\"text-align: justify;\">Avancemos. <span style=\"text-decoration: underline;\">El genio militar y conquistador<\/span> EEUU, parte de su herencia, lo tuvo desde su mismo nacimiento, comenzando por las Trece colonias a fines del XIX dominaba gran parte de Am\u00e9rica del Norte. [Se pude consultar la columna anterior]. Nuestro pa\u00eds, por el genio de Jos\u00e9 de San Mart\u00edn y su esp\u00edritu americanista, liber\u00f3 gran parte de la Am\u00e9rica del Sur, pero no someti\u00f3 a esos pueblos a una dominaci\u00f3n colonial o a un sometimiento anexando sus territorios. <span style=\"text-decoration: underline;\">EEUU naci\u00f3n con vocaci\u00f3n imperial, Argentina proponiendo una uni\u00f3n fraternal<\/span> encabezada por Nuestro Liberador y Sim\u00f3n Bol\u00edvar. Subrayar estas diferencias de origen ayuda a comprender los procesos pol\u00edticos posteriores: <em>lo que pudieron ser y lo que son<\/em>. En el Norte las guerras, que pueden ser consideradas como interiores, fueron de conquistas y aniquilamiento de las poblaciones de los territorios que se anexaron. Las guerras intestinas nuestras apuntaban, desde diversas \u00f3pticas encontradas, a la unificaci\u00f3n de los territorios del antiguo virreinato para la consolidaci\u00f3n de una naci\u00f3n.<\/p>\n<p style=\"text-align: justify;\">Comencemos ahora a analizar ciertas semejanzas y diferencias en la concepci\u00f3n de las relaciones entre el estado y las poblaciones de sus territorios. Anunci\u00e9, en la columna anterior, que propondr\u00eda un paralelo entre dos personalidades pol\u00edticas destacadas que estudiaron, analizaron, diagnosticaron y definieron estrategias pol\u00edticas para, lo que hoy con terminolog\u00eda de las ciencias pol\u00edticas, denominar\u00edamos\u00a0 la gobernabilidad, c\u00f3mo institucionalizarla y c\u00f3mo hacerla estable. Esas dos personalidades son el estadounidense <span style=\"text-decoration: underline;\">Walter Lippmann (1889-1974) y el argentino Domingo F. Sarmiento (1811-1888).<\/span><\/p>\n<p style=\"text-align: justify;\">Esta propuesta debe ser pensada desde la situaci\u00f3n pol\u00edtica, cultural, econ\u00f3mica, social, etc., de los pa\u00edses respectivos, ante las cuales era mucho m\u00e1s lo que hab\u00eda que crear, inventar, dise\u00f1ar, con no muchas posibilidades de copiar de experiencias anteriores. Para ellos los dos demostraban una clara vocaci\u00f3n pol\u00edtica, una mente clara, anal\u00edtica, investigadora, cr\u00edtica, que no es poco decir cuando podemos compararlos con tantos pol\u00edticos de hoy. <span style=\"text-decoration: underline;\">Una gran capacidad creadora, m\u00e1s acad\u00e9mica en el estadounidense y m\u00e1s apasionada y cr\u00edtica mordaz en el nuestro; el primero era un miembro de un establishment ya consolidado, rico y en los inicios de la disputa por el poder mundial; el nuestro, un combativo que pertenec\u00eda a uno de los bandos en pugna por el poder pol\u00edtico<\/span>.<\/p>\n<p style=\"text-align: justify;\">Insisto con el centro del planteo que propongo: el problema m\u00e1s serio que se le presentaba a los EEUU de comienzos del siglo XX, que podr\u00edamos analizar hoy con un concepto de la politolog\u00eda: la\u00a0 gobernabilidad, conseguir la estabilidad de los gobiernos. Coincid\u00eda, en este sentido, con los an\u00e1lisis y decisiones pol\u00edticas de lo que se denomin\u00f3 Generaci\u00f3n del 80, la \u00e9lite gobernante de la Rep\u00fablica Argentina durante el crucial per\u00edodo de la <span style=\"text-decoration: underline;\">Rep\u00fablica Conservadora (1880\u20131916)<\/span>. Para nuestros personajes el problema era muy similar: una masa popular de muy escasa educaci\u00f3n c\u00edvica que era necesario encuadrarla dentro de las instituciones del sistema democr\u00e1tico, o de algo que se le pareciera. En ambos pa\u00edses predominaba un <span style=\"text-decoration: underline;\">ideal republicano<\/span> pero poco se hablaba de <span style=\"text-decoration: underline;\">democracia<\/span>.<\/p>\n","protected":false},"excerpt":{"rendered":"<p>\u00a0El paralelo que estoy proponiendo, comenzado en la columna anterior, puede presentar aristas arbitrarias, cosa que admito. No creo estar presentando una tesis doctoral, sino s\u00f3lo una especie de clave que nos lleve a comprender el origen, la historia, los resultados pol\u00edticos, sociales, econ\u00f3micos, etc., de dos pa\u00edses que tienen, mirado en sus l\u00edneas generales, [&hellip;]<\/p>\n","protected":false},"author":1,"featured_media":0,"comment_status":"open","ping_status":"open","sticky":false,"template":"","format":"standard","meta":{"footnotes":""},"categories":[1],"tags":[],"class_list":["post-1919","post","type-post","status-publish","format-standard","hentry","category-sin-categoria"],"_links":{"self":[{"href":"https:\/\/ricardovicentelopez.com.ar\/index.php?rest_route=\/wp\/v2\/posts\/1919","targetHints":{"allow":["GET"]}}],"collection":[{"href":"https:\/\/ricardovicentelopez.com.ar\/index.php?rest_route=\/wp\/v2\/posts"}],"about":[{"href":"https:\/\/ricardovicentelopez.com.ar\/index.php?rest_route=\/wp\/v2\/types\/post"}],"author":[{"embeddable":true,"href":"https:\/\/ricardovicentelopez.com.ar\/index.php?rest_route=\/wp\/v2\/users\/1"}],"replies":[{"embeddable":true,"href":"https:\/\/ricardovicentelopez.com.ar\/index.php?rest_route=%2Fwp%2Fv2%2Fcomments&post=1919"}],"version-history":[{"count":2,"href":"https:\/\/ricardovicentelopez.com.ar\/index.php?rest_route=\/wp\/v2\/posts\/1919\/revisions"}],"predecessor-version":[{"id":1921,"href":"https:\/\/ricardovicentelopez.com.ar\/index.php?rest_route=\/wp\/v2\/posts\/1919\/revisions\/1921"}],"wp:attachment":[{"href":"https:\/\/ricardovicentelopez.com.ar\/index.php?rest_route=%2Fwp%2Fv2%2Fmedia&parent=1919"}],"wp:term":[{"taxonomy":"category","embeddable":true,"href":"https:\/\/ricardovicentelopez.com.ar\/index.php?rest_route=%2Fwp%2Fv2%2Fcategories&post=1919"},{"taxonomy":"post_tag","embeddable":true,"href":"https:\/\/ricardovicentelopez.com.ar\/index.php?rest_route=%2Fwp%2Fv2%2Ftags&post=1919"}],"curies":[{"name":"wp","href":"https:\/\/api.w.org\/{rel}","templated":true}]}}