{"id":1891,"date":"2016-03-03T12:49:12","date_gmt":"2016-03-03T12:49:12","guid":{"rendered":"http:\/\/ricardovicentelopez.com.ar\/?p=1891"},"modified":"2016-03-03T12:49:12","modified_gmt":"2016-03-03T12:49:12","slug":"mirando-el-mundo-i-pensarlo-y-comprenderlo-columna-no-48-2-3-16","status":"publish","type":"post","link":"https:\/\/ricardovicentelopez.com.ar\/?p=1891","title":{"rendered":"Mirando el mundo I \u2013 Pensarlo y comprenderlo Columna N\u00ba 48 \u2013 2-3-16"},"content":{"rendered":"<p style=\"text-align: justify;\">Pensar el mundo es una tarea que presenta m\u00faltiples dificultades. Pero es, al mismo tiempo, una necesidad insoslayable para comprender lo que sucede alrededor nuestro \u2212 nuestro barrio, nuestra provincia, nuestro pa\u00eds, nuestro continente \u2212. Un profundo escritor, como el ruso Le\u00f3n Tolstoi (1828-1910) dijo, en una s\u00edntesis maravillosa: \u00abPinta tu aldea y pintar\u00e1s el mundo\u00bb. Creo que debe interpretarse como lo m\u00e1s inmediato y cotidiano en la vida humana, si sabemos mirarla, si miramos m\u00e1s all\u00e1 de la superficie, nos encontraremos con lo fundamental de los valores humanos.<br \/>\nDije si sabemos mirarla y la mirada se dirig\u00eda a la propia aldea. Esto nos enfrenta a un viejo tema de la filosof\u00eda que se ha preguntado por durante siglos: \u00bfqu\u00e9 es saber? \u00bfqu\u00e9 es conocer? Pero hoy, en tiempos de la globalizaci\u00f3n, las respuestas posibles deben incorporar al an\u00e1lisis las consecuencias de la mediatizaci\u00f3n \u2013la presencia de los medios\u2212 a la que se ve sometida la palabra que circula por los medios masivos. Ha quedado en un pasado irrecuperable aquella vida de las peque\u00f1as comunidades \u2013 la propia aldea\u2212, en la que todos se conoc\u00edan y lo que suced\u00eda era comentado cara a cara. Los hechos y su comunicaci\u00f3n no requer\u00edan de dispositivos comunicacionales. No debe ser entendido esto como la expresi\u00f3n de una melancol\u00eda por aquellos buenos tiempos. Es, simplemente una condici\u00f3n social moderna que no debemos soslayar.<br \/>\nLa Revoluci\u00f3n Industrial del siglo XVIII en Inglaterra dio comienzo a una nueva estructuraci\u00f3n social: los grandes aglomerados poblacionales. La condici\u00f3n de vecino de pueblo se fue transformando en ciudadano cuasi an\u00f3nimo de las grandes urbes. El conocimiento de los hechos cotidianos fue comunicado por el peri\u00f3dico, la radio y la televisi\u00f3n. Equivale a decir: entre el hecho nuevo y su conocimiento de parte del ciudadano se interpone una estructura dedicada a la informaci\u00f3n: a esto se lo denomin\u00f3 la mediatizaci\u00f3n, lo que se coloc\u00f3 en el medio.<br \/>\nLas viejas cuestiones mencionadas, \u00bfqu\u00e9 es saber? \u00bfqu\u00e9 es conocer? deben incorporar hoy la aparici\u00f3n de este nuevo instrumento t\u00e9cnico. Hoy se sabe y se conoce de acuerdo a lo que nos cuentan las personas que se encargan de esa tarea: los periodistas. Partamos de la mejor opini\u00f3n posible que tengamos de ellos, no pueden evitar que lo que cuentan est\u00e9 influido por su modo de pensar. Ellos seleccionar\u00e1n de la cantidad casi infinitas de hechos diarios aquello que, su experiencia profesional, les indique que es noticia.<br \/>\nNos enfrentamos a una nueva pregunta que no se hicieron los hombres de siglos atr\u00e1s: \u00bfqu\u00e9 es noticia? Una respuesta cl\u00e1sica nos ofreci\u00f3 William M. Aitken (1879-1964): \u00abSi un perro muerde a un hombre, no es noticia, si un hombre muerde a un perro, s\u00ed\u00bb. Si bien esto est\u00e1 dicho con fino humor ingl\u00e9s, no por ello deja de revelar un criterio b\u00e1sico del periodismo.<br \/>\nLa claridad de su enunciado nos permite comprender que quien est\u00e1 seleccionando, dentro de la acumulaci\u00f3n de hechos cotidianos, dejar\u00e1 de lado muchas mordidas de perro \u2013 que nunca conoceremos\u2212 hasta encontrar la mordida de un hombre \u2013 que ser\u00e1 noticia\u2212. La esencia de la profesi\u00f3n de un buen periodista es saber detectar aquella mordida que publicar\u00e1. La existencia necesaria de una selecci\u00f3n nos est\u00e1 diciendo que se ponen en juego los criterios, valores, juicios, gustos, opiniones de quien selecciona. Con la mayor buena voluntad e intenci\u00f3n no podr\u00e1 evitar que lo que publica sea lo que \u00e9l cree que se debe publicar. El periodista media entre los hechos y el p\u00fablico que se informa.<br \/>\nEntonces, debi\u00e9ramos tomar en cuenta que nuestro conocimiento est\u00e1 condicionado por la agenda de los medios y por el modo y la calidad de lo que ellos hagan. En otras palabras ya no podemos pintar nuestra propia aldea hoy la pintan otros por nosotros.<\/p>\n","protected":false},"excerpt":{"rendered":"<p>Pensar el mundo es una tarea que presenta m\u00faltiples dificultades. Pero es, al mismo tiempo, una necesidad insoslayable para comprender lo que sucede alrededor nuestro \u2212 nuestro barrio, nuestra provincia, nuestro pa\u00eds, nuestro continente \u2212. Un profundo escritor, como el ruso Le\u00f3n Tolstoi (1828-1910) dijo, en una s\u00edntesis maravillosa: \u00abPinta tu aldea y pintar\u00e1s el [&hellip;]<\/p>\n","protected":false},"author":1,"featured_media":0,"comment_status":"open","ping_status":"open","sticky":false,"template":"","format":"standard","meta":{"footnotes":""},"categories":[1],"tags":[],"class_list":["post-1891","post","type-post","status-publish","format-standard","hentry","category-sin-categoria"],"_links":{"self":[{"href":"https:\/\/ricardovicentelopez.com.ar\/index.php?rest_route=\/wp\/v2\/posts\/1891","targetHints":{"allow":["GET"]}}],"collection":[{"href":"https:\/\/ricardovicentelopez.com.ar\/index.php?rest_route=\/wp\/v2\/posts"}],"about":[{"href":"https:\/\/ricardovicentelopez.com.ar\/index.php?rest_route=\/wp\/v2\/types\/post"}],"author":[{"embeddable":true,"href":"https:\/\/ricardovicentelopez.com.ar\/index.php?rest_route=\/wp\/v2\/users\/1"}],"replies":[{"embeddable":true,"href":"https:\/\/ricardovicentelopez.com.ar\/index.php?rest_route=%2Fwp%2Fv2%2Fcomments&post=1891"}],"version-history":[{"count":1,"href":"https:\/\/ricardovicentelopez.com.ar\/index.php?rest_route=\/wp\/v2\/posts\/1891\/revisions"}],"predecessor-version":[{"id":1892,"href":"https:\/\/ricardovicentelopez.com.ar\/index.php?rest_route=\/wp\/v2\/posts\/1891\/revisions\/1892"}],"wp:attachment":[{"href":"https:\/\/ricardovicentelopez.com.ar\/index.php?rest_route=%2Fwp%2Fv2%2Fmedia&parent=1891"}],"wp:term":[{"taxonomy":"category","embeddable":true,"href":"https:\/\/ricardovicentelopez.com.ar\/index.php?rest_route=%2Fwp%2Fv2%2Fcategories&post=1891"},{"taxonomy":"post_tag","embeddable":true,"href":"https:\/\/ricardovicentelopez.com.ar\/index.php?rest_route=%2Fwp%2Fv2%2Ftags&post=1891"}],"curies":[{"name":"wp","href":"https:\/\/api.w.org\/{rel}","templated":true}]}}