{"id":1858,"date":"2015-12-17T21:55:47","date_gmt":"2015-12-17T21:55:47","guid":{"rendered":"http:\/\/ricardovicentelopez.com.ar\/?p=1858"},"modified":"2016-01-18T22:10:28","modified_gmt":"2016-01-18T22:10:28","slug":"41-democracia-capitalismo-s-a-iii","status":"publish","type":"post","link":"https:\/\/ricardovicentelopez.com.ar\/?p=1858","title":{"rendered":"41 &#8211; Democracia &#038; capitalismo S.A. III"},"content":{"rendered":"<p>Ricardo Vicente L\u00f3pez \u2013 11-11-15<br \/>\n<iframe loading=\"lazy\" width=\"100%\" height=\"100\" frameborder=\"0\" allowfullscreen=\"\" scrolling=\"no\" src=\"http:\/\/www.ivoox.com\/player_ej_10116228_2_1.html?data=kpWek5uWdpmhhpywj5aZaZS1kZWah5yncZOhhpywj5WRaZi3jpWah5yncZWljLLW1MbSqNCfxtGYz9rSqNChhpywj7fNp8LmxdSYuJOPkIa3lIqvldXJvo6ZmKialg%3D%3D&#038;\"><\/iframe><\/p>\n<p style=\"text-align: justify;\">Definido con mayor claridad y precisi\u00f3n los conceptos democracia y capitalismo, podemos avanzar en el an\u00e1lisis de los procesos socio-pol\u00edticos-econ\u00f3micos, sus dificultades y limitaciones, ante el poder concentrado de los intereses internacionales. Debe comenzar a entenderse que \u00e9stos han dise\u00f1ado un proyecto de avasallamiento de las culturas nacionales, presentado como la globalizaci\u00f3n. La cantidad de libros, art\u00edculos en revistas especializadas, notas en los medios de comunicaci\u00f3n, a los que hay que agregar los estudios acad\u00e9micos filtrados en la ense\u00f1anza secundaria y universitaria, fueron los textos mediante los cuales se adoctrin\u00f3 a una parte considerable de estudiantes y p\u00fablico general.<br \/>\nSe puede leer la definici\u00f3n que ofrece la Academia de la Lengua:<\/p>\n<p style=\"text-align: justify; padding-left: 30px;\">Proceso por el que las <span style=\"text-decoration: underline;\">econom\u00edas y mercados, con el desarrollo de las tecnolog\u00edas de la comunicaci\u00f3n, adquieren una dimensi\u00f3n mundial<\/span>, de modo que dependen cada vez m\u00e1s de los mercados externos y menos de la acci\u00f3n reguladora de los Gobiernos.<\/p>\n<p style=\"text-align: justify;\">Quiero subrayar el tono impersonal con que se describe es proceso, presentado como un fen\u00f3meno natural \u2013 m\u00e1s adelante vuelvo sobre esto\u2212. Algunas voces cr\u00edticas, en cambio, colocan el acento en la actividad humana en los procesos hist\u00f3ricos:<\/p>\n<p style=\"text-align: justify; padding-left: 30px;\">Predicaron que este proceso era el resultado de las fuerzas econ\u00f3mico-sociales del desarrollo de la historia de la humanidad. El hombre nada hab\u00eda hecho, ni pod\u00eda hacerlo, para provocarlo o evitarlo. Se hab\u00eda llegado a la superaci\u00f3n de las fronteras que divid\u00edan artificialmente a los hombres. El mundo hab\u00eda logrado ser una sola aldea global.<\/p>\n<p style=\"text-align: justify;\">Propongo, entonces, la lectura que Wikipedia nos ofrece sobre este tema un ligero acento en aspectos que a la Academia se les escapan:<\/p>\n<p style=\"text-align: justify; padding-left: 30px;\">La globalizaci\u00f3n es un proceso econ\u00f3mico, tecnol\u00f3gico, social y cultural a escala planetaria que consiste en la creciente <span style=\"text-decoration: underline;\">comunicaci\u00f3n e interdependencia entre los distintos pa\u00edses del mundo uniendo sus mercados, sociedades y culturas, a trav\u00e9s de una serie de transformaciones sociales, econ\u00f3micas y pol\u00edticas que les dan un car\u00e1cter global<\/span>. La globalizaci\u00f3n es a menudo identificada como un proceso din\u00e1mico producido principalmente <span style=\"text-decoration: underline;\">por las sociedades que viven bajo el capitalismo democr\u00e1tico o la democracia liberal, y que han abierto sus puertas a la revoluci\u00f3n inform\u00e1tica, llegando a un nivel considerable de liberalizaci\u00f3n y democratizaci\u00f3n en su cultura pol\u00edtica, en su ordenamiento jur\u00eddico y econ\u00f3mico nacional, y en sus relaciones internacionales<\/span>. (subrayados de RVL)<\/p>\n<p style=\"text-align: justify;\">Me permito destacar algunos conceptos que es necesario analizar. Habla de unir los mercados \u2014lo que parece ser un avance de la integraci\u00f3n\u2014 y afirma despu\u00e9s que el proceso fue producido por el capitalismo, lo cual debe ser le\u00eddo como el inter\u00e9s de los pa\u00edses centrales que, no ingenuamente, intentan ocultar sus modos imperiales de manejarse en el escenario internacional.<br \/>\nEl problema de la cultura o imaginario social debe ser agregado ahora para preguntarnos por el c\u00f3mo se presenta hoy la dominaci\u00f3n de los pa\u00edses centrales, que en una etapa anterior fue definida como colonialismo, ahora se dice que es una formaci\u00f3n global, incorporante, una agregaci\u00f3n de pueblos a un concierto polif\u00f3nico. \u00bfEs esto as\u00ed? \u00bfEs una simple incorporaci\u00f3n de caracter\u00edsticas articuladas con sus individualidades a un todo org\u00e1nico? O, por el contrario, \u00bfes un nuevo modo de sometimiento mucho m\u00e1s sutil, refinado, que dificulta su detecci\u00f3n?<br \/>\nDebemos continuar en el an\u00e1lisis de esos modos y conceptos \u2014 aparentemente neutros, utilizados por Wikipedia en la descripci\u00f3n del proceso globalizador\u2014 que pueden encontrarse en la variedad de textos publicados que circulan en las instituciones ya mencionadas (academias, universidades, centros culturales, etc.), as\u00ed como en todos los medios de comunicaci\u00f3n. Quiero llamar la atenci\u00f3n, una vez m\u00e1s, sobre la utilizaci\u00f3n de conceptos \u2013palabras\u2212 cuyos significados est\u00e1n manipulados para tergiversar \u2212seg\u00fan la Academia de la Lengua: \u00abDar una interpretaci\u00f3n forzada o err\u00f3nea a palabras o acontecimientos\u00bb\u2212. Es el operativo que se realiza respecto de los hechos analizados. Ahora, entonces, la palabra clave es globalizaci\u00f3n.<br \/>\nEste modo de apariencia ingenua, propuesta y fundamentada por la intelectualidad de los pa\u00edses centrales, es reproducido en las naciones dependientes, por lo general, sin una mirada cr\u00edtica de sus consecuencias. Agrego yo, incorporando la reflexi\u00f3n cr\u00edtica, que el vocablo \u201cglobalizaci\u00f3n\u201d deber\u00eda ser utilizado como verbo: el verbo exige el uso de la persona gramatical involucrada en la acci\u00f3n descripta. Este acto acarrea la necesidad de la pregunta: \u00bfQui\u00e9n globaliza? \u00bfQui\u00e9n es globalizado? De este modo, la globalizaci\u00f3n, como sustantivo, pierde su aparente condici\u00f3n de fuerza tel\u00farica, c\u00f3smica, clim\u00e1tica o hist\u00f3rica neutra, procesos en los que la voluntad humana no ha tenido cabida. Conjugar el verbo globalizar, como queda dicho, obliga a identificar la persona y, a partir de all\u00ed se imponen otras preguntas acerca de los porqu\u00e9s, los c\u00f3mo, los cu\u00e1ndo, etc. y deja al descubierto los prop\u00f3sitos y los intereses que est\u00e1n actuando. Continuemos leyendo y pensando la definici\u00f3n propuesta por la p\u00e1gina Wikipedia:<\/p>\n<p style=\"text-align: justify; padding-left: 30px;\">En lo econ\u00f3mico, <span style=\"text-decoration: underline;\">se caracteriza por la integraci\u00f3n de producciones locales en una econom\u00eda de mercado mundial, cuyos modos de producci\u00f3n y movimientos de capital se configuran a escala planetaria (Nueva Econom\u00eda)<\/span>. As\u00ed, cobran mayor importancia en el rol de las empresas multinacionales y la libre circulaci\u00f3n de capitales, junto con la implantaci\u00f3n definitiva de la sociedad de consumo.<\/p>\n<p style=\"text-align: justify;\">Podemos verificar en este p\u00e1rrafo el modo neutro, indiferente, vago e indefinido, de la descripci\u00f3n. La utilizaci\u00f3n de \u201cse caracteriza\u201d, una forma del impersonal \u2013 equivalente a se est\u00e1 nublando\u2212 esconde el sujeto de la afirmaci\u00f3n. Dice la Academia:<\/p>\n<p style=\"text-align: justify; padding-left: 30px;\">Una oraci\u00f3n impersonal es aquella que no tiene sujeto expl\u00edcito ni puede estar sobrentendido, es decir, ning\u00fan elemento presente en la oraci\u00f3n (expl\u00edcito) desempe\u00f1a la funci\u00f3n de sujeto y tampoco est\u00e1 omitido.<\/p>\n<p style=\"text-align: justify;\">Creo que se est\u00e1 empezando a develar lo que se oculta con este modo de tratar la globalizaci\u00f3n como un fen\u00f3meno.<\/p>\n","protected":false},"excerpt":{"rendered":"<p>Ricardo Vicente L\u00f3pez \u2013 11-11-15 Definido con mayor claridad y precisi\u00f3n los conceptos democracia y capitalismo, podemos avanzar en el an\u00e1lisis de los procesos socio-pol\u00edticos-econ\u00f3micos, sus dificultades y limitaciones, ante el poder concentrado de los intereses internacionales. Debe comenzar a entenderse que \u00e9stos han dise\u00f1ado un proyecto de avasallamiento de las culturas nacionales, presentado como [&hellip;]<\/p>\n","protected":false},"author":1,"featured_media":0,"comment_status":"open","ping_status":"open","sticky":false,"template":"","format":"standard","meta":{"footnotes":""},"categories":[1],"tags":[],"class_list":["post-1858","post","type-post","status-publish","format-standard","hentry","category-sin-categoria"],"_links":{"self":[{"href":"https:\/\/ricardovicentelopez.com.ar\/index.php?rest_route=\/wp\/v2\/posts\/1858","targetHints":{"allow":["GET"]}}],"collection":[{"href":"https:\/\/ricardovicentelopez.com.ar\/index.php?rest_route=\/wp\/v2\/posts"}],"about":[{"href":"https:\/\/ricardovicentelopez.com.ar\/index.php?rest_route=\/wp\/v2\/types\/post"}],"author":[{"embeddable":true,"href":"https:\/\/ricardovicentelopez.com.ar\/index.php?rest_route=\/wp\/v2\/users\/1"}],"replies":[{"embeddable":true,"href":"https:\/\/ricardovicentelopez.com.ar\/index.php?rest_route=%2Fwp%2Fv2%2Fcomments&post=1858"}],"version-history":[{"count":3,"href":"https:\/\/ricardovicentelopez.com.ar\/index.php?rest_route=\/wp\/v2\/posts\/1858\/revisions"}],"predecessor-version":[{"id":1874,"href":"https:\/\/ricardovicentelopez.com.ar\/index.php?rest_route=\/wp\/v2\/posts\/1858\/revisions\/1874"}],"wp:attachment":[{"href":"https:\/\/ricardovicentelopez.com.ar\/index.php?rest_route=%2Fwp%2Fv2%2Fmedia&parent=1858"}],"wp:term":[{"taxonomy":"category","embeddable":true,"href":"https:\/\/ricardovicentelopez.com.ar\/index.php?rest_route=%2Fwp%2Fv2%2Fcategories&post=1858"},{"taxonomy":"post_tag","embeddable":true,"href":"https:\/\/ricardovicentelopez.com.ar\/index.php?rest_route=%2Fwp%2Fv2%2Ftags&post=1858"}],"curies":[{"name":"wp","href":"https:\/\/api.w.org\/{rel}","templated":true}]}}