{"id":1840,"date":"2015-10-24T21:42:13","date_gmt":"2015-10-24T21:42:13","guid":{"rendered":"http:\/\/ricardovicentelopez.com.ar\/?p=1840"},"modified":"2015-10-24T21:42:13","modified_gmt":"2015-10-24T21:42:13","slug":"38-descubrimiento-o-encubrimiento-de-america-iii","status":"publish","type":"post","link":"https:\/\/ricardovicentelopez.com.ar\/?p=1840","title":{"rendered":"38.- Descubrimiento o encubrimiento de Am\u00e9rica III"},"content":{"rendered":"<p style=\"text-align: justify;\">Ricardo Vicente L\u00f3pez &#8211; 21-10-15<br \/>\n<iframe loading=\"lazy\" src=\"http:\/\/www.ivoox.com\/player_ej_9142540_2_1.html?data=mpahlJqYdI6ZmKiak5eJd6KpmZKSmaiRdo6ZmKiakpKJe6ShkZKSmaiRd5mfrs7fw9PIs4zZzZDa19PIs46ZmKiatM7HpdPY0JDDkJCwaaSnhqeg0srecYarpJKh&amp;\" width=\"100%\" height=\"100\" frameborder=\"0\" scrolling=\"no\" allowfullscreen=\"allowfullscreen\"><\/iframe><br \/>\nPropongo ahora otra mirada sobre este tema partiendo de la pregunta: \u00bfQui\u00e9nes fueron los beneficiarios de ese acontecimiento? Porque no queda ninguna duda que fue una acontecimiento, en su car\u00e1cter de ser fundante de un mundo nuevo. Un suceso hist\u00f3rico de una dimensi\u00f3n tal que no fue percibida \u2013o fue ocultada\u2212 por diversas razones, entre los que escribieron sobre \u00e9l. Una de esas razones es que de haberse tomado conciencia de su magnitud, de haberse evaluado correctamente su profundidad, hubiera desmerecido el relato de la auto-realizaci\u00f3n de la Europa Moderna. El capitalismo, que aparece en los manuales como el resultado de la creaci\u00f3n de la burgues\u00eda centroeuropea, tambi\u00e9n se hubiera visto obligado a reconocer el inmenso aporte del oro americano, sin el cual no se hubiera sido posible su expansi\u00f3n, tal como se dio a partir del siglo XVIII. Parte de esto ya lo hemos visto.<br \/>\nEn un art\u00edculo publicado recientemente (12-10-15) como una propuesta de reflexionar sobre lo que no se dice de esa fecha, titulado 12 de octubre &#8211; una herida abierta, su autor Marcelo Colussi \u2212 escritor y polit\u00f3logo de origen argentino, Licenciado en Filosof\u00eda e Investigador del Instituto de Problemas Nacionales de la Universidad de San Carlos de Guatemala \u2212 ofrece una mirada que se aparta de las tan consabidas publicaciones. Comienza afirmando con cierto tono provocativo \u2013en el sentido de que intenta provocar una reflexi\u00f3n\u2212:<\/p>\n<p style=\"text-align: justify; padding-left: 30px;\">Puede decirse, sin temor a equivocarnos, que en el amanecer de ese d\u00eda de 1492 comenz\u00f3 el verdadero proceso de la globalizaci\u00f3n que fue, al mismo tiempo, el ocaso de las civilizaciones americanas originarias. M\u00e1s de cinco siglos han pasado desde aquel entonces, y la deuda pendiente no parece llegar a su fin. En un sentido, esa deuda es impagable.<\/p>\n<p style=\"text-align: justify;\">Establece un paralelo, entre esos dos procesos, que denuncia: la globalizaci\u00f3n y el etnocidio \u2212 el proceso imperial y exterminio de las culturas del continente americano\u2212. Esos comienzos no refieren simplemente una correspondencia temporal, una simultaneidad, sino, por el contrario, que se entrelazan mutuamente en relaciones causales: La riqueza del primer mundo tiene una enorme deuda con el saqueo de las riquezas del mundo conquistado:<\/p>\n<p style=\"text-align: justify; padding-left: 30px;\">El \u201cdescubrimiento\u201d de Am\u00e9rica fue la condici\u00f3n de posibilidad del \u201cinicio del mundo moderno capitalista\u201d. Es un hecho de una trascendencia sin par en la historia de la Humanidad: inaugura un escenario novedoso que sienta las bases para la universalizaci\u00f3n de la cultura del imperio dominante, a escala planetaria luego con la entrada triunfal de las tecnolog\u00edas de la comunicaci\u00f3n e informaci\u00f3n que vuelven al planeta una verdadera aldea global.<\/p>\n<p style=\"text-align: justify;\">Nac\u00eda as\u00ed la Modernidad europea, una cultura expansionista que se considerar\u00e1 a s\u00ed misma la civilizaci\u00f3n. Esta cultura, su concepci\u00f3n del hombre, de las relaciones sociales, su cosmovisi\u00f3n se fue convirtiendo, seg\u00fan nuestro autor:<\/p>\n<p style=\"text-align: justify; padding-left: 30px;\">En el \u00abModo de vida occidental\u00bb, pero podr\u00eda llamarse con terminolog\u00eda actual: libre empresa, o econom\u00eda de mercado. La llegada de los europeos a tierra americana y su posterior conquista fue la savia vital que aliment\u00f3 la expansi\u00f3n del capitalismo. El 12 de octubre marca, entonces, la irrupci\u00f3n violenta de la avidez capitalista europea en el mundo, llev\u00e1ndose por delante toda forma de resistencia que se le opusiera, y haciendo de su cultura la \u00fanica v\u00e1lida y leg\u00edtima, vestida con las ropas de la \u00abcivilizaci\u00f3n\u00bb. Lo dem\u00e1s fue condenado al estatuto de barbarie.<\/p>\n<p style=\"text-align: justify;\">Por todo ello no hay nada que festejar para los pueblos de la Amerindia. Cuando se corre el tel\u00f3n del relato almibarado s\u00f3lo aparece miseria, sangre, fuego. Esa es la raz\u00f3n que impide hablar de festejos. Las heridas de esa larga historia, de m\u00e1s de quinientos a\u00f1os, no han sido cerradas porque se las neg\u00f3 y, por lo tanto, qued\u00f3 oculta en los corazones de los habitantes originarios, de los criollos y sus descendientes. Se puede preguntar \u00bfQui\u00e9n la va a pagar? \u00bfEs posible pagarla? Muy posiblemente \u00a1NO! Un aspecto de esa deuda es de car\u00e1cter cultural y ha penetrado profundamente en la conciencia americana:<\/p>\n<p style=\"text-align: justify; padding-left: 30px;\">Pero hay algo bien importante: el triunfo de la conquista fue muy grande, y los latinoamericanos seguimos sufriendo hoy \u00abcomplejos de inferioridad\u00bb. No es infrecuente ver en cualquier ciudad latinoamericana, o incluso en sus regiones rurales, a alg\u00fan ciudadano (hombre o mujer) de aspecto aindiado, moreno \u2212en definitiva: no-blanco desde el punto de vista fenot\u00edpico\u2212 con el cabello te\u00f1ido de rubio. Los palacios gubernamentales, a\u00fan rodeados de palmeras y bajo abrasadores soles tropicales, deben tener muchas columnas j\u00f3nicas y d\u00f3ricas con amplias escalinatas de m\u00e1rmol como los de los \u00abhombres blancos\u00bb del norte. La juventud \u00abchic\u00bb canta en ingl\u00e9s. Y en diciembre, \u00a1por supuesto!, los shopping centers se llenan de pinos pl\u00e1sticos y nieve artificial con un viejo barbudo vestido con trajes de piel (que no se sabe de qu\u00e9 se r\u00ede\u2026) y que viaja en trineo (\u00bftrineo para la nieve en nuestros pa\u00edses?).<\/p>\n<p style=\"text-align: justify;\">Conferencia del Cacique Guaicaipuro Cuat\u00e9moc ante la reuni\u00f3n de los Jefes de Estado de la Comunidad Europea (2003)<\/p>\n<p style=\"text-align: justify;\">Presento un fragmento de una obra de ficci\u00f3n, que merece ser le\u00eddo y difundido. El autor, Luis Britto Garc\u00eda (1940), es abogado y Doctor en Leyes en la Universidad Central de Venezuela.<\/p>\n<p style=\"text-align: justify;\">\u00abAqu\u00ed pues yo, Guaicaipuro Cuat\u00e9moc, he venido a encontrar a los que celebran el encuentro. Aqu\u00ed pues yo, descendiente de los que poblaron la Am\u00e9rica hace cuarenta mil a\u00f1os, he venido a encontrar a los que se encontraron hace quinientos a\u00f1os. Aqu\u00ed pues nos encontramos todos. Sabemos lo que somos, y es bastante. Nunca tendremos otra cosa\u2026<br \/>\nEl hermano usurero europeo me pide pago de una deuda contra\u00edda por Judas, a quien nunca autoric\u00e9 a venderme. El hermano leguleyo europeo me explica que toda deuda se paga con intereses, aunque sea vendiendo seres humanos y pa\u00edses enteros, sin pedirles consentimiento. Yo los voy descubriendo. Tambi\u00e9n yo puedo reclamar pagos, tambi\u00e9n puedo reclamar intereses. Consta en el Archivo de Indias: papel sobre papel, recibo sobre recibo, firma sobre firma, que solamente entre el a\u00f1o 1503 y 1660 llegaron a Sanl\u00facar de Barrameda [Andaluc\u00eda] 185 mil Kg de oro y 16 millones Kg de plata provenientes de Am\u00e9rica. \u00bfSaqueo? \u00a1No lo creyera yo! Porque ser\u00eda pensar que los hermanos cristianos faltaron al S\u00e9ptimo Mandamiento. \u00bfExpoliaci\u00f3n? \u00a1Gu\u00e1rdeme Tonantzin de figurarme que los europeos, como Ca\u00edn, matan y niegan la sangre del hermano! \u00bfGenocidio? \u00a1Eso ser\u00eda dar cr\u00e9dito a calumniadores como Bartolom\u00e9 de las Casas, que califican al encuentro de \u201cdestrucci\u00f3n de las Indias\u201d.<br \/>\n\u00a1No! Esos 185 mil Kg de oro y 16 millones Kg de plata deben ser considerados como el primero de muchos pr\u00e9stamos amigables de Am\u00e9rica destinados al desarrollo de Europa. Lo contrario ser\u00eda presumir la existencia de cr\u00edmenes de guerra, lo que dar\u00eda derecho no s\u00f3lo a exigir su devoluci\u00f3n inmediata, sino la indemnizaci\u00f3n por da\u00f1os y perjuicios. Yo, Guaicaipuro Cuat\u00e9moc, prefiero creer en la menos ofensiva de las hip\u00f3tesis\u00bb.<\/p>\n<p style=\"text-align: justify;\">Versi\u00f3n completa en<br \/>\n<a href=\"http:\/\/www.pepe-rodriguez.com\/Ecologia_Consumo\/Deuda_externa_indigena.htm\" target=\"_blank\">http:\/\/www.pepe-rodriguez.com\/Ecologia_Consumo\/Deuda_externa_indigena.htm<\/a><\/p>\n","protected":false},"excerpt":{"rendered":"<p>Ricardo Vicente L\u00f3pez &#8211; 21-10-15 Propongo ahora otra mirada sobre este tema partiendo de la pregunta: \u00bfQui\u00e9nes fueron los beneficiarios de ese acontecimiento? Porque no queda ninguna duda que fue una acontecimiento, en su car\u00e1cter de ser fundante de un mundo nuevo. Un suceso hist\u00f3rico de una dimensi\u00f3n tal que no fue percibida \u2013o fue [&hellip;]<\/p>\n","protected":false},"author":1,"featured_media":0,"comment_status":"open","ping_status":"open","sticky":false,"template":"","format":"standard","meta":{"footnotes":""},"categories":[1],"tags":[],"class_list":["post-1840","post","type-post","status-publish","format-standard","hentry","category-sin-categoria"],"_links":{"self":[{"href":"https:\/\/ricardovicentelopez.com.ar\/index.php?rest_route=\/wp\/v2\/posts\/1840","targetHints":{"allow":["GET"]}}],"collection":[{"href":"https:\/\/ricardovicentelopez.com.ar\/index.php?rest_route=\/wp\/v2\/posts"}],"about":[{"href":"https:\/\/ricardovicentelopez.com.ar\/index.php?rest_route=\/wp\/v2\/types\/post"}],"author":[{"embeddable":true,"href":"https:\/\/ricardovicentelopez.com.ar\/index.php?rest_route=\/wp\/v2\/users\/1"}],"replies":[{"embeddable":true,"href":"https:\/\/ricardovicentelopez.com.ar\/index.php?rest_route=%2Fwp%2Fv2%2Fcomments&post=1840"}],"version-history":[{"count":1,"href":"https:\/\/ricardovicentelopez.com.ar\/index.php?rest_route=\/wp\/v2\/posts\/1840\/revisions"}],"predecessor-version":[{"id":1841,"href":"https:\/\/ricardovicentelopez.com.ar\/index.php?rest_route=\/wp\/v2\/posts\/1840\/revisions\/1841"}],"wp:attachment":[{"href":"https:\/\/ricardovicentelopez.com.ar\/index.php?rest_route=%2Fwp%2Fv2%2Fmedia&parent=1840"}],"wp:term":[{"taxonomy":"category","embeddable":true,"href":"https:\/\/ricardovicentelopez.com.ar\/index.php?rest_route=%2Fwp%2Fv2%2Fcategories&post=1840"},{"taxonomy":"post_tag","embeddable":true,"href":"https:\/\/ricardovicentelopez.com.ar\/index.php?rest_route=%2Fwp%2Fv2%2Ftags&post=1840"}],"curies":[{"name":"wp","href":"https:\/\/api.w.org\/{rel}","templated":true}]}}