{"id":1773,"date":"2015-08-19T14:46:55","date_gmt":"2015-08-19T14:46:55","guid":{"rendered":"http:\/\/ricardovicentelopez.com.ar\/?p=1773"},"modified":"2015-08-19T14:46:55","modified_gmt":"2015-08-19T14:46:55","slug":"28-los-medios-de-comunicacion-nuevo-orden-mundial-de-la-informacion-y-la-comunicacion","status":"publish","type":"post","link":"https:\/\/ricardovicentelopez.com.ar\/?p=1773","title":{"rendered":"28 &#8211; Los medios de comunicaci\u00f3n &#8211; Nuevo Orden Mundial de la Informaci\u00f3n y la Comunicaci\u00f3n"},"content":{"rendered":"<p>Ricardo Vicente L\u00f3pez \u2013 12-8-15<br \/>\n<iframe loading=\"lazy\" src=\"http:\/\/www.ivoox.com\/player_ej_7116897_2_1.html?data=mJaemJ2de46ZmKiakpWJd6KkkZKSmaiRdI6ZmKiakpKJe6ShkZKSmaiRdpmfrs7fw9PIs4zZzZDa19PIs46ZmKiatM7HpdPY0JDDkJCwaaSnhqeg0srecYarpJKh&amp;\" width=\"100%\" height=\"100\" frameborder=\"0\" scrolling=\"no\" allowfullscreen=\"allowfullscreen\"><\/iframe><\/p>\n<p style=\"text-align: justify;\">Volvemos a la saga del Nuevo Orden Mundial. En una columna anterior apareci\u00f3 mencionado un personaje extra\u00f1o, para estos tiempos de mercados globalizados, mercantilizaci\u00f3n del pensamiento, desvalorizaci\u00f3n de la palabra&#8230; Estos son tiempos en los que el horizonte directivo de la pol\u00edtica, la econom\u00eda, las finanzas, \u2013conformado por todos aquellos cuya meta es obtener un cargo de algo en alguna parte\u2212\u00a0 aparece sometido a la l\u00f3gica de las t\u00e1cticas y maniobras de corto alcance. Esto no significa que no haya necesarias y posibles excepciones. Sus objetivos de m\u00e1xima se reducen a la obtenci\u00f3n de peque\u00f1os triunfos para ubicarse en posiciones de privilegio. Con conciencia o sin ella de la deuda que contraen, directa o indirectamente, con los grandes jefes de las multinacionales.<br \/>\nEs por ello que detenerse, aunque m\u00e1s no sea brevemente, en algunos perfiles de la vida de Se\u00e1n MacBride, es hablar de un tipo humano que en las d\u00e9cadas \u00faltimas, caracterizadas por la mercantilizaci\u00f3n de la vida, pareciera haber haberse encaminado a su extinci\u00f3n. Sin embargo, a\u00fan siguen naciendo personas de esa estirpe aunque los medios no permiten que las conozcamos. Debo confesar que esos personajes extra\u00f1os me apasionan. Hay una expresi\u00f3n inglesa que los denomina los outsiders. Son rebeldes frente a sistemas injustos, opresores, deshumanizantes.<br \/>\nNuestro personaje fue un irland\u00e9s, que vivi\u00f3 bajo el sometimiento a la monarqu\u00eda brit\u00e1nica, por lo que no puede sorprender que su vida haya sido la de un rebelde indomable. Ese tipo de persona a las que se refer\u00eda Beltold Brecht: \u00abHay personas que luchan un d\u00eda y son buenas. Hay otros que luchan un a\u00f1o y son mejores. Hay personas que luchan muchos a\u00f1os y son muy buenas. Pero hay personas que luchan toda la vida: esas son las insustituibles\u00bb. Veamos:<\/p>\n<p style=\"text-align: justify; padding-left: 30px;\">Naci\u00f3 en Dubl\u00edn en 1904, fue desde muy joven un activista y pol\u00edtico que militaba por la\u00a0 independencia de su patria. Cuando ten\u00eda 13 a\u00f1os, se uni\u00f3 al Ej\u00e9rcito Republicano Irland\u00e9s (IRA), una organizaci\u00f3n rebelde, compuesta por voluntarios irlandeses que abogaban por un Estado soberano e independiente respecto al Reino Unido. Definiendo como su territorio la isla entera de Irlanda, incluyendo la naci\u00f3n constitutiva de Irlanda del Norte. Lleg\u00f3 a ser Jefe del Estado Mayor de esa organizaci\u00f3n. La abandon\u00f3 en 1936 para seguir el camino institucional. Al a\u00f1o siguiente, termin\u00f3 sus estudios de Derecho en la Universidad de Dubl\u00edn y trabaj\u00f3 como periodista. En 1950 lleg\u00f3 a ser Presidente de los Ministros de Asuntos Exteriores del Consejo de Europa y Vicepresidente de la Organizaci\u00f3n para la Cooperaci\u00f3n Econ\u00f3mica Europea.<\/p>\n<p style=\"text-align: justify;\">MacBride perteneci\u00f3 a un grupo de abogados que fund\u00f3 en el Reino Unido la organizaci\u00f3n Justice (Justicia), basada en los derechos humanos y la reforma de la Ley. Particip\u00f3 en numerosas organizaciones internacionales relativas a los derechos humanos, entre ellas fue Administrador de la International Prisoners of Conscience Fund (Fundaci\u00f3n Internacional de Presos de Conciencia), cuya tarea fue la defensa de todos aquellos que se negaban a conductas que contradec\u00edan sus convicciones m\u00e1s profundas (raza, religi\u00f3n, pol\u00edtica, etc.).<br \/>\nLleg\u00f3 a ser miembro fundador de Amnist\u00eda Internacional y presidente de la misma. Hizo una gran campa\u00f1a contra la persecuci\u00f3n, la intolerancia y las injusticias. Por su trayectoria fue elegido Secretario General de la Comisi\u00f3n Internacional de Juristas. Durante este tiempo cre\u00f3 y fue Presidente de la Junta de Organizaciones no Gubernamentales que defend\u00edan la protecci\u00f3n de los derechos humanos. Tambi\u00e9n fue elegido en dos ocasiones Presidente de la Cumbre Internacional de la Paz.<br \/>\nEn 1971 escribi\u00f3 The Right to Refuse to Kill: A New Guide to Conscientious Objection and Service Refusal (castellano: El derecho de negarse a matar: una nueva gu\u00eda para objetores de conciencia). En 1977 fue nombrado presidente de la Comisi\u00f3n Internacional de Comunicaci\u00f3n. M\u00e1s tarde, en 1980, fue nombrado presidente de la Organizaci\u00f3n de las Naciones Unidas para la Educaci\u00f3n, la Ciencia y la Cultura (UNESCO).<br \/>\nSu trabajo dentro del \u00e1mbito de la comunicaci\u00f3n se relaciona principalmente con la etapa de su Presidencia de la Comisi\u00f3n Internacional de Comunicaci\u00f3n. En esta comisi\u00f3n se debatieron los problemas que se diagnosticaron en el campo de la comunicaci\u00f3n, cuyas causas fueron definidas como las alteraciones que ten\u00edan origen en las nuevas tecnolog\u00edas, las trabas al libre flujo comunicativo, etc. Como resultado de esos debates surgi\u00f3 lo que se denomin\u00f3 el NOMIC (Nuevo Orden Internacional de la Informaci\u00f3n y de la Comunicaci\u00f3n), que dio lugar a la redacci\u00f3n del Informe MacBride. Este informe mostraba perfiles de una cr\u00edtica muy dura a la desigualdad que se hab\u00eda instalado en el campo internacional de la comunicaci\u00f3n entre pa\u00edses con accesos muy diversos a los medios de informaci\u00f3n.<br \/>\nEl \u201cInforme MacBride\u201d se realiz\u00f3 en 1980 y surgi\u00f3 como instrumento de denuncia sobre la calidad, la distribuci\u00f3n y el dispar acceso a la informaci\u00f3n que exist\u00eda en aquella \u00e9poca. Las grandes compa\u00f1\u00edas de comunicaci\u00f3n controlaban el medio y las noticias que siempre eran las mismas. Este informe fue editado en la lengua espa\u00f1ola bajo el nombre de Un solo mundo, m\u00faltiples voces que se convirti\u00f3 en un texto relevante a escala mundial. Lo corrosivo de los an\u00e1lisis y la dureza de las conclusiones del Informe de la UNESCO, present\u00f3 una novedad pol\u00edtica inesperada y altamente conflictiva. MacBride a sus 76 a\u00f1os no dejaba de ser un rebelde.<br \/>\nDesde el punto de vista de la historia de estos organismos internacionales se hab\u00eda producido, sin antecedentes previos, una desobediencia y un enfrentamiento con los poderes que dominaban el mundo comunicacional.<br \/>\nEn el debate en Naciones Unidas por el contenido del Informe los Estados Unidos rechazaron sus contenidos. Siendo uno de sus principales componentes y aportantes a la financiaci\u00f3n de la UNESCO tom\u00f3 la decisi\u00f3n retirarse de la organizaci\u00f3n y quitar la financiaci\u00f3n para su funcionamiento.<\/p>\n","protected":false},"excerpt":{"rendered":"<p>Ricardo Vicente L\u00f3pez \u2013 12-8-15 Volvemos a la saga del Nuevo Orden Mundial. En una columna anterior apareci\u00f3 mencionado un personaje extra\u00f1o, para estos tiempos de mercados globalizados, mercantilizaci\u00f3n del pensamiento, desvalorizaci\u00f3n de la palabra&#8230; Estos son tiempos en los que el horizonte directivo de la pol\u00edtica, la econom\u00eda, las finanzas, \u2013conformado por todos aquellos [&hellip;]<\/p>\n","protected":false},"author":1,"featured_media":0,"comment_status":"open","ping_status":"open","sticky":false,"template":"","format":"standard","meta":{"footnotes":""},"categories":[1],"tags":[],"class_list":["post-1773","post","type-post","status-publish","format-standard","hentry","category-sin-categoria"],"_links":{"self":[{"href":"https:\/\/ricardovicentelopez.com.ar\/index.php?rest_route=\/wp\/v2\/posts\/1773","targetHints":{"allow":["GET"]}}],"collection":[{"href":"https:\/\/ricardovicentelopez.com.ar\/index.php?rest_route=\/wp\/v2\/posts"}],"about":[{"href":"https:\/\/ricardovicentelopez.com.ar\/index.php?rest_route=\/wp\/v2\/types\/post"}],"author":[{"embeddable":true,"href":"https:\/\/ricardovicentelopez.com.ar\/index.php?rest_route=\/wp\/v2\/users\/1"}],"replies":[{"embeddable":true,"href":"https:\/\/ricardovicentelopez.com.ar\/index.php?rest_route=%2Fwp%2Fv2%2Fcomments&post=1773"}],"version-history":[{"count":1,"href":"https:\/\/ricardovicentelopez.com.ar\/index.php?rest_route=\/wp\/v2\/posts\/1773\/revisions"}],"predecessor-version":[{"id":1774,"href":"https:\/\/ricardovicentelopez.com.ar\/index.php?rest_route=\/wp\/v2\/posts\/1773\/revisions\/1774"}],"wp:attachment":[{"href":"https:\/\/ricardovicentelopez.com.ar\/index.php?rest_route=%2Fwp%2Fv2%2Fmedia&parent=1773"}],"wp:term":[{"taxonomy":"category","embeddable":true,"href":"https:\/\/ricardovicentelopez.com.ar\/index.php?rest_route=%2Fwp%2Fv2%2Fcategories&post=1773"},{"taxonomy":"post_tag","embeddable":true,"href":"https:\/\/ricardovicentelopez.com.ar\/index.php?rest_route=%2Fwp%2Fv2%2Ftags&post=1773"}],"curies":[{"name":"wp","href":"https:\/\/api.w.org\/{rel}","templated":true}]}}