{"id":1752,"date":"2015-07-16T11:59:43","date_gmt":"2015-07-16T11:59:43","guid":{"rendered":"http:\/\/ricardovicentelopez.com.ar\/?p=1752"},"modified":"2015-07-16T11:59:43","modified_gmt":"2015-07-16T11:59:43","slug":"el-mito-del-mercado-libre-ii-2","status":"publish","type":"post","link":"https:\/\/ricardovicentelopez.com.ar\/?p=1752","title":{"rendered":"El mito del mercado libre II"},"content":{"rendered":"<p style=\"text-align: justify;\">La batalla cultural, mencionada en la nota anterior, impone una actitud que podr\u00eda denominarse de estudio, o de lectura de algunos textos necesarios para arrojar una luz que disperse las tinieblas con las que los medios concentrados enturbian nuestro entendimiento. Un texto muy \u00fatil es el que nos ofrece el Dr. David Casassas, Profesor e Investigador de la Universidad de Barcelona. En \u00e9l se aborda una cr\u00edtica a la desacertada comprensi\u00f3n de algunos textos cl\u00e1sicos muy difundidos, error que, por una cierta ignorancia o por intensiones perversas, se han ido repitiendo hasta en lugares que sorprenden \u2013 como la c\u00e1tedra universitaria\u2212:<\/p>\n<p style=\"text-align: justify; padding-left: 30px;\">\u00abQuiz\u00e1 haya confusi\u00f3n en el hecho de atribuir una g\u00e9nesis liberal a ideas de origen claramente republicano: las ideas de Locke, de Smith, de quienes hicieron la revoluci\u00f3n inglesa en el XVII y la francesa y la americana en el XVIII. Ellos no optaron por un mundo liberal en el que la igualdad ante la ley es criterio de libertad. Lo que pasa es que, en los dos \u00faltimos siglos, se hizo una utilizaci\u00f3n interesada de estos supuestos padres del liberalismo pol\u00edtico y econ\u00f3mico y los presentaron como adalides de un capitalismo que en ning\u00fan modo se asemeja a lo que dejaron en sus escritos. Ellos pensaron el republicanismo comercial, una sociedad libre en el mundo de la manufactura y del comercio, antes de la aparici\u00f3n, en el XIX, del capitalismo industrial, que se fue extendiendo y que rompi\u00f3 por completo con la \u00e9tica y la preceptiva pol\u00edtica de estos autores.<\/p>\n<p style=\"text-align: justify;\">Este tipo de cr\u00edticas nos permite reflexionar con m\u00e1s detenimiento sobre ideas que, en la modalidad de la expresi\u00f3n period\u00edstica, circulan impunemente como verdades sacralizadas. Las certezas desde las que se elaboran los textos, comentarios, discursos pol\u00edticos, de los medios no son el resultado de una investigaci\u00f3n seria. En algunos de esos voceros se hace evidente la ignorancia respecto a los temas que manejan; en otros, lo que se publica es, simplemente la utilizaci\u00f3n de citas fragmentarias. En ambos casos se distorsionan las ideas de los autores cl\u00e1sicos, produciendo una desinformaci\u00f3n en el sentido t\u00e9cnico de la palabra. Todo ello al servicio de quienes les pagan. Dice Wikipedia al respecto:<\/p>\n<p style=\"text-align: justify; padding-left: 30px;\">\u00abLa desinformaci\u00f3n, tambi\u00e9n llamada manipulaci\u00f3n informativa o manipulaci\u00f3n medi\u00e1tica, es la acci\u00f3n y efecto de procurar en los sujetos el desconocimiento o ignorancia y evitar la circulaci\u00f3n o divulgaci\u00f3n del conocimiento de datos, argumentos, noticias o informaci\u00f3n que no sea favorable a quien desea desinformar\u00bb.<\/p>\n<p style=\"text-align: justify;\">Es muy \u00fatil la lectura del texto http:\/\/www.infoamerica.org\/teoria_articulos\/chomsky7.htm) para una mayor claridad en una exposici\u00f3n m\u00e1s detallada. Si abundo en recomendaci\u00f3n de lecturas es porque sospecho que lo que va apareciendo puede sorprender al ciudadano de a pie. E insisto en la importancia de tomar conciencia acerca de la gravedad de la manipulaci\u00f3n de la opini\u00f3n p\u00fablica que el investigador y acad\u00e9mico Noam Chomsky denuncia en el texto citado. Recurro al Doctor Ren\u00e1n Vega Cantor, historiador y profesor de la Universidad Pedag\u00f3gica Nacional, Bogot\u00e1, Colombia, para continuar analizando las maniobras ideol\u00f3gicas con las cuales se desarrollan este tipo de operaciones informativas:<\/p>\n<p style=\"text-align: justify; padding-left: 30px;\">\u00abPara que todas estas falacias se impongan se hace necesario cortar los v\u00ednculos de los seres humanos con la historia, o mejor dicho, negar que nosotros somos seres hist\u00f3ricos, que estamos anclados al mismo tiempo en el pasado, el presente y el futuro, y que en el pasado relucen los destellos de proyectos y alternativas de los vencidos que iluminan el futuro, para que el presente no aparezca como una fatalidad que tenemos que aceptar y contra la cual nada podemos hacer\u00bb.<\/p>\n<p style=\"text-align: justify;\">No estoy proponiendo una tarea f\u00e1cil, pero estoy convencido que la etapa en la que estamos entrando en el proceso globalizador puede acarrear consecuencias de las que podr\u00edan demandar largas d\u00e9cadas poder reparar los da\u00f1os sufridos. Es posible que el lector se sorprenda con lo que lee, puede hacerle pensar que lo que escribo es el fruto de mi escepticismo o de tendencias apocal\u00edpticas. Le sugiero que se retrotraiga hasta comienzos de este siglo y, parado all\u00ed, se deje llevar por un juego de adivinaci\u00f3n y se responda: \u00bfPueden repetirse en Europa los procesos que padeci\u00f3 Am\u00e9rica Latina? Despu\u00e9s repase con la mirada el cataclismo social que hoy muestra una parte importante de pa\u00edses del sur de esa regi\u00f3n.<\/p>\n","protected":false},"excerpt":{"rendered":"<p>La batalla cultural, mencionada en la nota anterior, impone una actitud que podr\u00eda denominarse de estudio, o de lectura de algunos textos necesarios para arrojar una luz que disperse las tinieblas con las que los medios concentrados enturbian nuestro entendimiento. Un texto muy \u00fatil es el que nos ofrece el Dr. David Casassas, Profesor e [&hellip;]<\/p>\n","protected":false},"author":1,"featured_media":0,"comment_status":"open","ping_status":"open","sticky":false,"template":"","format":"standard","meta":{"footnotes":""},"categories":[1],"tags":[],"class_list":["post-1752","post","type-post","status-publish","format-standard","hentry","category-sin-categoria"],"_links":{"self":[{"href":"https:\/\/ricardovicentelopez.com.ar\/index.php?rest_route=\/wp\/v2\/posts\/1752","targetHints":{"allow":["GET"]}}],"collection":[{"href":"https:\/\/ricardovicentelopez.com.ar\/index.php?rest_route=\/wp\/v2\/posts"}],"about":[{"href":"https:\/\/ricardovicentelopez.com.ar\/index.php?rest_route=\/wp\/v2\/types\/post"}],"author":[{"embeddable":true,"href":"https:\/\/ricardovicentelopez.com.ar\/index.php?rest_route=\/wp\/v2\/users\/1"}],"replies":[{"embeddable":true,"href":"https:\/\/ricardovicentelopez.com.ar\/index.php?rest_route=%2Fwp%2Fv2%2Fcomments&post=1752"}],"version-history":[{"count":2,"href":"https:\/\/ricardovicentelopez.com.ar\/index.php?rest_route=\/wp\/v2\/posts\/1752\/revisions"}],"predecessor-version":[{"id":1754,"href":"https:\/\/ricardovicentelopez.com.ar\/index.php?rest_route=\/wp\/v2\/posts\/1752\/revisions\/1754"}],"wp:attachment":[{"href":"https:\/\/ricardovicentelopez.com.ar\/index.php?rest_route=%2Fwp%2Fv2%2Fmedia&parent=1752"}],"wp:term":[{"taxonomy":"category","embeddable":true,"href":"https:\/\/ricardovicentelopez.com.ar\/index.php?rest_route=%2Fwp%2Fv2%2Fcategories&post=1752"},{"taxonomy":"post_tag","embeddable":true,"href":"https:\/\/ricardovicentelopez.com.ar\/index.php?rest_route=%2Fwp%2Fv2%2Ftags&post=1752"}],"curies":[{"name":"wp","href":"https:\/\/api.w.org\/{rel}","templated":true}]}}